{"id":14218,"date":"2023-11-16T17:38:08","date_gmt":"2023-11-16T14:38:08","guid":{"rendered":"https:\/\/antofapop.cl\/?p=14218"},"modified":"2023-11-16T17:38:09","modified_gmt":"2023-11-16T14:38:09","slug":"mila-meza-combina-soul-rb-pop-y-la-musica-urbana","status":"publish","type":"post","link":"https:\/\/antofapop.cl\/index.php\/2023\/11\/16\/mila-meza-combina-soul-rb-pop-y-la-musica-urbana\/","title":{"rendered":"Mila Meza, combina soul, R&#038;B, pop y la m\u00fasica urbana"},"content":{"rendered":"<div class='booster-block booster-read-block'>\n                <div class=\"twp-read-time\">\n                \t<i class=\"booster-icon twp-clock\"><\/i> <span>Tiempo de Lectura:<\/span>1 Minutos, 4 Segundos                <\/div>\n\n            <\/div>\n<p>Mila Meza, cantante y compositora chilena, oriunda de la quinta regi\u00f3n,&nbsp;comenz\u00f3 su carrera el a\u00f1o 2020 de la mano de su primer lanzamiento \u201cAturdida\u201d grabado de manera autogestionada. Desde entonces su carrera a ido en ascenso destacandose desde siempre por una est\u00e9tica bien definida bajo la producci\u00f3n de Cancino Producciones. Su m\u00fasica mezcla g\u00e9neros como el soul, r&amp;b, pop y elementos de la m\u00fasica urbana.<\/p>\n\n\n\n<p>El pasado a\u00f1o 2022 estren\u00f3 su primer EP titulado \u201c4 Paredes\u201d que nos muestra 4 canciones que nos permiten conocer a\u00fan m\u00e1s a la artista y con el cual se a comenzado a posicionar en la industria como una de las voces del r&amp;b y soul Chileno.&nbsp;<\/p>\n\n\n\n<p>Actualmente la artista se encuentra&nbsp;realizando un&nbsp;<strong>CROWDFUNDING<\/strong>&nbsp;para su&nbsp;<strong>&#8220;EP NAVIDE\u00d1O&#8221;,&nbsp;<\/strong>este fondo estar\u00e1 abierto hasta el pr\u00f3ximo 25 de diciembre y todos quienes deseen&nbsp;pueden ser parte de esta producci\u00f3n haciendo sus aportes en&nbsp;<a href=\"https:\/\/instagram.us6.list-manage.com\/track\/click?u=6d83d084185255fcfa62957f3&amp;id=30dc88f93b&amp;e=c89b6ec45d\" target=\"_blank\" rel=\"noreferrer noopener\"><strong>P<\/strong><\/a><a href=\"https:\/\/instagram.us6.list-manage.com\/track\/click?u=6d83d084185255fcfa62957f3&amp;id=e90ac15770&amp;e=c89b6ec45d\" target=\"_blank\" rel=\"noreferrer noopener\"><strong>ORTALDISC &#8220;MILA MEZA&#8221; CROWDFUNDING<\/strong><\/a><\/p>\n\n\n\n<p>Encuentra toda la m\u00fasica de &#8220;Mila Meza&#8221; \u00a0disponible en plataformas digitales y videoclip oficial en el canal de youtube de la artista.<\/p>\n\n\n\n<figure class=\"wp-block-embed is-type-video is-provider-youtube wp-block-embed-youtube wp-embed-aspect-16-9 wp-has-aspect-ratio\"><div class=\"wp-block-embed__wrapper\">\n<iframe loading=\"lazy\" title=\"BOY - RHIA (Video Oficial)\" width=\"500\" height=\"281\" src=\"https:\/\/www.youtube.com\/embed\/qEiw-OoLDxg?feature=oembed\" frameborder=\"0\" allow=\"accelerometer; autoplay; clipboard-write; encrypted-media; gyroscope; picture-in-picture; web-share\" referrerpolicy=\"strict-origin-when-cross-origin\" allowfullscreen><\/iframe>\n<\/div><\/figure>\n\n\n\n<figure class=\"wp-block-embed is-type-rich is-provider-spotify wp-block-embed-spotify wp-embed-aspect-21-9 wp-has-aspect-ratio\"><div class=\"wp-block-embed__wrapper\">\n<iframe title=\"Spotify Embed: Mila Meza\" style=\"border-radius: 12px\" width=\"100%\" height=\"352\" frameborder=\"0\" allowfullscreen allow=\"autoplay; clipboard-write; encrypted-media; fullscreen; picture-in-picture\" loading=\"lazy\" src=\"https:\/\/open.spotify.com\/embed\/artist\/5jZHx4WtXiTeX9NWYZBOJs?si=2PF_vnodSOKqOh46P-Uoeg&#038;nd=1&#038;utm_source=oembed\"><\/iframe>\n<\/div><\/figure>\n\n\n\n<figure class=\"wp-block-embed is-type-video is-provider-youtube wp-block-embed-youtube wp-embed-aspect-16-9 wp-has-aspect-ratio\"><div class=\"wp-block-embed__wrapper\">\n<iframe loading=\"lazy\" title=\"BUSC\u00c1NDOTE - RHIA (Video Lyrisc)\" width=\"500\" height=\"281\" src=\"https:\/\/www.youtube.com\/embed\/-yBXbwCF_mw?feature=oembed\" frameborder=\"0\" allow=\"accelerometer; autoplay; clipboard-write; encrypted-media; gyroscope; picture-in-picture; web-share\" referrerpolicy=\"strict-origin-when-cross-origin\" allowfullscreen><\/iframe>\n<\/div><\/figure>\n","protected":false},"excerpt":{"rendered":"<p>Mila Meza, cantante y compositora chilena, oriunda de la quinta regi\u00f3n,&nbsp;comenz\u00f3 su carrera el a\u00f1o 2020 de la mano de su primer lanzamiento \u201cAturdida\u201d grabado de manera autogestionada. Desde entonces&hellip;<\/p>\n","protected":false},"author":1,"featured_media":14219,"comment_status":"closed","ping_status":"closed","sticky":false,"template":"","format":"standard","meta":{"_monsterinsights_skip_tracking":false,"_monsterinsights_sitenote_active":false,"_monsterinsights_sitenote_note":"","_monsterinsights_sitenote_category":0,"footnotes":""},"categories":[3],"tags":[8392,214,95,943,1893,54],"class_list":["post-14218","post","type-post","status-publish","format-standard","has-post-thumbnail","hentry","category-musica-chilena","tag-mila","tag-musica","tag-pop","tag-rb","tag-soul","tag-urbana"],"_links":{"self":[{"href":"https:\/\/antofapop.cl\/index.php\/wp-json\/wp\/v2\/posts\/14218"}],"collection":[{"href":"https:\/\/antofapop.cl\/index.php\/wp-json\/wp\/v2\/posts"}],"about":[{"href":"https:\/\/antofapop.cl\/index.php\/wp-json\/wp\/v2\/types\/post"}],"author":[{"embeddable":true,"href":"https:\/\/antofapop.cl\/index.php\/wp-json\/wp\/v2\/users\/1"}],"replies":[{"embeddable":true,"href":"https:\/\/antofapop.cl\/index.php\/wp-json\/wp\/v2\/comments?post=14218"}],"version-history":[{"count":1,"href":"https:\/\/antofapop.cl\/index.php\/wp-json\/wp\/v2\/posts\/14218\/revisions"}],"predecessor-version":[{"id":14220,"href":"https:\/\/antofapop.cl\/index.php\/wp-json\/wp\/v2\/posts\/14218\/revisions\/14220"}],"wp:featuredmedia":[{"embeddable":true,"href":"https:\/\/antofapop.cl\/index.php\/wp-json\/wp\/v2\/media\/14219"}],"wp:attachment":[{"href":"https:\/\/antofapop.cl\/index.php\/wp-json\/wp\/v2\/media?parent=14218"}],"wp:term":[{"taxonomy":"category","embeddable":true,"href":"https:\/\/antofapop.cl\/index.php\/wp-json\/wp\/v2\/categories?post=14218"},{"taxonomy":"post_tag","embeddable":true,"href":"https:\/\/antofapop.cl\/index.php\/wp-json\/wp\/v2\/tags?post=14218"}],"curies":[{"name":"wp","href":"https:\/\/api.w.org\/{rel}","templated":true}]}}