{"id":14302,"date":"2023-11-22T17:38:02","date_gmt":"2023-11-22T14:38:02","guid":{"rendered":"https:\/\/antofapop.cl\/?p=14302"},"modified":"2023-11-30T18:47:45","modified_gmt":"2023-11-30T15:47:45","slug":"estudiantes-de-maria-elena-san-pedro-de-atacama-y-antofagasta-se-reunen-para-compartir-experiencias-en-educacion-artistica","status":"publish","type":"post","link":"https:\/\/antofapop.cl\/index.php\/2023\/11\/22\/estudiantes-de-maria-elena-san-pedro-de-atacama-y-antofagasta-se-reunen-para-compartir-experiencias-en-educacion-artistica\/","title":{"rendered":"<strong>Estudiantes de Mar\u00eda Elena, San Pedro de Atacama y Antofagasta se re\u00fanen para compartir experiencias en Educaci\u00f3n Art\u00edstica<\/strong>"},"content":{"rendered":"<div class='booster-block booster-read-block'>\n                <div class=\"twp-read-time\">\n                \t<i class=\"booster-icon twp-clock\"><\/i> <span>Tiempo de Lectura:<\/span>3 Minutos, 18 Segundos                <\/div>\n\n            <\/div>\n<p><strong><em>Lakitas de Camar, Coro, Teatro y Grabado de diversas comunas de la regi\u00f3n fueron parte de la actividad, que demostr\u00f3 la importancia de la Educaci\u00f3n Art\u00edstica en la etapa escolar y educaci\u00f3n formal de las y los estudiantes.<\/em><\/strong><\/p>\n\n\n\n<p>Para compartir cuatro experiencias de Educaci\u00f3n Art\u00edstica relacionadas con M\u00fasica, Artes Visuales y Teatro, estudiantes de las comunas de Mar\u00eda Elena, Antofagasta y localidad de Camar de la comuna de San Pedro de Atacama, adem\u00e1s de docentes y artistas educadores, participaron de la VII Jornada de \u201cEncuentro de experiencias de estudiantes en Educaci\u00f3n Art\u00edstica\u201d, actividad desarrollada recientemente en dependencias del Centro de Creaci\u00f3n, Cecrea Antofagasta.<\/p>\n\n\n\n<p>La jornada estuvo llena de divertidas experiencias, donde cada grupo de estudiantes, docentes y artistas educadores, mostraron las diversas pr\u00e1cticas de Educaci\u00f3n Art\u00edstica que llevaron a cabo este a\u00f1o en sus establecimientos educacionales, con el objetivo de hacer part\u00edcipes a todos y todas de las actividades, reflejando la importancia que posee la educaci\u00f3n art\u00edstica en la etapa escolar y eduaci\u00f3n formal.<\/p>\n\n\n\n<p>Es as\u00ed que presentaron sus experiencias los Lakitas de la escuela de Camar, localidad del mismo nombre que pertenece a la comuna de San Pedro de Atacama, el Coro de la escuela Arturo P\u00e9rez Canto de la comuna de Mar\u00eda Elena, la academia de Teatro del Instituto Superior de Comercio de Antofagasta y el proyecto de Grabado del programa Acciona de la escuela Humberto Gonz\u00e1lez Echegoyen de Antofagasta.<\/p>\n\n\n\n<p>Durante la actividad, el seremi de las Culturas, las Artes y el Patrimonio, Claudio Lagos Guti\u00e9rrez, manifest\u00f3 que \u201cla Educaci\u00f3n Art\u00edstica es fundamental a la hora de desarrollar de manera integral a nuestros ni\u00f1os, ni\u00f1as y adolescentes, por lo tanto, estos programas nos permiten poder generar espacios de convergencia, de poder desarrollar, pero por sobre todo, de mejorar la calidad humana y de vida de nuestros ni\u00f1os, ni\u00f1as y adolescentes\u201d.<\/p>\n\n\n\n<p><strong>Estudiantes<\/strong><\/p>\n\n\n\n<p>La generaci\u00f3n de amistades y el conocimiento de nuevas experiencias de arte fueron las opiniones que destacaron las y los participantes, tal como lo se\u00f1al\u00f3 la estudiante Isabela Poblete de la comuna de Mar\u00eda Elena. \u201cEsta experiencia me pareci\u00f3 s\u00faper buena porque convivimos con otros estudiantes e hicimos un dise\u00f1o que nos ense\u00f1aron a hacer, adem\u00e1s de otras actividades divertidas que nos ayudaron a descubrir nuevas cosas\u201d.<\/p>\n\n\n\n<p>\u201cNosotros desde Mar\u00eda Elena trajimos la academia de canto y coro, quien nos ense\u00f1a y nos explica todo es el profesor V\u00edctor Lazo y con mis compa\u00f1eras cantamos varias canciones\u201d agreg\u00f3 la estudiante.<\/p>\n\n\n\n<p>En tanto, Ignacio Tejerina Reyes, de la escuela de Camar se\u00f1al\u00f3 que \u201cme pareci\u00f3 todo bonito porque hice nuevos amigos e hicimos muchas actividades, como por ejemplo la de hoja y el cart\u00f3n, y vinimos a presentar nuestra cultura y tradici\u00f3n porque nosotros en todas las fiestas de la escuela tocamos. Me pareci\u00f3 bonito venir ac\u00e1 y que sea sin percusi\u00f3n, porque igual pudimos hacer sonar las zampo\u00f1as y bailar\u201d.<\/p>\n\n\n\n<p>Positiva opini\u00f3n tambi\u00e9n expres\u00f3 Valentina Fern\u00e1ndez de la academia de coro de Mar\u00eda Elena. \u201cEsta jornada me pareci\u00f3 muy buena, entretenida y divertida. Me llevo buenos amigos, entretenida experiencia y por supuesto, espero que se vuelva a repetir\u201d.<\/p>\n\n\n\n<p>Finalmente, el estudiante del Instituto Superior de Comercio de Antofagasta, Jhoel Palenque, indic\u00f3 que \u201cesta experiencia me pareci\u00f3 muy buena porque hicimos muchas cosas, me divert\u00ed, conoc\u00ed otros contextos de liceos art\u00edsticos y me gust\u00f3 mucho vivir esto\u201d.<\/p>\n\n\n\n<p>Cabe destacar que VII Jornada de \u201cEncuentro de experiencias de estudiantes en Educaci\u00f3n Art\u00edstica\u201d, forma parte del plan de trabajo de la Mesa Regional de Educaci\u00f3n Art\u00edstica, que coordina la Seremi de las Culturas, las Artes y el Patrimonio, en alianza con la Seremi de Educaci\u00f3n, en la cual participan diversas entidades p\u00fablicas y privadas como la Subsecretaria de Educaci\u00f3n Parvularia, Artequ\u00edn Antofagasta, liceo art\u00edstico Armando Carrera, liceo Experimental Art\u00edstico de Antofagasta, Corporaci\u00f3n Cultural de Antofagasta, Fundaci\u00f3n Minera Escondida, escuela de Educaci\u00f3n de universidad Cat\u00f3lica del Norte, centro cultural Estaci\u00f3n Antofagasta, Balmaceda Arte Joven y programas Cecrea y Acciona del Ministerio de las Culturas, las Artes y el Patrimonio.<\/p>\n","protected":false},"excerpt":{"rendered":"<p>Lakitas de Camar, Coro, Teatro y Grabado de diversas comunas de la regi\u00f3n fueron parte de la actividad, que demostr\u00f3 la importancia de la Educaci\u00f3n Art\u00edstica en la etapa escolar&hellip;<\/p>\n","protected":false},"author":1,"featured_media":14303,"comment_status":"closed","ping_status":"closed","sticky":false,"template":"","format":"standard","meta":{"_monsterinsights_skip_tracking":false,"_monsterinsights_sitenote_active":false,"_monsterinsights_sitenote_note":"","_monsterinsights_sitenote_category":0,"footnotes":""},"categories":[178,2405],"tags":[28,472,2238,268,1430,519,4610,5932,3018],"class_list":["post-14302","post","type-post","status-publish","format-standard","has-post-thumbnail","hentry","category-arte-cultura","category-region","tag-artistica","tag-educacion","tag-elena","tag-estudiantes","tag-experiencias","tag-maria","tag-maria-elena","tag-san-pedro","tag-san-pedro-de-atacama"],"_links":{"self":[{"href":"https:\/\/antofapop.cl\/index.php\/wp-json\/wp\/v2\/posts\/14302"}],"collection":[{"href":"https:\/\/antofapop.cl\/index.php\/wp-json\/wp\/v2\/posts"}],"about":[{"href":"https:\/\/antofapop.cl\/index.php\/wp-json\/wp\/v2\/types\/post"}],"author":[{"embeddable":true,"href":"https:\/\/antofapop.cl\/index.php\/wp-json\/wp\/v2\/users\/1"}],"replies":[{"embeddable":true,"href":"https:\/\/antofapop.cl\/index.php\/wp-json\/wp\/v2\/comments?post=14302"}],"version-history":[{"count":1,"href":"https:\/\/antofapop.cl\/index.php\/wp-json\/wp\/v2\/posts\/14302\/revisions"}],"predecessor-version":[{"id":14304,"href":"https:\/\/antofapop.cl\/index.php\/wp-json\/wp\/v2\/posts\/14302\/revisions\/14304"}],"wp:featuredmedia":[{"embeddable":true,"href":"https:\/\/antofapop.cl\/index.php\/wp-json\/wp\/v2\/media\/14303"}],"wp:attachment":[{"href":"https:\/\/antofapop.cl\/index.php\/wp-json\/wp\/v2\/media?parent=14302"}],"wp:term":[{"taxonomy":"category","embeddable":true,"href":"https:\/\/antofapop.cl\/index.php\/wp-json\/wp\/v2\/categories?post=14302"},{"taxonomy":"post_tag","embeddable":true,"href":"https:\/\/antofapop.cl\/index.php\/wp-json\/wp\/v2\/tags?post=14302"}],"curies":[{"name":"wp","href":"https:\/\/api.w.org\/{rel}","templated":true}]}}