{"id":14309,"date":"2023-11-23T17:28:04","date_gmt":"2023-11-23T14:28:04","guid":{"rendered":"https:\/\/antofapop.cl\/?p=14309"},"modified":"2023-11-30T18:48:13","modified_gmt":"2023-11-30T15:48:13","slug":"maria-compas-estrena-videoclip-kinesfera","status":"publish","type":"post","link":"https:\/\/antofapop.cl\/index.php\/2023\/11\/23\/maria-compas-estrena-videoclip-kinesfera\/","title":{"rendered":"Mar\u00eda Comp\u00e1s\u00a0<strong>estrena videoclip \u201cKinesfera\u201d<\/strong>"},"content":{"rendered":"<div class='booster-block booster-read-block'>\n                <div class=\"twp-read-time\">\n                \t<i class=\"booster-icon twp-clock\"><\/i> <span>Tiempo de Lectura:<\/span>4 Minutos, 21 Segundos                <\/div>\n\n            <\/div>\n<p><em><strong>La multifac\u00e9tica artista estrena su m\u00e1s reciente producci\u00f3n audiovisual, en la que combina ritmos modernos, en una forma de volver al cuerpo para sonar, bailar para cantar y cantar para bailar, con letras po\u00e9ticasy&nbsp;sonoridades profundas.<\/strong><\/em><\/p>\n\n\n\n<p><strong>Mar\u00eda Comp\u00e1s,&nbsp;<\/strong>escritora, compositora y cantante nacional,&nbsp;quien destaca por fusionar el indie-rap alternativo en sus canciones, presenta el videoclip de \u201c<strong>Kinesfera\u201d<\/strong>, primer sencillo del \u00e1lbum titulado con el&nbsp;mismo nombre. Junto con el lanzamiento de este trabajo audiovisual, la artista celebra un exitoso paso por el&nbsp;<strong>Festival Internacional de Unirock alternativo FIURA,&nbsp;<\/strong>el que tuvo lugar los d\u00edas<strong>&nbsp;12 y 13<\/strong>&nbsp;de octubre en la ciudad de&nbsp;<strong>Cali (Colombia),<\/strong>&nbsp;siendo en este, elogiada por la prensa y el p\u00fablico asistente.<\/p>\n\n\n\n<p>El videoclip de&nbsp;<strong>\u201cKinesfera\u201d<\/strong>, estrenado el 5 de octubre pasado, hace alusi\u00f3n a un cuerpo alterado, quebrado por la intromisi\u00f3n social, en el que<strong>&nbsp;Mar\u00eda Comp\u00e1s&nbsp;<\/strong>se resiste a la interacci\u00f3n con seres andr\u00f3ginos que le insisten en incorporarse a un baile colectivo.<\/p>\n\n\n\n<p><strong>\u201cKinesfera\u201d&nbsp;<\/strong>es una met\u00e1fora del espacio \u00edntimo, de un espacio personal inscrito dentro de una esfera social de la que no se puede huir jam\u00e1s, es una burbuja imaginaria, un mundo hipot\u00e9tico, un cuerpo interior siempre en movimiento, un cuerpo que cuestiona los estereotipos del marketing musical, un cuerpo que en su danza recupera su dulce monstruosidad.&nbsp;<\/p>\n\n\n\n<p><strong><em>\u201cMi b\u00fasqueda musical y sonora est\u00e1 siempre en proceso, mont\u00e1ndose y desmont\u00e1dose a s\u00ed misma, quebrando sus espacios de confort, generando fisuras para permitir que emerjan nuevas direcciones, nuevas posibilidades, nuevos ruidos, nuevos hallazgos y desv\u00edos\u201d,<\/em><\/strong>&nbsp;explica la artista.<\/p>\n\n\n\n<p>El videoclip fue grabado en las laderas del r\u00edo&nbsp;<strong>Caut\u00edn, Temuco\/Wallmapu<\/strong>, territorio que actualmente habita la cantautora. La producci\u00f3n audiovisual estuvo a cargo de&nbsp;<strong>Erick Kellinghusen<\/strong>&nbsp;y cont\u00f3 con la participaci\u00f3n de&nbsp;<strong>Insistencia Colectiva,&nbsp;<\/strong>grupo transdisciplinar de artistas y creadores de las artes vivas de la&nbsp;<strong>Regi\u00f3n de la Araucan\u00eda\/Wallmapu;<\/strong>&nbsp;integrado por&nbsp;<strong>B\u00e1rbara Gajardo, Jorge Volpi, Esteban Canales, Alex Sanzana, Loreto Garc\u00eda, Julia Bravo, Javiera Guarda<\/strong>. El trabajo de dicha colectiva, tiene&nbsp;el fin de llevar a cabo procesos de exploraci\u00f3n corporal, investigaci\u00f3n art\u00edstica para la composici\u00f3n, creaci\u00f3n y producci\u00f3n de&nbsp;<strong>\u201coperaciones\u201d,<\/strong>&nbsp;que se configuran como hitos que demarcan una obra siempre en proceso:<strong>&nbsp;\u201cTras-plantadxs\u201d.<\/strong><\/p>\n\n\n\n<figure class=\"wp-block-embed is-type-video is-provider-youtube wp-block-embed-youtube wp-embed-aspect-16-9 wp-has-aspect-ratio\"><div class=\"wp-block-embed__wrapper\">\n<iframe loading=\"lazy\" title=\"Mar\u00eda Comp\u00e1s &amp; Insistencia Colektiva - Kinesfera (video oficial)\" width=\"500\" height=\"281\" src=\"https:\/\/www.youtube.com\/embed\/CeHsM5GIfAk?feature=oembed\" frameborder=\"0\" allow=\"accelerometer; autoplay; clipboard-write; encrypted-media; gyroscope; picture-in-picture; web-share\" referrerpolicy=\"strict-origin-when-cross-origin\" allowfullscreen><\/iframe>\n<\/div><\/figure>\n\n\n\n<p>Actualmente prepara el lanzamiento de su segundo \u00e1lbum titulado&nbsp;<strong>&#8220;Kinesfera\u201d<\/strong>, el que ser\u00e1 liberado el pr\u00f3ximo&nbsp;<strong>15 de diciembre.&nbsp;<\/strong>Esta vez se trata de un&nbsp;<strong>Ep de rap electro-experimental,<\/strong>&nbsp;en el que confluye<strong>&nbsp;el rap con la electropop experimental y la poes\u00eda sonora.<\/strong>&nbsp;Esta nueva obra, cont\u00f3 con la co-creaci\u00f3n de la misma artista junto a&nbsp;<strong>Anth\u00ef (compositore y productore),<\/strong>&nbsp;qui\u00e9n adem\u00e1s, estuvo a cargo de la producci\u00f3n general del primer&nbsp;\u00e1lbum de estudio, obra que ver\u00e1 la luz con 7 tracks, remarcando&nbsp;<strong>sonoridades modernas, con melod\u00edas y ritmos bailables<\/strong>, prometiendo cautivar a sus<strong>&nbsp;<\/strong>seguidores.<\/p>\n\n\n\n<p>Por otro lado,&nbsp;<strong>Mar\u00eda Comp\u00e1s<\/strong>&nbsp;particip\u00f3 durante los&nbsp;<strong>d\u00edas 12 y 13 de octubre,&nbsp;<\/strong>en la versi\u00f3n&nbsp;<strong>n\u00ba15 del Festival Internacional de Unirock alternativo FIURA en la ciudad de Cali (Colombia),<\/strong>&nbsp;transform\u00e1ndose en una experiencia muy significativa en su ruta musical, en la que se enfrent\u00f3 a gratos desaf\u00edos interactuando con un p\u00fablico distinto al que suele&nbsp;frecuentar, el que se mostr\u00f3 muy receptivo a las letras de sus canciones y al desarrollo de la presentaci\u00f3n.&nbsp;<\/p>\n\n\n\n<p>Era la \u00fanica propuesta solista de la programaci\u00f3n y eso se volv\u00eda desafiante en un ambiente integrado por bandas potentes.&nbsp;<strong>\u201cNo era tarea f\u00e1cil llenar el escenario con un s\u00f3lo cuerpo en acci\u00f3n, pero felizmente se logr\u00f3 y lo disfrut\u00e9 mucho. Espero con ansias volver en un corto plazo a las vibrantes tierras colombianas\u201d,<\/strong>&nbsp;sentencia la artista.<\/p>\n\n\n\n<p><strong>Sobre Mar\u00eda Comp\u00e1s:&nbsp;<\/strong><\/p>\n\n\n\n<p><strong>Mar\u00eda Comp\u00e1s<\/strong>&nbsp;es un proyecto solista, localizado actualmente en el sur de Chile, que oscila entre el i<strong>ndie-rap y el rap alternativo<\/strong>&nbsp;de contenido cr\u00edtico y reflexivo. La artista&nbsp;tambi\u00e9n ejerce el oficio de la&nbsp;<strong>escritura po\u00e9tica<\/strong>&nbsp;contando con la publicaci\u00f3n de algunos libros y varios reconocimientos literarios a nivel&nbsp;<strong>nacional e internacional<\/strong>. Recientemente lanz\u00f3 el libro de poes\u00eda \u201c<strong>Terps\u00edcore\u201d (editorial Pez Espiral)<\/strong>, poemario que ha recibido diversos reconocimientos literarios y del cual la autora\/compositora recoge fragmentos po\u00e9ticos que son parte de su m\u00e1s reciente single&nbsp;<strong>\u201cKinesfera\u201d.<\/strong><br><br><strong>El 2019<\/strong>&nbsp;lanza su primer single<strong>&nbsp;&#8220;Vendaval&#8221;&nbsp;<\/strong>y su primer<strong>&nbsp;Ep de rap instrumental &#8220;Contrafinal&#8221;.&nbsp;<\/strong><br><br><strong>El 2022 Mar\u00eda&nbsp;Comp\u00e1s<\/strong>&nbsp;fue ganadora de&nbsp;<strong>Escuelas de Rock<\/strong>&nbsp;en representaci\u00f3n de&nbsp;<strong>La Araucan\u00eda,<\/strong>&nbsp;lo que la llev\u00f3 a participar en el&nbsp;<strong>Festival Nacional Rock\u00f3dromo de Valpara\u00edso 2022<\/strong>, participaci\u00f3n que la ha llevado a la \u201c<strong>15va versi\u00f3n del Festival Internacional Unirock Alternativo (FIURA) 2023\u201d (Colombia, octubre 2023)<\/strong>, en representaci\u00f3n de&nbsp;<strong>Escuelas de Rock.<\/strong><\/p>\n\n\n\n<figure class=\"wp-block-embed is-type-rich is-provider-spotify wp-block-embed-spotify wp-embed-aspect-21-9 wp-has-aspect-ratio\"><div class=\"wp-block-embed__wrapper\">\nhttps:\/\/open.spotify.com\/intl-es\/album\/5JXMFsRQyimBYg3aDWkLaV?si=TMN7XHnIS1CrnLx329K7Jw&#038;nd=1&#038;dlsi=f507f48ee85e4d33\n<\/div><\/figure>\n\n\n\n<p>Sigue a&nbsp;&nbsp;en sus redes sociales para no perderte de sus novedades,<strong>&nbsp;<\/strong><a rel=\"noreferrer noopener\" href=\"https:\/\/dualcommunity.us5.list-manage.com\/track\/click?u=79a86e888635868c7967a8ae8&amp;id=fee0e5e20e&amp;e=70f0e16daa\" target=\"_blank\">Instagram<\/a>&nbsp;<a rel=\"noreferrer noopener\" href=\"https:\/\/dualcommunity.us5.list-manage.com\/track\/click?u=79a86e888635868c7967a8ae8&amp;id=3d6ff85cc2&amp;e=70f0e16daa\" target=\"_blank\">Facebook<\/a>&nbsp;<a rel=\"noreferrer noopener\" href=\"https:\/\/dualcommunity.us5.list-manage.com\/track\/click?u=79a86e888635868c7967a8ae8&amp;id=922c132c98&amp;e=70f0e16daa\" target=\"_blank\">Youtube<\/a>&nbsp;<a rel=\"noreferrer noopener\" href=\"https:\/\/dualcommunity.us5.list-manage.com\/track\/click?u=79a86e888635868c7967a8ae8&amp;id=ad3f65df0f&amp;e=70f0e16daa\" target=\"_blank\">Spotify<\/a><\/p>\n\n\n\n<p><\/p>\n","protected":false},"excerpt":{"rendered":"<p>La multifac\u00e9tica artista estrena su m\u00e1s reciente producci\u00f3n audiovisual, en la que combina ritmos modernos, en una forma de volver al cuerpo para sonar, bailar para cantar y cantar para&hellip;<\/p>\n","protected":false},"author":1,"featured_media":14310,"comment_status":"closed","ping_status":"closed","sticky":false,"template":"","format":"standard","meta":{"_monsterinsights_skip_tracking":false,"_monsterinsights_sitenote_active":false,"_monsterinsights_sitenote_note":"","_monsterinsights_sitenote_category":0,"footnotes":""},"categories":[3],"tags":[8240,8241,519,43],"class_list":["post-14309","post","type-post","status-publish","format-standard","has-post-thumbnail","hentry","category-musica-chilena","tag-compas-2","tag-kinesfera","tag-maria","tag-videoclip"],"_links":{"self":[{"href":"https:\/\/antofapop.cl\/index.php\/wp-json\/wp\/v2\/posts\/14309"}],"collection":[{"href":"https:\/\/antofapop.cl\/index.php\/wp-json\/wp\/v2\/posts"}],"about":[{"href":"https:\/\/antofapop.cl\/index.php\/wp-json\/wp\/v2\/types\/post"}],"author":[{"embeddable":true,"href":"https:\/\/antofapop.cl\/index.php\/wp-json\/wp\/v2\/users\/1"}],"replies":[{"embeddable":true,"href":"https:\/\/antofapop.cl\/index.php\/wp-json\/wp\/v2\/comments?post=14309"}],"version-history":[{"count":2,"href":"https:\/\/antofapop.cl\/index.php\/wp-json\/wp\/v2\/posts\/14309\/revisions"}],"predecessor-version":[{"id":14430,"href":"https:\/\/antofapop.cl\/index.php\/wp-json\/wp\/v2\/posts\/14309\/revisions\/14430"}],"wp:featuredmedia":[{"embeddable":true,"href":"https:\/\/antofapop.cl\/index.php\/wp-json\/wp\/v2\/media\/14310"}],"wp:attachment":[{"href":"https:\/\/antofapop.cl\/index.php\/wp-json\/wp\/v2\/media?parent=14309"}],"wp:term":[{"taxonomy":"category","embeddable":true,"href":"https:\/\/antofapop.cl\/index.php\/wp-json\/wp\/v2\/categories?post=14309"},{"taxonomy":"post_tag","embeddable":true,"href":"https:\/\/antofapop.cl\/index.php\/wp-json\/wp\/v2\/tags?post=14309"}],"curies":[{"name":"wp","href":"https:\/\/api.w.org\/{rel}","templated":true}]}}