{"id":14327,"date":"2023-11-23T17:52:06","date_gmt":"2023-11-23T14:52:06","guid":{"rendered":"https:\/\/antofapop.cl\/?p=14327"},"modified":"2023-11-30T18:50:06","modified_gmt":"2023-11-30T15:50:06","slug":"60-mujeres-de-tocopilla-y-maria-elena-comienzan-sus-talleres-de-emprendimiento","status":"publish","type":"post","link":"https:\/\/antofapop.cl\/index.php\/2023\/11\/23\/60-mujeres-de-tocopilla-y-maria-elena-comienzan-sus-talleres-de-emprendimiento\/","title":{"rendered":"<strong>60 mujeres de Tocopilla y Mar\u00eda Elena comienzan sus talleres de emprendimiento<\/strong>"},"content":{"rendered":"<div class='booster-block booster-read-block'>\n                <div class=\"twp-read-time\">\n                \t<i class=\"booster-icon twp-clock\"><\/i> <span>Tiempo de Lectura:<\/span>1 Minutos, 29 Segundos                <\/div>\n\n            <\/div>\n<p>La iniciativa se enmarca por el programa del Fosis \u201cEmprendamos Semilla\u201d que busca que personas que ya tienen una idea de negocio puedan materializarla a trav\u00e9s de capacitaciones y entrega de capitales.<\/p>\n\n\n\n<p>En la casa de la cultura del puerto salitrero, mujeres de la Provincia dieron el vamos a sus talleres donde pudieron conocer el programa acad\u00e9mico y a sus tutores, quienes las acompa\u00f1ar\u00e1n por cerca de 7 meses para entregar las capacitaciones y guiarlas en la creaci\u00f3n de sus negocios.<\/p>\n\n\n\n<p>Esta iniciativa cuenta con la participaci\u00f3n de 60 mujeres, de ellas 51 son de Tocopilla y 9 pertenecen a Mar\u00eda Elena y se capacitar\u00e1n en temas relativos a la educaci\u00f3n financiera, flujo de caja, marketing digital, entre otros t\u00f3picos educativos.<\/p>\n\n\n\n<p>El director regional de Fosis, David Castillo, expres\u00f3 \u201cel programa emprendamos semilla responde a una necesidad que tienen las personas que se traduce en la autonom\u00eda econ\u00f3mica y en la generaci\u00f3n de ingresos con ideas de negocio que apoyamos, creamos y fortalecemos para que cada una de ellas puedan finalmente lograr tener su propio emprendimiento\u201d<\/p>\n\n\n\n<p>En tanto la Seremi de Desarrollo Social y Familia, Berta Torrej\u00f3n, manifest\u00f3 \u201cSin lugar a duda esta es una buena oportunidad para mujeres de ambas comunas que mejorar\u00e1n su condici\u00f3n de vida con la entrega de conocimiento y capitales para instalar y materializar el sue\u00f1o de emprender. Estamos felices con este inicio y esperamos que puedan aprender y en un tiempo m\u00e1s visitar sus emprendimientos\u201d<\/p>\n\n\n\n<p>Emprendamos Semilla cuenta con una duraci\u00f3n de 7 meses y adem\u00e1s de las capacitaciones y acompa\u00f1amiento durante este tiempo, reciben capitales para adquirir bienes e insumos con montos de 460 mil pesos para su inversi\u00f3n.<\/p>\n\n\n\n<p>En total, el programa del Fosis tiene una inyecci\u00f3n de casi 53 millones de pesos en el \u00e1mbito del emprendimiento.<\/p>\n","protected":false},"excerpt":{"rendered":"<p>La iniciativa se enmarca por el programa del Fosis \u201cEmprendamos Semilla\u201d que busca que personas que ya tienen una idea de negocio puedan materializarla a trav\u00e9s de capacitaciones y entrega&hellip;<\/p>\n","protected":false},"author":1,"featured_media":14328,"comment_status":"closed","ping_status":"closed","sticky":false,"template":"","format":"standard","meta":{"_monsterinsights_skip_tracking":false,"_monsterinsights_sitenote_active":false,"_monsterinsights_sitenote_note":"","_monsterinsights_sitenote_category":0,"footnotes":""},"categories":[659,2405],"tags":[2238,524,519,4610,747,498,2242],"class_list":["post-14327","post","type-post","status-publish","format-standard","has-post-thumbnail","hentry","category-emprendimiento","category-region","tag-elena","tag-emprendimiento","tag-maria","tag-maria-elena","tag-mujeres","tag-talleres","tag-tocopilla"],"_links":{"self":[{"href":"https:\/\/antofapop.cl\/index.php\/wp-json\/wp\/v2\/posts\/14327"}],"collection":[{"href":"https:\/\/antofapop.cl\/index.php\/wp-json\/wp\/v2\/posts"}],"about":[{"href":"https:\/\/antofapop.cl\/index.php\/wp-json\/wp\/v2\/types\/post"}],"author":[{"embeddable":true,"href":"https:\/\/antofapop.cl\/index.php\/wp-json\/wp\/v2\/users\/1"}],"replies":[{"embeddable":true,"href":"https:\/\/antofapop.cl\/index.php\/wp-json\/wp\/v2\/comments?post=14327"}],"version-history":[{"count":1,"href":"https:\/\/antofapop.cl\/index.php\/wp-json\/wp\/v2\/posts\/14327\/revisions"}],"predecessor-version":[{"id":14329,"href":"https:\/\/antofapop.cl\/index.php\/wp-json\/wp\/v2\/posts\/14327\/revisions\/14329"}],"wp:featuredmedia":[{"embeddable":true,"href":"https:\/\/antofapop.cl\/index.php\/wp-json\/wp\/v2\/media\/14328"}],"wp:attachment":[{"href":"https:\/\/antofapop.cl\/index.php\/wp-json\/wp\/v2\/media?parent=14327"}],"wp:term":[{"taxonomy":"category","embeddable":true,"href":"https:\/\/antofapop.cl\/index.php\/wp-json\/wp\/v2\/categories?post=14327"},{"taxonomy":"post_tag","embeddable":true,"href":"https:\/\/antofapop.cl\/index.php\/wp-json\/wp\/v2\/tags?post=14327"}],"curies":[{"name":"wp","href":"https:\/\/api.w.org\/{rel}","templated":true}]}}