{"id":14454,"date":"2023-11-30T21:12:14","date_gmt":"2023-11-30T18:12:14","guid":{"rendered":"https:\/\/antofapop.cl\/?p=14454"},"modified":"2023-11-30T21:12:15","modified_gmt":"2023-11-30T18:12:15","slug":"banda-barrio-mestizo-pisara-escenario-de-rockodromo-este-fin-de-semana","status":"publish","type":"post","link":"https:\/\/antofapop.cl\/index.php\/2023\/11\/30\/banda-barrio-mestizo-pisara-escenario-de-rockodromo-este-fin-de-semana\/","title":{"rendered":"<strong>Banda Barrio Mestizo pisar\u00e1 escenario de Rock\u00f3dromo este fin de semana<\/strong>"},"content":{"rendered":"<div class='booster-block booster-read-block'>\n                <div class=\"twp-read-time\">\n                \t<i class=\"booster-icon twp-clock\"><\/i> <span>Tiempo de Lectura:<\/span>3 Minutos, 22 Segundos                <\/div>\n\n            <\/div>\n<p><strong><em>La agrupaci\u00f3n de Antofagasta tendr\u00e1 dos presentaciones en el marco del festival musical, uno de los m\u00e1s importantes del pa\u00eds, que reunir\u00e1 a bandas nacionales e internacionales en la ciudad de Valpara\u00edso.<\/em><\/strong><\/p>\n\n\n\n<p>Con un variado repertorio y todas las ganas de mostrar su m\u00fasica, se encuentra la banda antofagastina \u201cBarrio Mestizo\u201d que este viernes y s\u00e1bado participar\u00e1 de la versi\u00f3n XIX del festival Rock\u00f3dromo de Valpara\u00edso, edici\u00f3n que se anticipa como memorable con la participaci\u00f3n de m\u00e1s de 60 elencos desde todas las regiones del pa\u00eds y desde 6 seis pa\u00edses latinoamericanos, instancia musical organizada por el Ministerio de las Culturas, las Artes y el Patrimonio a trav\u00e9s del programa Escuelas de Rock y M\u00fasica Popular.<\/p>\n\n\n\n<p>Es as\u00ed que la agrupaci\u00f3n musical de la regi\u00f3n de Antofagasta, desde este viernes 1 y hasta el s\u00e1bado 2 de diciembre se presentar\u00e1 con parte de su repertorio musical, tal como lo detall\u00f3 el director de la banda, Emerson Marambio.<\/p>\n\n\n\n<p>\u201cComo banda estamos s\u00faper contentos de representar a la regi\u00f3n de Antofagasta en este festival Rock\u00f3dromo, versi\u00f3n n\u00famero 19. En esta oportunidad tenemos un repertorio bastante variado, ya que vamos a tocar en dos partes, el viernes tocamos a eso de las diez y media de la noche en un centro cultural llamado Piedra Feliz, donde tenemos media hora de show y mostraremos temas m\u00e1s movidos tirados a la bohemia porque van a ver programadores de festivales internacionales y compartiremos con otros m\u00fasicos, tanto nacionales como internacionales\u201d.<\/p>\n\n\n\n<p>\u201cAl d\u00eda siguiente, s\u00e1bado, tocaremos en el escenario Cecilia, la incomparable en Rock\u00f3dromo, ah\u00ed tenemos un show de 20 minutos donde realizaremos un mix de cuatro temas, as\u00ed que esperamos ser dignos representantes de la m\u00fasica regional para esta versi\u00f3n 19 de Rock\u00f3dromo\u201d agreg\u00f3 el m\u00fasico.<\/p>\n\n\n\n<p>Por su parte, el seremi de las Culturas, las Artes y el Patrimonio, Claudio Lagos, destac\u00f3 la participaci\u00f3n de Barrio Mestizo en Rock\u00f3dromo, adem\u00e1s de las instancias y oportunidades de visibilizaci\u00f3n que la banda tendr\u00e1 fuera de la regi\u00f3n de Antofagasta.<\/p>\n\n\n\n<p>\u201cEstamos muy felices y expectantes por la participaci\u00f3n de Barrio Mestizo en el Rock\u00f3dromo 2023 y como ganadores del festival Alicanto y del proceso de Escuelas de Rock de nuestra regi\u00f3n, quienes nos representar\u00e1n en este festival en Valpara\u00edso, as\u00ed que estamos contentos porque es una oportunidad tremenda para visibilizar su trabajo fuera de la regi\u00f3n y sobre todo la exposici\u00f3n que puede haber tambi\u00e9n con productores y productoras a nivel internacional, as\u00ed que mucha fuerza y energ\u00eda para Barrio Mestizo y content\u00edsimos de este proceso que est\u00e1n viviendo\u201d.<\/p>\n\n\n\n<p><strong>Rock\u00f3dromo<\/strong><\/p>\n\n\n\n<p>Las actividades del festival arrancan este jueves 30 de noviembre y se extender\u00e1n hasta el domingo 3 de diciembre. Pero ser\u00e1 durante el fin de semana en que se concentrar\u00e1n las presentaciones musicales, durante las jornadas del s\u00e1bado 2 y domingo 3 de diciembre, todo en el Parque Alejo Barrios (Playa Ancha, a un costado del Estadio Regional El\u00edas Figueroa Brander) de Valpara\u00edso.&nbsp;<\/p>\n\n\n\n<p>\u00c1ngel Parra, Arte Elegante, Malabi Circo, Los Mac&#8217;s, Gepe y Congreso encabezan la jornada del s\u00e1bado 2 de diciembre, que tendr\u00e1 a Lucybell a cargo del cierre. Entre otros, el domingo 3 circular\u00e1n por los distintos escenarios la cantante Nicole, Black Pantera (Brasil), La Tabar\u00e9 (Uruguay), Sinergia Kids y la T\u00eda Pucherito, Tikitiklip, Las Manos de Filippi (Argentina) y Chico Trujillo, agrupaci\u00f3n que al ritmo de la cumbia bajar\u00e1 el tel\u00f3n de esta XIX edici\u00f3n.<\/p>\n\n\n\n<p>A ellos se suman bandas de los procesos formativos de las Escuelas de Rock y M\u00fasica Popular, provenientes de las 16 regiones del pa\u00eds, entre las que se destaca la banda antofagastina \u201cBarrio Mestizo\u201d. Los escenarios Winnipeg y Guagu\u00f3dromo, por otro lado, suman algunos nombres, para una cartelera gestionada en conjunto con el Departamento de Interculturalidad e Inclusi\u00f3n de Migrantes del Ministerio de las Culturas.<\/p>\n\n\n\n<p>El cartel completo para las actividades en el Parque Alejo Barrios y las actividades anexas al festival, como encuentros, charlas y presentaciones en menor formato tipo showcase de algunas de las bandas que se presentar\u00e1n en el Parque Alejo Barrios como \u201cBarrio Mestizo\u201d, se encuentran en <a href=\"http:\/\/www.escuelasderock.cl\">www.escuelasderock.cl<\/a> .<\/p>\n","protected":false},"excerpt":{"rendered":"<p>La agrupaci\u00f3n de Antofagasta tendr\u00e1 dos presentaciones en el marco del festival musical, uno de los m\u00e1s importantes del pa\u00eds, que reunir\u00e1 a bandas nacionales e internacionales en la ciudad&hellip;<\/p>\n","protected":false},"author":1,"featured_media":14455,"comment_status":"closed","ping_status":"closed","sticky":false,"template":"","format":"standard","meta":{"_monsterinsights_skip_tracking":false,"_monsterinsights_sitenote_active":false,"_monsterinsights_sitenote_note":"","_monsterinsights_sitenote_category":0,"footnotes":""},"categories":[2,3],"tags":[32,8457,1641,307,1510,308],"class_list":["post-14454","post","type-post","status-publish","format-standard","has-post-thumbnail","hentry","category-antofagasta","category-musica-chilena","tag-banda","tag-barriomestizo","tag-escenario","tag-fin","tag-rockodromo","tag-semana"],"_links":{"self":[{"href":"https:\/\/antofapop.cl\/index.php\/wp-json\/wp\/v2\/posts\/14454"}],"collection":[{"href":"https:\/\/antofapop.cl\/index.php\/wp-json\/wp\/v2\/posts"}],"about":[{"href":"https:\/\/antofapop.cl\/index.php\/wp-json\/wp\/v2\/types\/post"}],"author":[{"embeddable":true,"href":"https:\/\/antofapop.cl\/index.php\/wp-json\/wp\/v2\/users\/1"}],"replies":[{"embeddable":true,"href":"https:\/\/antofapop.cl\/index.php\/wp-json\/wp\/v2\/comments?post=14454"}],"version-history":[{"count":1,"href":"https:\/\/antofapop.cl\/index.php\/wp-json\/wp\/v2\/posts\/14454\/revisions"}],"predecessor-version":[{"id":14456,"href":"https:\/\/antofapop.cl\/index.php\/wp-json\/wp\/v2\/posts\/14454\/revisions\/14456"}],"wp:featuredmedia":[{"embeddable":true,"href":"https:\/\/antofapop.cl\/index.php\/wp-json\/wp\/v2\/media\/14455"}],"wp:attachment":[{"href":"https:\/\/antofapop.cl\/index.php\/wp-json\/wp\/v2\/media?parent=14454"}],"wp:term":[{"taxonomy":"category","embeddable":true,"href":"https:\/\/antofapop.cl\/index.php\/wp-json\/wp\/v2\/categories?post=14454"},{"taxonomy":"post_tag","embeddable":true,"href":"https:\/\/antofapop.cl\/index.php\/wp-json\/wp\/v2\/tags?post=14454"}],"curies":[{"name":"wp","href":"https:\/\/api.w.org\/{rel}","templated":true}]}}