{"id":14506,"date":"2023-12-08T15:06:15","date_gmt":"2023-12-08T12:06:15","guid":{"rendered":"https:\/\/antofapop.cl\/?p=14506"},"modified":"2023-12-08T15:06:16","modified_gmt":"2023-12-08T12:06:16","slug":"gran-convocatoria-en-primer-conversatorio-cientifico-realizado-por-sqm","status":"publish","type":"post","link":"https:\/\/antofapop.cl\/index.php\/2023\/12\/08\/gran-convocatoria-en-primer-conversatorio-cientifico-realizado-por-sqm\/","title":{"rendered":"Gran convocatoria en Primer Conversatorio Cient\u00edfico realizado por SQM"},"content":{"rendered":"<div class='booster-block booster-read-block'>\n                <div class=\"twp-read-time\">\n                \t<i class=\"booster-icon twp-clock\"><\/i> <span>Tiempo de Lectura:<\/span>3 Minutos, 55 Segundos                <\/div>\n\n            <\/div>\n<p><em><strong>En la ocasi\u00f3n participaron tres expertos con amplia trayectoria que expusieron sobre la tem\u00e1tica de Vegetaci\u00f3n en Ambientes \u00c1ridos. Iniciativa que pudo verse en vivo en todo Chile a trav\u00e9s de las plataformas y redes sociales de la compa\u00f1\u00eda.\u00a0<\/strong><\/em><\/p>\n\n\n\n<p>Con una gran convocatoria SQM realiz\u00f3 su primer Conversatorio Cient\u00edfico, Vegetaci\u00f3n en Ambientes \u00c1ridos, que se desarroll\u00f3 en la plaza de San Pedro de Atacama y que cont\u00f3 con la exposici\u00f3n de destacados expertos: la Magister en Conservaci\u00f3n de Plantas, Ana Sandoval, quien se desempe\u00f1a en el Instituto de Investigaciones Agropecuarias (INIA); el Doctor en Gen\u00e9tica y Biolog\u00eda Celular de la Facultad de Biolog\u00eda de la Universidad&nbsp; Complutense de Madrid, Roberto Contreras, que actualmente se desempe\u00f1a en el Centro Regional de Investigaci\u00f3n y Desarrollo Sustentable de Atacama (CRIDESAT); y&nbsp; Felipe Carevic, acad\u00e9mico e investigador de la Facultad de Recursos Naturales Renovables de la Universidad Arturo Prat y Doctor en Gesti\u00f3n Ambiental de la Universidad de Huelva<\/p>\n\n\n\n<p>El desarrollo de conversatorios cient\u00edficos busca forjar un enlace s\u00f3lido entre la investigaci\u00f3n cient\u00edfica y la comunidad, donde se aborden temas ambientales del territorio, buscando la participaci\u00f3n de las vecinas y vecinos en materias que son de alto inter\u00e9s local y regional.<\/p>\n\n\n\n<p>\u201cQue se puedan gestionar encuentros con cient\u00edficos es muy importante para el territorio, no se da habitualmente, y nos permite a los que estamos interesados en la ciencia y que trabajamos en ciencia, nos permite actualizarnos y conocer los trabajos que est\u00e1n realizando diversos cient\u00edficos\u201d, coment\u00f3 Leticia Gonz\u00e1lez, quien lleg\u00f3 desde Toconao para estar presente en este conversatorio.<\/p>\n\n\n\n<p>Por su parte, Nelson Sarmiento, habitante de San Pedro de Atacama, indic\u00f3 que \u201cme parece una oportunidad muy bella de c\u00f3mo la ciencia ha participado en el territorio, el c\u00f3mo se entiende las diferentes aristas que abarca todo lo que se produce aqu\u00ed en el desierto, como n\u00facleo de conocimiento en diferentes \u00e1reas; tenemos lo m\u00e1s presente que es la astronom\u00eda, pero no es lo \u00fanico, tambi\u00e9n est\u00e1 la arqueolog\u00eda y tambi\u00e9n existe la biolog\u00eda y el clima, todo eso que es muy interesante de aprender y entender\u201d.<\/p>\n\n\n\n<p>Una instancia de relacionamiento que fue destacada por los expositores, quienes buscan acercar m\u00e1s este tipo de tem\u00e1ticas a la comunidad, haci\u00e9ndola entendible y de ayuda para quienes ven en la ciencia una oportunidad para el desarrollo de este territorio.<\/p>\n\n\n\n<p>\u201cYo agradezco mucho la oportunidad de dar a conocer lo que nosotros hacemos. Estas instancias que abren un poco la ciencia y el conocimiento hacia la comunidad son super importantes, porque muchas veces, el trabajo cient\u00edfico queda escrito en documentos, en revistas, pero no sale a la luz, entonces, una manera de sacarlos a la luz es conversando\u201d, se\u00f1al\u00f3 la Mg. Ana Sandoval.<\/p>\n\n\n\n<p>En tanto, el Dr. Roberto Contreras, apunt\u00f3 a que \u201cson instancias que un investigador quiere tener conversatorios con la gente, hablar con ellos y tambi\u00e9n hacer un di\u00e1logo familiar con la parte t\u00e9cnica que nosotros vemos en la ciencia. Estamos muy felices y agradezco estas instancias porque hay una conversaci\u00f3n fluida con la gente porque uno ve el inter\u00e9s que hay\u201d.<\/p>\n\n\n\n<p>Por su parte, el Dr. Felipe Carevic, mencion\u00f3 que \u201cesta instancia es una de las pocas oportunidades que tenemos nosotros para acercarnos con las comunidades, con las personas que est\u00e1n en directa relaci\u00f3n y a nivel diario con la biodiversidad, porque justamente, el conversatorio trat\u00f3 de la flora, de la vegetaci\u00f3n nativa y, me llam\u00f3 mucho la atenci\u00f3n, el alto inter\u00e9s que ten\u00edan las personas asistentes(\u2026)de preguntarnos por determinadas especie o mecanismos biol\u00f3gicos naturales que se dan en el desierto de Atacama, el m\u00e1s \u00e1rido y antiguo del mundo\u201d.<\/p>\n\n\n\n<p>Evento que cumpli\u00f3 por sobre las expectativas y que no s\u00f3lo pudieron participar aquellos que estuvieron presentes en la plaza de San Pedro de Atacama, sino que tambi\u00e9n se transmiti\u00f3 en vivo a trav\u00e9s de las redes sociales de SQM, contando con una alta audiencia por parte de las personas, no s\u00f3lo del territorio, sino que tambi\u00e9n a nivel nacional.<\/p>\n\n\n\n<p>Julio Garc\u00eda, Gerente de Medio Ambiente de SQM, destac\u00f3 este primer conversatorio cient\u00edfico que dej\u00f3 a todos muy conformes con excelentes exposiciones que \u201cacercaron efectivamente el conocimiento en materia de vegetaci\u00f3n en ambientes \u00e1ridos, con ejemplos muy claros para los asistentes y tambi\u00e9n, con una respuesta muy buena del p\u00fablico tanto aqu\u00ed en San Pedro de Atacama como a trav\u00e9s de nuestras redes sociales de SQM, donde se formularon interesantes preguntas que involucran tanto la conservaci\u00f3n de especies vegetales, en su relaci\u00f3n con la agricultura, el turismo, con distintas amenazas que enfrenta este ecosistema que es tan importante y tan fr\u00e1gil a la vez\u201d.&nbsp;&nbsp;<\/p>\n\n\n\n<p>Exitoso primer conversatorio, ya que se programar\u00e1n otros con diferentes tem\u00e1ticas que son de inter\u00e9s de la comunidad.<\/p>\n","protected":false},"excerpt":{"rendered":"<p>En la ocasi\u00f3n participaron tres expertos con amplia trayectoria que expusieron sobre la tem\u00e1tica de Vegetaci\u00f3n en Ambientes \u00c1ridos. Iniciativa que pudo verse en vivo en todo Chile a trav\u00e9s&hellip;<\/p>\n","protected":false},"author":1,"featured_media":14507,"comment_status":"closed","ping_status":"closed","sticky":false,"template":"","format":"standard","meta":{"_monsterinsights_skip_tracking":false,"_monsterinsights_sitenote_active":false,"_monsterinsights_sitenote_note":"","_monsterinsights_sitenote_category":0,"footnotes":""},"categories":[140,3017],"tags":[6000,8473,5,926,522,2240],"class_list":["post-14506","post","type-post","status-publish","format-standard","has-post-thumbnail","hentry","category-ciencia-e-innovacion","category-san-pedro-de-atacama","tag-cientifico","tag-conversartorio","tag-convocatoria","tag-gran","tag-primer","tag-sqm"],"_links":{"self":[{"href":"https:\/\/antofapop.cl\/index.php\/wp-json\/wp\/v2\/posts\/14506"}],"collection":[{"href":"https:\/\/antofapop.cl\/index.php\/wp-json\/wp\/v2\/posts"}],"about":[{"href":"https:\/\/antofapop.cl\/index.php\/wp-json\/wp\/v2\/types\/post"}],"author":[{"embeddable":true,"href":"https:\/\/antofapop.cl\/index.php\/wp-json\/wp\/v2\/users\/1"}],"replies":[{"embeddable":true,"href":"https:\/\/antofapop.cl\/index.php\/wp-json\/wp\/v2\/comments?post=14506"}],"version-history":[{"count":1,"href":"https:\/\/antofapop.cl\/index.php\/wp-json\/wp\/v2\/posts\/14506\/revisions"}],"predecessor-version":[{"id":14508,"href":"https:\/\/antofapop.cl\/index.php\/wp-json\/wp\/v2\/posts\/14506\/revisions\/14508"}],"wp:featuredmedia":[{"embeddable":true,"href":"https:\/\/antofapop.cl\/index.php\/wp-json\/wp\/v2\/media\/14507"}],"wp:attachment":[{"href":"https:\/\/antofapop.cl\/index.php\/wp-json\/wp\/v2\/media?parent=14506"}],"wp:term":[{"taxonomy":"category","embeddable":true,"href":"https:\/\/antofapop.cl\/index.php\/wp-json\/wp\/v2\/categories?post=14506"},{"taxonomy":"post_tag","embeddable":true,"href":"https:\/\/antofapop.cl\/index.php\/wp-json\/wp\/v2\/tags?post=14506"}],"curies":[{"name":"wp","href":"https:\/\/api.w.org\/{rel}","templated":true}]}}