{"id":14565,"date":"2023-12-15T19:47:43","date_gmt":"2023-12-15T16:47:43","guid":{"rendered":"https:\/\/antofapop.cl\/?p=14565"},"modified":"2023-12-15T19:47:43","modified_gmt":"2023-12-15T16:47:43","slug":"artistas-ecuatorianos-ganan-premio-saco-que-les-permitira-visitar-y-exponer-por-primera-vez-en-la-ciudad","status":"publish","type":"post","link":"https:\/\/antofapop.cl\/index.php\/2023\/12\/15\/artistas-ecuatorianos-ganan-premio-saco-que-les-permitira-visitar-y-exponer-por-primera-vez-en-la-ciudad\/","title":{"rendered":"Artistas ecuatorianos ganan premio SACO que les permitir\u00e1 visitar y exponer por primera vez en la ciudad"},"content":{"rendered":"<div class='booster-block booster-read-block'>\n                <div class=\"twp-read-time\">\n                \t<i class=\"booster-icon twp-clock\"><\/i> <span>Tiempo de Lectura:<\/span>2 Minutos, 12 Segundos                <\/div>\n\n            <\/div>\n<p>La directora de la <a href=\"http:\/\/www.bienalsaco.com\">Bienal de Arte Contempor\u00e1neo SACO<\/a>, Dagmara Wyskiel, estuvo presente en la XVI Bienal de Cuenca <em>Quiz\u00e1 ma\u00f1ana<\/em> en Ecuador, como parte del panel de jurados encargados de evaluar y otorgar reconocimientos ligados a las artes visuales entre los 16 finalistas ecuatorianos. Dos artistas de Cuenca fueron reconocidos con el premio SACO, convirti\u00e9ndose en los primeros expositores confirmados para la pr\u00f3xima Bienal de Arte Contempor\u00e1neo SACO en 2025.&nbsp;<\/p>\n\n\n\n<p>La participaci\u00f3n de Wyskiel se da como continuaci\u00f3n a una colaboraci\u00f3n entre ambas bienales, luego de que Hern\u00e1n Pacurucu, director de Bienal de Cuenca, fuera jurado de la convocatoria internacional en la Bienal SACO1.1 <em>Golpe<\/em>. Para Dagmara, generar estos hitos descentralizados entre ciudades es un gesto cultural y pol\u00edtico, ya que el arte no debe ser exclusivo de las metr\u00f3polis.&nbsp;<\/p>\n\n\n\n<p>\u201cComo es sabido, los pa\u00edses latinoamericanos tienen una estructura pol\u00edtica, econ\u00f3mica&nbsp; y cultural tremendamente centralista, eso tiene que ver con su historia colonial y poscolonial. Por ende, generar relaciones en el campo cultural, entre urbes que no son capitales resulta a\u00fan m\u00e1s importante. Es un gesto cultural, pero tambi\u00e9n val\u00f3rico, que tiene que ver con la democratizaci\u00f3n y el acceso transversal a la cultura y el arte (&#8230;) Estamos contentos de que la Regi\u00f3n Azuay de Ecuador y la Regi\u00f3n de Antofagasta puedan conocerse e intercambiar experiencia cultural, geogr\u00e1fica y art\u00edstica\u201d, expres\u00f3 la directora de SACO.<\/p>\n\n\n\n<p><em>Quiz\u00e1 ma\u00f1ana<\/em> es el t\u00edtulo de la XVI edici\u00f3n de la Bienal de Cuenca, que cuenta con 29 proyectos de artistas provenientes de 18 pa\u00edses, invitando a reflexionar sobre la democracia y los conflictos del presente, sobre todo a nivel latinoamericano.<\/p>\n\n\n\n<p>Los reconocimientos que fueron otorgados durante la ceremonia de inauguraci\u00f3n, fueron concedidos a los ecuatorianos Nebraska Flores, creadora de <em>Cr\u00e1teres de abismo,<\/em> el cual establece un uso po\u00e9tico de una materialidad precaria y casual, convirtiendo formas org\u00e1nicas y naturales en escult\u00f3ricas. Por otro lado,<em> Juguetes, de lo ingenuo a lo perverso <\/em>del artista Darwin Guerrero, fue destacado por su trabajo que aborda lo absurdo y lo imposible; el sentido de humor y la supuesta inutilidad de los objetos. Ambos creadores ganaron una residencia en el Instituto Superior Latinoamericano de Arte ISLA en Antofagasta y ser\u00e1n expositores en la Bienal SACO1.2 en el a\u00f1o 2025.<\/p>\n\n\n\n<p>\u201cTanto Darwin como Nebraska son representantes relevantes de la escena joven del arte contempor\u00e1neo ecuatoriano. Los considero excelentes artistas, ambos en el campo de la escultura y con tremenda flexibilidad y sensibilidad en la materialidad que aplican, lo que es muy prometedor en el contexto de la residencia de investigaci\u00f3n y creaci\u00f3n que van a realizar durante dos meses en Antofagasta\u201d, coment\u00f3 Wyskiel.<\/p>\n","protected":false},"excerpt":{"rendered":"<p>La directora de la Bienal de Arte Contempor\u00e1neo SACO, Dagmara Wyskiel, estuvo presente en la XVI Bienal de Cuenca Quiz\u00e1 ma\u00f1ana en Ecuador, como parte del panel de jurados encargados&hellip;<\/p>\n","protected":false},"author":1,"featured_media":14566,"comment_status":"closed","ping_status":"closed","sticky":false,"template":"","format":"standard","meta":{"_monsterinsights_skip_tracking":false,"_monsterinsights_sitenote_active":false,"_monsterinsights_sitenote_note":"","_monsterinsights_sitenote_category":0,"footnotes":""},"categories":[2,178],"tags":[36,187,238,8495,480,585,181,3704],"class_list":["post-14565","post","type-post","status-publish","format-standard","has-post-thumbnail","hentry","category-antofagasta","category-arte-cultura","tag-antofagasta","tag-artistas","tag-ciudad","tag-ecuatorianos","tag-premio","tag-primera","tag-saco","tag-vez"],"_links":{"self":[{"href":"https:\/\/antofapop.cl\/index.php\/wp-json\/wp\/v2\/posts\/14565"}],"collection":[{"href":"https:\/\/antofapop.cl\/index.php\/wp-json\/wp\/v2\/posts"}],"about":[{"href":"https:\/\/antofapop.cl\/index.php\/wp-json\/wp\/v2\/types\/post"}],"author":[{"embeddable":true,"href":"https:\/\/antofapop.cl\/index.php\/wp-json\/wp\/v2\/users\/1"}],"replies":[{"embeddable":true,"href":"https:\/\/antofapop.cl\/index.php\/wp-json\/wp\/v2\/comments?post=14565"}],"version-history":[{"count":1,"href":"https:\/\/antofapop.cl\/index.php\/wp-json\/wp\/v2\/posts\/14565\/revisions"}],"predecessor-version":[{"id":14567,"href":"https:\/\/antofapop.cl\/index.php\/wp-json\/wp\/v2\/posts\/14565\/revisions\/14567"}],"wp:featuredmedia":[{"embeddable":true,"href":"https:\/\/antofapop.cl\/index.php\/wp-json\/wp\/v2\/media\/14566"}],"wp:attachment":[{"href":"https:\/\/antofapop.cl\/index.php\/wp-json\/wp\/v2\/media?parent=14565"}],"wp:term":[{"taxonomy":"category","embeddable":true,"href":"https:\/\/antofapop.cl\/index.php\/wp-json\/wp\/v2\/categories?post=14565"},{"taxonomy":"post_tag","embeddable":true,"href":"https:\/\/antofapop.cl\/index.php\/wp-json\/wp\/v2\/tags?post=14565"}],"curies":[{"name":"wp","href":"https:\/\/api.w.org\/{rel}","templated":true}]}}