{"id":14638,"date":"2023-12-26T19:13:14","date_gmt":"2023-12-26T16:13:14","guid":{"rendered":"https:\/\/antofapop.cl\/?p=14638"},"modified":"2023-12-26T19:13:14","modified_gmt":"2023-12-26T16:13:14","slug":"nuevo-espacio-publico-de-alto-estandar","status":"publish","type":"post","link":"https:\/\/antofapop.cl\/index.php\/2023\/12\/26\/nuevo-espacio-publico-de-alto-estandar\/","title":{"rendered":"Nuevo espacio p\u00fablico de alto est\u00e1ndar"},"content":{"rendered":"<div class='booster-block booster-read-block'>\n                <div class=\"twp-read-time\">\n                \t<i class=\"booster-icon twp-clock\"><\/i> <span>Tiempo de Lectura:<\/span>1 Minutos, 17 Segundos                <\/div>\n\n            <\/div>\n<p>Con alegr\u00eda la comunidad del Barrio \u201cCasa de M\u00e1quinas\u201d &#8211; Mejillones, intervenido por el Programa Minvu \u201cQuiero Mi Barrio\u201d, inaugur\u00f3 el \u201cPaseo Deportivo Avda. Fertilizantes\u201d. La obra, cuenta&nbsp; con sombreaderos, \u00e1reas verdes, iluminaci\u00f3n, m\u00e1quinas de ejercicios y equipamiento en general, todo dispuesto en 934m2, con una inversi\u00f3n que supera los $119 millones.<\/p>\n\n\n\n<p>La iniciativa, nace desde la participaci\u00f3n ciudadana y fue financiada a trav\u00e9s del Programa Minvu de \u201cMejoramiento de Vivienda, Barrios y Entorno\u201d, adem\u00e1s de un 10 por ciento de aporte municipal.&nbsp;<\/p>\n\n\n\n<p>&nbsp;En la ceremonia, estuvieron presentes el Seremi Minvu, Director Serviu, alcalde protocolar, adem\u00e1s de concejales, vecinos y vecinas, quienes disfrutaron adem\u00e1s de canticos navide\u00f1os a trav\u00e9s de la participaci\u00f3n del Coro Dideco, finalizando con un refrigerio de camarader\u00eda, posterior al recorrido por los nuevos espacios p\u00fablicos.<\/p>\n\n\n\n<p>El presidente del Consejo Vecinal de Desarrollo, Luis Ram\u00edrez, agradeci\u00f3 a nombre de la comunidad beneficiada, al municipio y ministerio, por estar contantemente preocupados por mejorar el barrio.&nbsp;<\/p>\n\n\n\n<p>Por su parte, el Seremi Minvu Hern\u00e1n Rodr\u00edguez, recalc\u00f3 la importancia de la participaci\u00f3n ciudadana en los planes de desarrollo de cada barrio. \u201cEsta es una obra de alto est\u00e1ndar, con accesibilidad universal, norma lum\u00ednica y una inversi\u00f3n importante, donde los principal ser\u00e1 el uso y cuidado adecuado por parte de los vecinos\u201d.<\/p>\n\n\n\n<p>Finalmente, el alcalde protocolar Manuel Monardes, felicit\u00f3 a los vecinos y vecinas por esta inauguraci\u00f3n y agradeci\u00f3 a todos quienes participaron en que esto fuera posible, destacando que el Programa Minvu \u201cQuiere Mi Barrio\u201d, mantiene muy acdtivo su convenio de colaboraci\u00f3n ministerio-municipio.<\/p>\n","protected":false},"excerpt":{"rendered":"<p>Con alegr\u00eda la comunidad del Barrio \u201cCasa de M\u00e1quinas\u201d &#8211; Mejillones, intervenido por el Programa Minvu \u201cQuiero Mi Barrio\u201d, inaugur\u00f3 el \u201cPaseo Deportivo Avda. Fertilizantes\u201d. La obra, cuenta&nbsp; con sombreaderos,&hellip;<\/p>\n","protected":false},"author":1,"featured_media":14639,"comment_status":"closed","ping_status":"closed","sticky":false,"template":"","format":"standard","meta":{"_monsterinsights_skip_tracking":false,"_monsterinsights_sitenote_active":false,"_monsterinsights_sitenote_note":"","_monsterinsights_sitenote_category":0,"footnotes":""},"categories":[278,2286],"tags":[1184,578,8522,252,758],"class_list":["post-14638","post","type-post","status-publish","format-standard","has-post-thumbnail","hentry","category-deporte-y-recreacion","category-mejillones","tag-alto","tag-espacio","tag-estandar","tag-nuevo","tag-publico"],"_links":{"self":[{"href":"https:\/\/antofapop.cl\/index.php\/wp-json\/wp\/v2\/posts\/14638"}],"collection":[{"href":"https:\/\/antofapop.cl\/index.php\/wp-json\/wp\/v2\/posts"}],"about":[{"href":"https:\/\/antofapop.cl\/index.php\/wp-json\/wp\/v2\/types\/post"}],"author":[{"embeddable":true,"href":"https:\/\/antofapop.cl\/index.php\/wp-json\/wp\/v2\/users\/1"}],"replies":[{"embeddable":true,"href":"https:\/\/antofapop.cl\/index.php\/wp-json\/wp\/v2\/comments?post=14638"}],"version-history":[{"count":1,"href":"https:\/\/antofapop.cl\/index.php\/wp-json\/wp\/v2\/posts\/14638\/revisions"}],"predecessor-version":[{"id":14640,"href":"https:\/\/antofapop.cl\/index.php\/wp-json\/wp\/v2\/posts\/14638\/revisions\/14640"}],"wp:featuredmedia":[{"embeddable":true,"href":"https:\/\/antofapop.cl\/index.php\/wp-json\/wp\/v2\/media\/14639"}],"wp:attachment":[{"href":"https:\/\/antofapop.cl\/index.php\/wp-json\/wp\/v2\/media?parent=14638"}],"wp:term":[{"taxonomy":"category","embeddable":true,"href":"https:\/\/antofapop.cl\/index.php\/wp-json\/wp\/v2\/categories?post=14638"},{"taxonomy":"post_tag","embeddable":true,"href":"https:\/\/antofapop.cl\/index.php\/wp-json\/wp\/v2\/tags?post=14638"}],"curies":[{"name":"wp","href":"https:\/\/api.w.org\/{rel}","templated":true}]}}