{"id":14714,"date":"2024-01-15T16:09:58","date_gmt":"2024-01-15T13:09:58","guid":{"rendered":"https:\/\/antofapop.cl\/?p=14714"},"modified":"2024-01-15T16:09:58","modified_gmt":"2024-01-15T13:09:58","slug":"desvalijados-presenta-su-nuevo-sencillo-no-soy-asesino","status":"publish","type":"post","link":"https:\/\/antofapop.cl\/index.php\/2024\/01\/15\/desvalijados-presenta-su-nuevo-sencillo-no-soy-asesino\/","title":{"rendered":"<strong>Desvalijados presenta su nuevo sencillo \u201cNo soy Asesino\u201d<\/strong>"},"content":{"rendered":"<div class='booster-block booster-read-block'>\n                <div class=\"twp-read-time\">\n                \t<i class=\"booster-icon twp-clock\"><\/i> <span>Tiempo de Lectura:<\/span>1 Minutos, 45 Segundos                <\/div>\n\n            <\/div>\n<p><strong><em>La banda Chileno\/Argentina Desvalijados, nos sorprende con su nuevo sencillo \u201cNo soy asesino\u201d dando as\u00ed, el puntapi\u00e9 inicial a un 2024 que promete.<\/em><\/strong><\/p>\n\n\n\n<p>Despu\u00e9s de un exitoso \u00e1lbum&nbsp;<strong>\u201cEl rock se escucha fuerte\u201d&nbsp;<\/strong>la banda nos viene entregando nuevos sencillos, el primero fue&nbsp;<strong>\u201cMe quiero\u201d<\/strong>&nbsp;lanzado en Agosto de 2023 y ahora&nbsp;<strong>\u201cNo soy Asesino\u201d&nbsp;<\/strong>el cual se encuentra disponible en todas las plataformas de streaming.<\/p>\n\n\n\n<p>\u201cEn un mundo cada vez m\u00e1s hostil, donde algunas personas act\u00faan como \u201casesinos\u201d de otras, a trav\u00e9s de la agresi\u00f3n que se manifiesta en cada acto o palabra, yo no deseo ser uno de ellos y quiero mantener una relaci\u00f3n sana y respetuosa con los y las dem\u00e1s. S\u00e9 que no estoy tan perdido\u201d comenta Ignacio Valeiro, l\u00edder de la agrupaci\u00f3n.<\/p>\n\n\n\n<p>El line up de la canci\u00f3n est\u00e1 conformado por Ignacio Valeiro en la voz, Walter A. Valeiro, Camilo Robles en las guitarras, Javier Barahona en el bajo y Jimmy Correa en la bater\u00eda.<\/p>\n\n\n\n<p><strong>\u201cNo soy Asesino\u201d<\/strong>\u00a0fue grabada y mezclada por Germ\u00e1n Torres de Iged Records, mientras que la masterizaci\u00f3n estuvo a cargo de Francisco Holzmann. La portada del \u00e1lbum fue dise\u00f1ada por Paola Dippel de Lengua Verde.<\/p>\n\n\n\n<figure class=\"wp-block-embed is-type-rich is-provider-spotify wp-block-embed-spotify wp-embed-aspect-21-9 wp-has-aspect-ratio\"><div class=\"wp-block-embed__wrapper\">\n<iframe title=\"Spotify Embed: No Soy Asesino\" style=\"border-radius: 12px\" width=\"100%\" height=\"152\" frameborder=\"0\" allowfullscreen allow=\"autoplay; clipboard-write; encrypted-media; fullscreen; picture-in-picture\" loading=\"lazy\" src=\"https:\/\/open.spotify.com\/embed\/track\/2O0lmh8ounnCOFbf92F9FR?si=721221f24a4f4903&#038;nd=1&#038;dlsi=037eaedd5243448b&#038;utm_source=oembed\"><\/iframe>\n<\/div><\/figure>\n\n\n\n<p><strong>DESVALIJADOS<\/strong>&nbsp;es una banda de Rock chileno-argentina, formada en Santiago de Chile el 18 de enero del 2014. La banda presenta un sonido que conjuga el rock, algo de blues, melod\u00edas envolventes, letras frescas, sencillas y directas.<\/p>\n\n\n\n<p>Se destaca por sus juegos vocales. Cuentan con un cantante principal y 2 cantantes secundarios otorg\u00e1ndole variedad vocal al p\u00fablico. Sus composiciones son variadas, pulidas y con arreglos de buen gusto. Han logrado un estilo musical bien definido que se afianza y motiva a sus seguidores.<\/p>\n\n\n\n<p>Desvalijados cuenta con los \u00e1lbumes: \u201c8S\u201d, \u201cDesvalijados en vivo \u2013 Arena Recoleta 2017\u201d, \u201cInevitablemente\u201d, \u201cRock, alcohol y cuarentena\u201d, \u201cEl rock se escucha fuerte\u201d, y varios sencillos.<br><strong>Integrantes:<\/strong><br>Ignacio Valeiro &#8211; Voz principal, guitarra y arm\u00f3nica<br>Walter Valeiro &#8211; guitarra y voz<br>Camilo Robles &#8211; guitarra y voz<br>Javier Barahona &#8211; bajo<br>Jimmy Correa &#8211; bater\u00eda<\/p>\n","protected":false},"excerpt":{"rendered":"<p>La banda Chileno\/Argentina Desvalijados, nos sorprende con su nuevo sencillo \u201cNo soy asesino\u201d dando as\u00ed, el puntapi\u00e9 inicial a un 2024 que promete. Despu\u00e9s de un exitoso \u00e1lbum&nbsp;\u201cEl rock se&hellip;<\/p>\n","protected":false},"author":1,"featured_media":14715,"comment_status":"closed","ping_status":"closed","sticky":false,"template":"","format":"standard","meta":{"_monsterinsights_skip_tracking":false,"_monsterinsights_sitenote_active":false,"_monsterinsights_sitenote_note":"","_monsterinsights_sitenote_category":0,"footnotes":""},"categories":[3],"tags":[8544,8543,252,84],"class_list":["post-14714","post","type-post","status-publish","format-standard","has-post-thumbnail","hentry","category-musica-chilena","tag-asesino","tag-desvalijados","tag-nuevo","tag-sencillo"],"_links":{"self":[{"href":"https:\/\/antofapop.cl\/index.php\/wp-json\/wp\/v2\/posts\/14714"}],"collection":[{"href":"https:\/\/antofapop.cl\/index.php\/wp-json\/wp\/v2\/posts"}],"about":[{"href":"https:\/\/antofapop.cl\/index.php\/wp-json\/wp\/v2\/types\/post"}],"author":[{"embeddable":true,"href":"https:\/\/antofapop.cl\/index.php\/wp-json\/wp\/v2\/users\/1"}],"replies":[{"embeddable":true,"href":"https:\/\/antofapop.cl\/index.php\/wp-json\/wp\/v2\/comments?post=14714"}],"version-history":[{"count":1,"href":"https:\/\/antofapop.cl\/index.php\/wp-json\/wp\/v2\/posts\/14714\/revisions"}],"predecessor-version":[{"id":14716,"href":"https:\/\/antofapop.cl\/index.php\/wp-json\/wp\/v2\/posts\/14714\/revisions\/14716"}],"wp:featuredmedia":[{"embeddable":true,"href":"https:\/\/antofapop.cl\/index.php\/wp-json\/wp\/v2\/media\/14715"}],"wp:attachment":[{"href":"https:\/\/antofapop.cl\/index.php\/wp-json\/wp\/v2\/media?parent=14714"}],"wp:term":[{"taxonomy":"category","embeddable":true,"href":"https:\/\/antofapop.cl\/index.php\/wp-json\/wp\/v2\/categories?post=14714"},{"taxonomy":"post_tag","embeddable":true,"href":"https:\/\/antofapop.cl\/index.php\/wp-json\/wp\/v2\/tags?post=14714"}],"curies":[{"name":"wp","href":"https:\/\/api.w.org\/{rel}","templated":true}]}}