{"id":14788,"date":"2024-01-25T16:38:32","date_gmt":"2024-01-25T13:38:32","guid":{"rendered":"https:\/\/antofapop.cl\/?p=14788"},"modified":"2024-01-25T16:38:33","modified_gmt":"2024-01-25T13:38:33","slug":"nuevos-lideres-comunitarios-son-capacitados-en-prevencion-de-salud","status":"publish","type":"post","link":"https:\/\/antofapop.cl\/index.php\/2024\/01\/25\/nuevos-lideres-comunitarios-son-capacitados-en-prevencion-de-salud\/","title":{"rendered":"<strong>Nuevos l\u00edderes comunitarios son capacitados en prevenci\u00f3n de salud<\/strong>"},"content":{"rendered":"<div class='booster-block booster-read-block'>\n                <div class=\"twp-read-time\">\n                \t<i class=\"booster-icon twp-clock\"><\/i> <span>Tiempo de Lectura:<\/span>2 Minutos, 25 Segundos                <\/div>\n\n            <\/div>\n<p><em><strong>Proyecto de la Universidad de Antofagasta, busca potenciar las habilidades de respuesta de la comunidad ante situaciones sanitarias de riesgos, como accidentes y enfermedades.\u00a0<\/strong><\/em><\/p>\n\n\n\n<p>Se trata de la segunda etapa del proyecto de vinculaci\u00f3n con el medio, denominado&nbsp; \u201cFormaci\u00f3n de L\u00edderes Comunitarios en Salud P\u00fablica\u201d, cuyo objetivo es fortalecer las capacidades de respuesta de la comunidad para la prevenci\u00f3n y resoluci\u00f3n de situaciones sanitarias de riesgos asociados a accidentes del hogar y exposici\u00f3n a infecciones trasmitidas por alimentos, entre otras.<\/p>\n\n\n\n<p>La iniciativa que es financiada por el&nbsp; Programa de Fondos Concursables de la Direcci\u00f3n de Vinculaci\u00f3n con el Medio de la Universidad de Antofagasta, cuenta con la participaci\u00f3n de alrededor de 30 l\u00edderes y lideresas, pertenecientes a Juntas de Vecinos, Corporaci\u00f3n de Campamentos Am\u00e9rica Unida, dirigentes de Clubes de Adultos Mayores y diversas organizaciones civiles en Antofagasta.<\/p>\n\n\n\n<p>El programa educativo es impartido por acad\u00e9micas y acad\u00e9micos del Departamento de Ciencias M\u00e9dicas de la Facultad de Medicina y Odontolog\u00eda, as\u00ed como del Departamento de Obstetricia de la Facultad de Ciencias de la Salud de la Universidad de Antofagasta. Adem\u00e1s, de la colaboraci\u00f3n de expertos de la Seremi de Salud, quienes abordan diversos temas de relevancia en salud p\u00fablica.<\/p>\n\n\n\n<p>Dentro de los temas abordados en clases te\u00f3ricas en la Universidad de Antofagasta, as\u00ed como salidas en terreno, se consider\u00f3 el reciclaje de agua y residuos domiciliarios, control de plagas, salud mental, sexualidad responsable, ingesta por alimentos que contienen microorganismos que pueden producir hepatitis A, salmonella, entre otros.<\/p>\n\n\n\n<p>Al respecto, el rector de la Universidad de Antofagasta, Dr. Marcos Cikutovic Salas, coment\u00f3 que \u201cestos proyectos son muy importantes para nuestra instituci\u00f3n, ya que nos permite vincularnos con nuestro entorno, entregando nuestras capacidades para mejorar el bienestar de la comunidad\u201d, recalc\u00f3 la autoridad.<\/p>\n\n\n\n<p>El Dr. Cikutovic, mencion\u00f3 adem\u00e1s, que \u201cla salud p\u00fablica es un tema importante para nuestra Universidad, por ello asumimos desde hace a\u00f1os, el compromiso de formar profesionales y especialistas en esta \u00e1rea, que fortalezcan las distintas necesidades de la comunidad de la regi\u00f3n y del pa\u00eds\u201d.<\/p>\n\n\n\n<p>En este mismo sentido, la l\u00edder del proyecto y acad\u00e9mica del Departamento de Ciencias M\u00e9dicas de la Facultad de Medicina y Odontolog\u00eda de la Universidad de Antofagasta, Lila Vergara Pic\u00f3n, manifest\u00f3 que \u201cnos sentimos muy contentos de continuar con este proyecto, ya que fortalece las capacidades de l\u00edderes y lideresas, los que posteriormente podr\u00e1n compartir los conocimientos adquiridos en sus comunidades\u201d, dijo la profesional.<\/p>\n\n\n\n<p>\u201cQueremos que la comunidad en general, cuente con las herramientas para educar y prevenir situaciones de salud p\u00fablica que son cotidianas en nuestro entorno, lo que sin duda aporta al bienestar de los vecinos y vecinas de Antofagasta\u201d, agreg\u00f3 Lila Vergara.<\/p>\n\n\n\n<p>Se espera que esta segunda etapa de formaci\u00f3n, contribuya significativamente a la concientizaci\u00f3n y acci\u00f3n comunitaria, impactando positivamente en la prevenci\u00f3n de riesgos sanitarios en los lugares donde los alrededor de 30 l\u00edderes que participan de este proyecto, ejercen su influencia.<\/p>\n","protected":false},"excerpt":{"rendered":"<p>Proyecto de la Universidad de Antofagasta, busca potenciar las habilidades de respuesta de la comunidad ante situaciones sanitarias de riesgos, como accidentes y enfermedades.\u00a0 Se trata de la segunda etapa&hellip;<\/p>\n","protected":false},"author":1,"featured_media":14789,"comment_status":"closed","ping_status":"closed","sticky":false,"template":"","format":"standard","meta":{"_monsterinsights_skip_tracking":false,"_monsterinsights_sitenote_active":false,"_monsterinsights_sitenote_note":"","_monsterinsights_sitenote_category":0,"footnotes":""},"categories":[2,6698],"tags":[8568,2450,2437,4233,224],"class_list":["post-14788","post","type-post","status-publish","format-standard","has-post-thumbnail","hentry","category-antofagasta","category-salud","tag-comunitarios","tag-lideres","tag-nuevos","tag-prevencion","tag-salud"],"_links":{"self":[{"href":"https:\/\/antofapop.cl\/index.php\/wp-json\/wp\/v2\/posts\/14788"}],"collection":[{"href":"https:\/\/antofapop.cl\/index.php\/wp-json\/wp\/v2\/posts"}],"about":[{"href":"https:\/\/antofapop.cl\/index.php\/wp-json\/wp\/v2\/types\/post"}],"author":[{"embeddable":true,"href":"https:\/\/antofapop.cl\/index.php\/wp-json\/wp\/v2\/users\/1"}],"replies":[{"embeddable":true,"href":"https:\/\/antofapop.cl\/index.php\/wp-json\/wp\/v2\/comments?post=14788"}],"version-history":[{"count":1,"href":"https:\/\/antofapop.cl\/index.php\/wp-json\/wp\/v2\/posts\/14788\/revisions"}],"predecessor-version":[{"id":14790,"href":"https:\/\/antofapop.cl\/index.php\/wp-json\/wp\/v2\/posts\/14788\/revisions\/14790"}],"wp:featuredmedia":[{"embeddable":true,"href":"https:\/\/antofapop.cl\/index.php\/wp-json\/wp\/v2\/media\/14789"}],"wp:attachment":[{"href":"https:\/\/antofapop.cl\/index.php\/wp-json\/wp\/v2\/media?parent=14788"}],"wp:term":[{"taxonomy":"category","embeddable":true,"href":"https:\/\/antofapop.cl\/index.php\/wp-json\/wp\/v2\/categories?post=14788"},{"taxonomy":"post_tag","embeddable":true,"href":"https:\/\/antofapop.cl\/index.php\/wp-json\/wp\/v2\/tags?post=14788"}],"curies":[{"name":"wp","href":"https:\/\/api.w.org\/{rel}","templated":true}]}}