{"id":14958,"date":"2024-02-22T18:23:10","date_gmt":"2024-02-22T15:23:10","guid":{"rendered":"https:\/\/antofapop.cl\/?p=14958"},"modified":"2024-02-22T18:23:10","modified_gmt":"2024-02-22T15:23:10","slug":"las-pulgas-paisajes-en-resistencia-del-artista-visual-se-exhibira-este-fin-de-semana-en-feria-pantaleon-cortes","status":"publish","type":"post","link":"https:\/\/antofapop.cl\/index.php\/2024\/02\/22\/las-pulgas-paisajes-en-resistencia-del-artista-visual-se-exhibira-este-fin-de-semana-en-feria-pantaleon-cortes\/","title":{"rendered":"Las Pulgas: Paisajes en resistencia, del artista visual se exhibir\u00e1 este fin de semana en Feria Pantale\u00f3n Cort\u00e9s"},"content":{"rendered":"<div class='booster-block booster-read-block'>\n                <div class=\"twp-read-time\">\n                \t<i class=\"booster-icon twp-clock\"><\/i> <span>Tiempo de Lectura:<\/span>3 Minutos, 35 Segundos                <\/div>\n\n            <\/div>\n<p><strong><em>La una propuesta de galer\u00eda itinerante hacia los sectores m\u00e1s populares de la ciudad, es uno de los sellos m\u00e1s caracter\u00edsticos del artista antofagastino Angel Bon \u00c1lvarez, quien a trav\u00e9s de sus obras revela la importancia del arte como una herramienta de integraci\u00f3n y descentralizaci\u00f3n para la comunidad.<\/em><\/strong><\/p>\n\n\n\n<p><strong><em>La exposici\u00f3n \u201cLas Pulgas: Paisajes en resistencia\u201d, se presentar\u00e1 por primera vez en la Feria Pantale\u00f3n Cort\u00e9s, desde este 24 y 25 de febrero.<\/em><\/strong><\/p>\n\n\n\n<p><strong>Las pulgas: Paisajes en resistencia<\/strong>, es la propuesta del artista visual y performer&nbsp;<\/p>\n\n\n\n<p>Angel Bon \u00c1lvarez que se presentar\u00e1 este fin de semana en la concurrida feria de las pulgas. Los transe\u00fantes de la ciudad de Antofagasta podr\u00e1n acceder gratuitamente a la exposici\u00f3n art\u00edstica que busca generar un v\u00ednculo desde lo sensible, proponiendo este territorio paisaje como un lugar vital en la generaci\u00f3n de la identidad local.<\/p>\n\n\n\n<p>El proyecto se llev\u00f3 a cabo durante el a\u00f1o 2023, tiempo en el cual se realizaron m\u00faltiples actividades con locatarios y p\u00fablico en general, a partir de esto se ejecuta el proceso de producci\u00f3n de las obras art\u00edsticas .<\/p>\n\n\n\n<p>Angel Bon \u00c1lvarez, ha realizado performances en Chile y el extranjero, abordando<\/p>\n\n\n\n<p>la visibilizaci\u00f3n de saberes desde la marginalidad, y las experiencias est\u00e9ticas disidentes propias de la periferia, la necesidad, el ingenio y el rebusque. Su obra situando la belleza de los afectos que nacen a partir de las relaciones y la creaci\u00f3n a partir de lo que est\u00e1 al alcance de la experiencias en otros, de buen vivir o del otro vivir, abordando problemas sumamente humanos que extienden sus ramas al tema del g\u00e9nero, la identidad, los imaginarios y las representaciones.<\/p>\n\n\n\n<p><strong>Paisajes en resistencia:&nbsp;<\/strong><\/p>\n\n\n\n<p>El artista a partir de su propia experiencia en el territorio genera la propuesta la cual busca reivindicar las pulgas como un entramado de signos y s\u00edmbolos propios de la identidad local.<\/p>\n\n\n\n<p>Las pulgas es parte de nuestra identidad como antofagastinos, en ella cohabitan un sin fin de entramados simb\u00f3licos (v\u00ednculos humanos, relaciones con los objetos, un territorio&nbsp; espec\u00edfico, una sonoridad propia, etc) que hacen de ella un paisaje \u00fanico, el cual a pesar del tiempo se resiste a desaparecer.<\/p>\n\n\n\n<p>Las ferias son espacios \u00fanicos, que re\u00fane diferentes tipos de personalidades e historias, es un punto de la ciudad donde hay constante movimiento e intercambios culturales, aqu\u00ed se van desplegando y entrelazando relaciones libres y abiertas en un permanente flujo de innumerables vecinos y vecinas que transitan diariamente el lugar.<\/p>\n\n\n\n<p>El artista en base a su proceso de investigaci\u00f3n, le permiti\u00f3 conocer desde cerca la vida en la feria, sus din\u00e1micas, locatarios y formas de organizaci\u00f3n.<\/p>\n\n\n\n<p><em>\u201cLa resistencia y el rescate popular, es lo que permite que a\u00fan se mantenga dentro de nuestra cultura las ferias libres, en espacios como \u00e9ste existe una ra\u00edz de conexiones afectivas muy fuertes ligadas a la memoria, es por eso que se propone como lugar de exposici\u00f3n la feria misma, aqu\u00ed se rescata esta vida que todos conocemos y en este caso exponer en la feria de las pulgas, sirve como un dispositivo disparador de reflexiones, m\u00e1s cercanas y coherentes con la comunidad\u201d<\/em>&#8211; Comenta Angel Bon \u00c1lvarez.<\/p>\n\n\n\n<p>En la muestra se presentar\u00e1n obras pl\u00e1sticas, pinturas , instalaciones y videos de lo experimentado en el proceso de investigaci\u00f3n en las pulgas.<\/p>\n\n\n\n<p>El arte est\u00e1 estrechamente relacionado con la naturaleza humana. Las diferentes formas<\/p>\n\n\n\n<p>de representaci\u00f3n art\u00edstica corresponden a la necesidad o, m\u00e1s bien, a la caracter\u00edstica fundamental de expresarse que poseen los seres humanos. El arte desempe\u00f1a un papel mediador y motor de la comunicaci\u00f3n, ya que el artista a trav\u00e9s de su creaci\u00f3n transmite no s\u00f3lo emociones, sino tambi\u00e9n mensajes, y nos hace reflexionar sobre nuestra existencia, los problemas sociales o la vida en general. Desde esta perspectiva, se convierte en una herramienta que puede cambiar o educar a una sociedad.&nbsp;<\/p>\n\n\n\n<p>La exposici\u00f3n tiene fecha de<strong> inauguraci\u00f3n para el d\u00eda s\u00e1bado&nbsp; 24 de febrero a las 12:00 hrs <\/strong>en<strong> Feria Pantaleon Cort\u00e9s<\/strong> (entre los puestos ubicados en Calle Bandera a la altura de la Escuela E-97), exposici\u00f3n gratuita para toda la comunidad y se extiende hasta el dia domingo 25 de febrero, para posteriormente itinerar por diferentes puntos de la ciudad.<\/p>\n\n\n\n<p><strong><em>Proyecto financiado por el Ministerio de las Culturas, las artes y el Patrimonio en la&nbsp; l\u00ednea FONDART Regional 2023.<\/em><\/strong><\/p>\n","protected":false},"excerpt":{"rendered":"<p>La una propuesta de galer\u00eda itinerante hacia los sectores m\u00e1s populares de la ciudad, es uno de los sellos m\u00e1s caracter\u00edsticos del artista antofagastino Angel Bon \u00c1lvarez, quien a trav\u00e9s&hellip;<\/p>\n","protected":false},"author":1,"featured_media":14959,"comment_status":"closed","ping_status":"closed","sticky":false,"template":"","format":"standard","meta":{"_monsterinsights_skip_tracking":false,"_monsterinsights_sitenote_active":false,"_monsterinsights_sitenote_note":"","_monsterinsights_sitenote_category":0,"footnotes":""},"categories":[2,219],"tags":[168,5962,1752,307,6346,8626,8625,1211,308,838],"class_list":["post-14958","post","type-post","status-publish","format-standard","has-post-thumbnail","hentry","category-antofagasta","category-cartelera","tag-artista","tag-cortes","tag-feria","tag-fin","tag-paisajes","tag-pantaleon","tag-pulgas","tag-resistencia","tag-semana","tag-visual"],"_links":{"self":[{"href":"https:\/\/antofapop.cl\/index.php\/wp-json\/wp\/v2\/posts\/14958"}],"collection":[{"href":"https:\/\/antofapop.cl\/index.php\/wp-json\/wp\/v2\/posts"}],"about":[{"href":"https:\/\/antofapop.cl\/index.php\/wp-json\/wp\/v2\/types\/post"}],"author":[{"embeddable":true,"href":"https:\/\/antofapop.cl\/index.php\/wp-json\/wp\/v2\/users\/1"}],"replies":[{"embeddable":true,"href":"https:\/\/antofapop.cl\/index.php\/wp-json\/wp\/v2\/comments?post=14958"}],"version-history":[{"count":1,"href":"https:\/\/antofapop.cl\/index.php\/wp-json\/wp\/v2\/posts\/14958\/revisions"}],"predecessor-version":[{"id":14960,"href":"https:\/\/antofapop.cl\/index.php\/wp-json\/wp\/v2\/posts\/14958\/revisions\/14960"}],"wp:featuredmedia":[{"embeddable":true,"href":"https:\/\/antofapop.cl\/index.php\/wp-json\/wp\/v2\/media\/14959"}],"wp:attachment":[{"href":"https:\/\/antofapop.cl\/index.php\/wp-json\/wp\/v2\/media?parent=14958"}],"wp:term":[{"taxonomy":"category","embeddable":true,"href":"https:\/\/antofapop.cl\/index.php\/wp-json\/wp\/v2\/categories?post=14958"},{"taxonomy":"post_tag","embeddable":true,"href":"https:\/\/antofapop.cl\/index.php\/wp-json\/wp\/v2\/tags?post=14958"}],"curies":[{"name":"wp","href":"https:\/\/api.w.org\/{rel}","templated":true}]}}