{"id":15253,"date":"2024-04-15T23:50:29","date_gmt":"2024-04-15T20:50:29","guid":{"rendered":"https:\/\/antofapop.cl\/?p=15253"},"modified":"2024-04-15T23:50:30","modified_gmt":"2024-04-15T20:50:30","slug":"saco-presenta-su-programacion-2024-con-enfoque-en-vinculacion-territorial-y-proyectos-educativos","status":"publish","type":"post","link":"https:\/\/antofapop.cl\/index.php\/2024\/04\/15\/saco-presenta-su-programacion-2024-con-enfoque-en-vinculacion-territorial-y-proyectos-educativos\/","title":{"rendered":"<strong>SACO presenta su programaci\u00f3n 2024 con enfoque en vinculaci\u00f3n territorial y proyectos educativos<\/strong>"},"content":{"rendered":"<div class='booster-block booster-read-block'>\n                <div class=\"twp-read-time\">\n                \t<i class=\"booster-icon twp-clock\"><\/i> <span>Tiempo de Lectura:<\/span>4 Minutos, 24 Segundos                <\/div>\n\n            <\/div>\n<p>Durante el 2024, la Bienal SACO propondr\u00e1 a la comunidad local una variada programaci\u00f3n vinculada a su \u00e1rea educativa, en la que destacan talleres y charlas dictadas por artistas en diversos lugares de la ciudad, la itinerancia del proyecto <em>Bienal en el maletero<\/em> por la regi\u00f3n, as\u00ed como la realizaci\u00f3n de la segunda versi\u00f3n del diplomado <em>Microcuradur\u00edas<\/em>.&nbsp;<\/p>\n\n\n\n<p>Adem\u00e1s, recibir\u00e1 a m\u00e1s de 15 creadores de todo el mundo, quienes realizar\u00e1n sus investigaciones en Antofagasta con un trabajo territorial y de vinculaci\u00f3n con la regi\u00f3n. Todas las actividades programadas para el presente a\u00f1o se enmarcan en la Bienal SACO1.2, que se realizar\u00e1 en su formato expositivo entre junio y septiembre de 2025.<\/p>\n\n\n\n<p>Las actividades organizadas por la Bienal SACO son presentadas por Escondida | BHP y cuentan con financiamiento del Programa de Apoyo a Organizaciones Culturales Colaboradoras, PAOCC, del Ministerio de las Culturas, las Artes y el Patrimonio.<\/p>\n\n\n\n<p><strong>Principales hitos y actividades<\/strong><\/p>\n\n\n\n<p>Desde abril a octubre se desarrollar\u00e1 la segunda versi\u00f3n del diplomado <em>Microcuradur\u00edas, curadur\u00edas desde la marginalidad<\/em>, que al igual que su primera edici\u00f3n, tendr\u00e1 un componente virtual y presencial. En esta \u00faltima l\u00ednea se incluyen talleres en el Observatorio Paniri Caur ubicado en Chiu Chiu, en la ciudad de Antofagasta y en Comunidad GEN, donde se ejecutar\u00e1 la performance <em>Arte y cuerpo en el desierto <\/em>dirigida por Arlette Ibarra y Angela Chaverra, la que tendr\u00e1 lugar el 17 de octubre al atardecer. Todas estas acciones buscan transformar al Desierto de Atacama en un punto de encuentro para artistas, j\u00f3venes, cr\u00edticos, gestores y entusiastas del arte.&nbsp;<\/p>\n\n\n\n<p>En el marco de las residencias de artistas seleccionados a trav\u00e9s del llamado internacional, la Bienal recibir\u00e1 a 12 artistas, quienes desarrollar\u00e1n sus propuestas de investigaci\u00f3n en cinco l\u00edneas: Movimientos migratorios y multiculturalidad latinoamericana; Astronom\u00eda; Geolog\u00eda y mineralog\u00eda; Arqueolog\u00eda y antropolog\u00eda; y Microbiolog\u00eda. Adem\u00e1s de sus trabajos de campo en el territorio, los creadores realizar\u00e1n talleres y charlas a modo de reciprocidad con la comunidad.<\/p>\n\n\n\n<p>Durante el segundo semestre, llegar\u00e1n a Antofagasta artistas de Estados Unidos, M\u00e9xico y Brasil, adem\u00e1s de creadores de Suiza y B\u00e9lgica, estos \u00faltimos gracias a las colaboraciones internacionales que SACO mantiene con importantes instituciones como Atelier Mondial y la Delegaci\u00f3n Valonia-Bruselas en Chile.<\/p>\n\n\n\n<p>El trabajo en terreno de todos los artistas que realizan residencias en SACO tiene como objetivo desarrollar un proceso integral, que pueda culminar con su posible participaci\u00f3n como expositores en la Bienal SACO1.2, entre junio y septiembre de 2025.<\/p>\n\n\n\n<p>\u201cGenerar procesos con las comunidades y en vinculaci\u00f3n directa con el territorio, es nuestra manera constante de trabajar. Las obras que vamos a apreciar en 2025 se est\u00e1n generando a partir de ahora, por artistas que dialogan con la geolog\u00eda, astronom\u00eda o arqueolog\u00eda in situ. La comunidad de Antofagasta demuestra un alto inter\u00e9s por nuestras exposiciones, justamente porque en vez de productos envasados, nosotros compartimos creaciones \u00fanicas, inspiradas en la regi\u00f3n\u201d, destaca Dagmara Wyskiel, directora de SACO.<\/p>\n\n\n\n<p>Por otro lado, el proyecto <em>Bienal en el maletero <\/em>realizar\u00e1 una itinerancia por diversas comunas de la regi\u00f3n de Antofagasta, con el fin de acercar a la comunidad las exposiciones que se desarrollaron en la Bienal <em>Golpe. <\/em>&nbsp;A trav\u00e9s de lentes de realidad virtual de \u00faltima generaci\u00f3n, los espectadores podr\u00e1n viajar desde el Muelle Hist\u00f3rico Melbourne Clark a las Ruinas de Huanchaca, pasando por la Biblioteca Regional, Fundaci\u00f3n Minera Escondida, entre otros espacios, y apreciar las obras de arte que all\u00ed fueron expuestas.<\/p>\n\n\n\n<p>Claudio Lagos, Seremi de las Culturas, las Artes y el Patrimonio de Antofagasta, destac\u00f3 la diversidad program\u00e1tica de la bienal para el 2024, mencionando que &#8220;estamos muy contentos de acompa\u00f1ar nuevamente este a\u00f1o a la bienal, con una agenda variada que nutre a la regi\u00f3n de arte visual, de la mirada que se debe tener como regi\u00f3n en cuanto a la programaci\u00f3n art\u00edstica, y a la mirada que tenemos que tener como artistas de este desierto; as\u00ed que s\u00f3lo desear que se sigan haciendo actividades de la envergadura, calidad y profundidad como las est\u00e1 haciendo SACO&#8221;.&nbsp;<\/p>\n\n\n\n<p><strong>Calentando motores para la Bienal SACO1.2<\/strong><\/p>\n\n\n\n<p>Durante la jornada, se anunci\u00f3 que en el lanzamiento del libro y estreno del documental de la Bienal1.1 <em>Golpe<\/em>, a desarrollarse el 25 de abril a las 11 horas en la Sala Licancabur del Edificio Comunitario de Fundaci\u00f3n Minera Escondida, ubicado en General Bernardo O\u2019Higgins 1280, Antofagasta, se dar\u00e1 a conocer el texto y tem\u00e1tica curatorial de SACO1.2, marcando simb\u00f3licamente el cierre de la pasada edici\u00f3n y el inicio de la duod\u00e9cima.<\/p>\n\n\n\n<p>Tambi\u00e9n se dio a conocer que el lanzamiento de la tradicional Convocatoria Internacional para seleccionar a las siete obras que ser\u00e1n parte de la exposici\u00f3n en el Muelle Hist\u00f3rico Melbourne Clark en SACO1.2, ser\u00e1 publicada el 29 de julio a trav\u00e9s de su p\u00e1gina web, as\u00ed como en sus redes sociales.<\/p>\n\n\n\n<p><strong>Convocatoria para nuevo ciclo de videoarte chileno<\/strong><\/p>\n\n\n\n<p>Otro de sus anuncios importantes fue la pr\u00f3xima apertura de convocatoria para que artistas chilenos o residentes en Chile, puedan enviar sus propuestas audiovisuales para ser parte del 2\u00ba ciclo de videoarte en ISLA+, espacio expositivo que ocupa la v\u00eda p\u00fablica con una pantalla que mira hacia la vereda, permitiendo a los transe\u00fantes el contacto directo con los videos. El llamado estar\u00e1 disponible desde el 8 de abril en todas sus plataformas digitales.<\/p>\n","protected":false},"excerpt":{"rendered":"<p>Durante el 2024, la Bienal SACO propondr\u00e1 a la comunidad local una variada programaci\u00f3n vinculada a su \u00e1rea educativa, en la que destacan talleres y charlas dictadas por artistas en&hellip;<\/p>\n","protected":false},"author":1,"featured_media":15254,"comment_status":"closed","ping_status":"closed","sticky":false,"template":"","format":"standard","meta":{"_monsterinsights_skip_tracking":false,"_monsterinsights_sitenote_active":false,"_monsterinsights_sitenote_note":"","_monsterinsights_sitenote_category":0,"footnotes":""},"categories":[2,178],"tags":[1808,431,267,500,181,4638],"class_list":["post-15253","post","type-post","status-publish","format-standard","has-post-thumbnail","hentry","category-antofagasta","category-arte-cultura","tag-educativos","tag-enfoque","tag-programacion","tag-proyectos","tag-saco","tag-vinculacion"],"_links":{"self":[{"href":"https:\/\/antofapop.cl\/index.php\/wp-json\/wp\/v2\/posts\/15253"}],"collection":[{"href":"https:\/\/antofapop.cl\/index.php\/wp-json\/wp\/v2\/posts"}],"about":[{"href":"https:\/\/antofapop.cl\/index.php\/wp-json\/wp\/v2\/types\/post"}],"author":[{"embeddable":true,"href":"https:\/\/antofapop.cl\/index.php\/wp-json\/wp\/v2\/users\/1"}],"replies":[{"embeddable":true,"href":"https:\/\/antofapop.cl\/index.php\/wp-json\/wp\/v2\/comments?post=15253"}],"version-history":[{"count":1,"href":"https:\/\/antofapop.cl\/index.php\/wp-json\/wp\/v2\/posts\/15253\/revisions"}],"predecessor-version":[{"id":15255,"href":"https:\/\/antofapop.cl\/index.php\/wp-json\/wp\/v2\/posts\/15253\/revisions\/15255"}],"wp:featuredmedia":[{"embeddable":true,"href":"https:\/\/antofapop.cl\/index.php\/wp-json\/wp\/v2\/media\/15254"}],"wp:attachment":[{"href":"https:\/\/antofapop.cl\/index.php\/wp-json\/wp\/v2\/media?parent=15253"}],"wp:term":[{"taxonomy":"category","embeddable":true,"href":"https:\/\/antofapop.cl\/index.php\/wp-json\/wp\/v2\/categories?post=15253"},{"taxonomy":"post_tag","embeddable":true,"href":"https:\/\/antofapop.cl\/index.php\/wp-json\/wp\/v2\/tags?post=15253"}],"curies":[{"name":"wp","href":"https:\/\/api.w.org\/{rel}","templated":true}]}}