{"id":15383,"date":"2024-05-09T18:38:05","date_gmt":"2024-05-09T15:38:05","guid":{"rendered":"https:\/\/antofapop.cl\/?p=15383"},"modified":"2024-05-09T18:38:06","modified_gmt":"2024-05-09T15:38:06","slug":"en-el-dia-internacional-de-la-astronomia-sernatur-invita-a-la-segunda-version-de-la-vitrina-astronomica-de-la-region-de-antofagasta","status":"publish","type":"post","link":"https:\/\/antofapop.cl\/index.php\/2024\/05\/09\/en-el-dia-internacional-de-la-astronomia-sernatur-invita-a-la-segunda-version-de-la-vitrina-astronomica-de-la-region-de-antofagasta\/","title":{"rendered":"<strong>En el D\u00eda Internacional de la Astronom\u00eda: Sernatur invita a la segunda versi\u00f3n de la \u201cVitrina Astron\u00f3mica de la Regi\u00f3n de Antofagasta\u201d<\/strong>"},"content":{"rendered":"<div class='booster-block booster-read-block'>\n                <div class=\"twp-read-time\">\n                \t<i class=\"booster-icon twp-clock\"><\/i> <span>Tiempo de Lectura:<\/span>3 Minutos, 29 Segundos                <\/div>\n\n            <\/div>\n<p><em><strong>Dentro de las novedades para este a\u00f1o se encuentra la realizaci\u00f3n en simult\u00e1neo de actividades en la comuna de Antofagasta y San Pedro de Atacama.<\/strong><\/em><\/p>\n\n\n\n<p>La Regi\u00f3n de Antofagasta es mundialmente conocida por tener parte de los cielos m\u00e1s pr\u00edstinos para la observaci\u00f3n astron\u00f3mica, adem\u00e1s de ser un patrimonio protegido tanto por el valor cient\u00edfico y de investigaci\u00f3n que estos poseen. Es por esto que a trav\u00e9s de actividades como la \u201cVitrina Astron\u00f3mica de la Regi\u00f3n de Antofagasta\u201d, se busca destacar e impulsar cada vez mas el valor de la astronom\u00eda en nuestra zona.&nbsp;<\/p>\n\n\n\n<p>Charlas con los principales exponentes regionales y vinculados a la actividad astron\u00f3mica, concursos, astrofotograf\u00eda, manifestaciones culturales y hasta una experiencia astron\u00f3mica, ser\u00e1n parte de las actividades con fecha para este viernes 10 de mayo, y que ser\u00e1n abiertas a todo p\u00fablico.<\/p>\n\n\n\n<p>Al respecto, la Seremi de Econom\u00eda, Fomento y Turismo, Mar\u00eda Teresa Veliz, valor\u00f3 el objetivo de la actividad y expres\u00f3 \u201chemos dicho que en la diversidad de nuestra regi\u00f3n, est\u00e1 la clave de su misma riqueza; y en eso mismo, actividades como el astroturismo tienen una importante cabida en las acciones que hemos dedicado para promover, no solo la misma regi\u00f3n como destino, sino a todo el ecosistema que sustenta este sector. Por lo mismo, espacios como esta Vitrina Astron\u00f3mica nos permite materializar un desarrollo de la actividad tur\u00edstica, pero adem\u00e1s, haci\u00e9ndolo con un v\u00ednculo importante con el mundo acad\u00e9mico; a quienes mucho relevamos en la construcci\u00f3n de nuestras acciones y pol\u00edticas p\u00fablicas que tengan relaci\u00f3n con el crecimiento y desarrollo de nuestra regi\u00f3n.<\/p>\n\n\n\n<p>Por su parte, el director regional de Sernatur Antofagasta, Mauricio Soriano Silva, indic\u00f3 que, \u201ca trav\u00e9s de este tipo de instancias, podemos continuar posicionando el turismo astron\u00f3mico, y as\u00ed a su vez, diversificando la oferta tur\u00edstica en segmentos, a trav\u00e9s de experiencias memorables y distintivas. Hoy los turistas est\u00e1n optando cada vez m\u00e1s por lugares y productos que les ofrezcan experiencias \u00fanicas, y el astroturismo es una excelente opci\u00f3n que nos ayuda a mostrarnos como un destino imperdible. Por otra parte, de manera podemos ejecutar unos de los grandes ejes de trabajo que venimos realizando en conjunto a los fondos del gobierno regional, y tambi\u00e9n gracias al trabajo colaborativo con otras entidades\u201d.&nbsp;<\/p>\n\n\n\n<p>Finalmente, y en el mismo tenor, el director del Centro de Astronom\u00eda de la Universidad de Antofagasta, Eduardo Unda Sanzana, indic\u00f3 que \u201cel objetivo de la Vitrina Astron\u00f3mica es visibilizar la diversidad de aproximaciones que existen a la astronom\u00eda en la Regi\u00f3n de Antofagasta, lo que va desde la actividad cient\u00edfica en los observatorios que son de primer nivel mundial, hasta la sensibilidad art\u00edstica de los creadores de la zona entorno a la observaci\u00f3n y contemplaci\u00f3n del cielo. Por esto cualquiera que vibre con este universo puede asistir\u201d, finaliz\u00f3.&nbsp;<\/p>\n\n\n\n<p>Cabe destacar que esta instancia en su primera versi\u00f3n fue propuesta por el Centro de Astronom\u00eda de la Universidad de Antofagasta, en el marco de las actividades convocadas a nivel nacional por el programa Ciencia P\u00fablica del Ministerio de Ciencia, Tecnolog\u00eda, Conocimiento e Innovaci\u00f3n, la Fundaci\u00f3n Planetario, y la Sociedad Chilena de Astronom\u00eda.&nbsp;<\/p>\n\n\n\n<p><strong>Actividades&nbsp;<\/strong><\/p>\n\n\n\n<p>En Antofagasta las actividades se llevar\u00e1n a cabo entre las 10:00 a las 13:00 hrs en la Plaza Col\u00f3n, ubicada en calle Pratt, con motivo de la ejecuci\u00f3n del Plan Nacional de Recuperaci\u00f3n de Centros Urbanos, con prop\u00f3sito de mejorar las condiciones urbanas, y recuperar el normal funcionamiento de espacios p\u00fablicos de alta valoraci\u00f3n social.&nbsp;&nbsp;<\/p>\n\n\n\n<p>En San Pedro de Atacama, las actividades iniciar\u00e1n a las 18:00 para finalizar a las 21:00 horas, en la plaza c\u00edvica de la comuna.&nbsp;<\/p>\n\n\n\n<p>Adem\u00e1s, entre el desarrollo de estas actividades, se realizar\u00e1 una experiencia astron\u00f3mica para profesionales del turismo, que consistir\u00e1 en una visita a Mirador Caleta El Cobre en Antofagasta.<\/p>\n\n\n\n<p>Cabe mencionar que la \u201cVitrina Astron\u00f3mica de la Regi\u00f3n de Antofagasta\u201d es organizada por Sernatur, el Gobierno Regional, la Delegacion Presidencial, el Centro de Astronom\u00eda de la Universidad de Antofagasta, la Direcci\u00f3n de Desarrollo del Turismo de la Ilustre Municipalidad de Antofagasta, la Ilustre Municipalidad de San Pedro de Atacama, CORFO y el PTI de Turismo Sustentable, entre a otras entidades colaboradoras.&nbsp;<\/p>\n","protected":false},"excerpt":{"rendered":"<p>Dentro de las novedades para este a\u00f1o se encuentra la realizaci\u00f3n en simult\u00e1neo de actividades en la comuna de Antofagasta y San Pedro de Atacama. La Regi\u00f3n de Antofagasta es&hellip;<\/p>\n","protected":false},"author":1,"featured_media":15384,"comment_status":"closed","ping_status":"closed","sticky":false,"template":"","format":"standard","meta":{"_monsterinsights_skip_tracking":false,"_monsterinsights_sitenote_active":false,"_monsterinsights_sitenote_note":"","_monsterinsights_sitenote_category":0,"footnotes":""},"categories":[4639,2405],"tags":[5669,2956,2235,489,490,143,1782,2871,565,1264],"class_list":["post-15383","post","type-post","status-publish","format-standard","has-post-thumbnail","hentry","category-astronomia","category-region","tag-antofagastatinos","tag-astronomia","tag-astronomica","tag-dia","tag-internacional","tag-region","tag-segunda","tag-sernatur","tag-version","tag-vitrina"],"_links":{"self":[{"href":"https:\/\/antofapop.cl\/index.php\/wp-json\/wp\/v2\/posts\/15383"}],"collection":[{"href":"https:\/\/antofapop.cl\/index.php\/wp-json\/wp\/v2\/posts"}],"about":[{"href":"https:\/\/antofapop.cl\/index.php\/wp-json\/wp\/v2\/types\/post"}],"author":[{"embeddable":true,"href":"https:\/\/antofapop.cl\/index.php\/wp-json\/wp\/v2\/users\/1"}],"replies":[{"embeddable":true,"href":"https:\/\/antofapop.cl\/index.php\/wp-json\/wp\/v2\/comments?post=15383"}],"version-history":[{"count":1,"href":"https:\/\/antofapop.cl\/index.php\/wp-json\/wp\/v2\/posts\/15383\/revisions"}],"predecessor-version":[{"id":15385,"href":"https:\/\/antofapop.cl\/index.php\/wp-json\/wp\/v2\/posts\/15383\/revisions\/15385"}],"wp:featuredmedia":[{"embeddable":true,"href":"https:\/\/antofapop.cl\/index.php\/wp-json\/wp\/v2\/media\/15384"}],"wp:attachment":[{"href":"https:\/\/antofapop.cl\/index.php\/wp-json\/wp\/v2\/media?parent=15383"}],"wp:term":[{"taxonomy":"category","embeddable":true,"href":"https:\/\/antofapop.cl\/index.php\/wp-json\/wp\/v2\/categories?post=15383"},{"taxonomy":"post_tag","embeddable":true,"href":"https:\/\/antofapop.cl\/index.php\/wp-json\/wp\/v2\/tags?post=15383"}],"curies":[{"name":"wp","href":"https:\/\/api.w.org\/{rel}","templated":true}]}}