{"id":15476,"date":"2024-05-26T19:21:53","date_gmt":"2024-05-26T16:21:53","guid":{"rendered":"https:\/\/antofapop.cl\/?p=15476"},"modified":"2024-05-26T19:21:53","modified_gmt":"2024-05-26T16:21:53","slug":"con-pago-a-la-tierra-presentan-libro-infanto-juvenil-con-contenido-intercultural","status":"publish","type":"post","link":"https:\/\/antofapop.cl\/index.php\/2024\/05\/26\/con-pago-a-la-tierra-presentan-libro-infanto-juvenil-con-contenido-intercultural\/","title":{"rendered":"<strong>Con pago a la tierra presentan libro infanto-juvenil con contenido intercultural<\/strong>"},"content":{"rendered":"<div class='booster-block booster-read-block'>\n                <div class=\"twp-read-time\">\n                \t<i class=\"booster-icon twp-clock\"><\/i> <span>Tiempo de Lectura:<\/span>2 Minutos, 36 Segundos                <\/div>\n\n            <\/div>\n<p><em><strong>\u201cLama Glama \u00a1Soy la Llama!\u201d Fue distribuida en la comunidad de San Pedro de Atacama y el valle de Puques.<\/strong><\/em><\/p>\n\n\n\n<p>Este mes comenz\u00f3 a distribuirse en San Pedro de Atacama el libro \u201cLama Glama \u00a1Soy la Llama! Mi vida en el Desierto de Atacama\u201d, texto de divulgaci\u00f3n cient\u00edfica financiado por el programa Ciencia P\u00fablica del Ministerio de Ciencia, Tecnolog\u00eda, Conocimiento e Innovaci\u00f3n, y ejecutado por el Instituto de Investigaciones Arqueol\u00f3gicas y Museo (IIAM) de la Universidad Cat\u00f3lica del Norte (UCN).&nbsp;<\/p>\n\n\n\n<p>La entrega de este material se realiz\u00f3 con el simb\u00f3lico pago a la tierra, en la Comunidad de la Puna de Tocol, Alis, Celeste, Honar y Puques, instituci\u00f3n asociada con la cual se elabor\u00f3 este texto educativo. Los comuneros destacaron la iniciativa que promueve su cultura pastoril y la relaci\u00f3n que \u00e9sta tiene con la naturaleza y los cam\u00e9lidos.<\/p>\n\n\n\n<p>Sobre este hito, la presidenta de la Comunidad de la Puna, Patricia Cruz Mamani expres\u00f3 que \u201cpara nosotros esto es significativo, pues difunde en nuestros ni\u00f1os lo que son las vivencias e historia que se han experimentado en la Puna. El colaborar sobre el tema de los cam\u00e9lidos es muy interesante, pues presenta nuestra comunidad al pa\u00eds y el mundo sobre una cultura milenaria muy poco visibilizada, y as\u00ed hacemos presente que continuamos con estas tradiciones, como las pr\u00e1cticas del ganado hasta hoy\u201d.&nbsp;<\/p>\n\n\n\n<p><strong>IMPRESIONES<\/strong><\/p>\n\n\n\n<p>La presentaci\u00f3n del libro tambi\u00e9n se realiz\u00f3 en el Instituto de Investigaciones Arqueol\u00f3gicas y Museo (IIAM) de la UCN en San Pedro de Atacama, hasta donde lleg\u00f3 alrededor de medio centenar de personas.&nbsp;<\/p>\n\n\n\n<p>\u201cLo que me gust\u00f3 de este material son los diferentes cuentos que, cada uno, resalta una caracter\u00edstica sobre el pastoreo. Va desde la antropolog\u00eda, temas m\u00e1s cient\u00edficos hasta aspectos culturales. Yo, no siendo de la zona, me es muy interesante escuchar el relato de las personas que pertenecen a estas comunidades y que se plasman en este libro\u201d, coment\u00f3 Lucas Rojas, estudiante en administraci\u00f3n de turismo.&nbsp;<\/p>\n\n\n\n<p>Por su parte Ilia Reyes Aymani, coordinadora de la Escuela Andina para ni\u00f1os dijo que \u201cesto es relevante, pues si bien nuestra cultura ha sido oral, hoy debe ser escrita para que quede testimonio para pr\u00f3ximas generaciones. As\u00ed el testimonio se acrecienta y perdura en el tiempo. Este trabajo es lo que hacemos en la Escuela Andina, rescatando un conocimiento ancestral pero que a\u00fan se vive en la actualidad, y este texto es una herramienta muy importante para nosotros, los educadores\u201d.<\/p>\n\n\n\n<p><strong>CONTENIDO&nbsp;<\/strong><\/p>\n\n\n\n<p>Con once cuentos, en el libro se relatan acontecimientos o situaciones de la vida de las llamitas en el desierto de Atacama. Las narraciones escritas son inspiradas en historias reales, y est\u00e1n marcadas por la incorporaci\u00f3n de caracter\u00edsticas del periodo, basadas en investigaciones realizadas por parte del equipo de trabajo y complementadas con atractivas y coloridas ilustraciones m\u00e1s bibliograf\u00eda.&nbsp;<\/p>\n\n\n\n<p>En sus p\u00e1ginas se relatan las historias acompa\u00f1adas con infograf\u00edas de manera cercana, did\u00e1ctica y entretenida, con una l\u00ednea gr\u00e1fica que permite hacer saltos temporales manteniendo una misma identidad visual.&nbsp;<\/p>\n\n\n\n<p>Para los interesados, pueden hallar el libro en su versi\u00f3n digital en la p\u00e1gina web: <a href=\"http:\/\/lamaglamasoylallama.cl\/\">http:\/\/lamaglamasoylallama.cl\/.<\/a><\/p>\n","protected":false},"excerpt":{"rendered":"<p>\u201cLama Glama \u00a1Soy la Llama!\u201d Fue distribuida en la comunidad de San Pedro de Atacama y el valle de Puques. Este mes comenz\u00f3 a distribuirse en San Pedro de Atacama&hellip;<\/p>\n","protected":false},"author":1,"featured_media":15477,"comment_status":"closed","ping_status":"closed","sticky":false,"template":"","format":"standard","meta":{"_monsterinsights_skip_tracking":false,"_monsterinsights_sitenote_active":false,"_monsterinsights_sitenote_note":"","_monsterinsights_sitenote_category":0,"footnotes":""},"categories":[2349,197],"tags":[8777,8776,5771,2743,319,8775,1124],"class_list":["post-15476","post","type-post","status-publish","format-standard","has-post-thumbnail","hentry","category-el-loa","category-libros","tag-contenido","tag-infanto","tag-intercultural","tag-juvenil","tag-libro","tag-pago","tag-tierra"],"_links":{"self":[{"href":"https:\/\/antofapop.cl\/index.php\/wp-json\/wp\/v2\/posts\/15476"}],"collection":[{"href":"https:\/\/antofapop.cl\/index.php\/wp-json\/wp\/v2\/posts"}],"about":[{"href":"https:\/\/antofapop.cl\/index.php\/wp-json\/wp\/v2\/types\/post"}],"author":[{"embeddable":true,"href":"https:\/\/antofapop.cl\/index.php\/wp-json\/wp\/v2\/users\/1"}],"replies":[{"embeddable":true,"href":"https:\/\/antofapop.cl\/index.php\/wp-json\/wp\/v2\/comments?post=15476"}],"version-history":[{"count":1,"href":"https:\/\/antofapop.cl\/index.php\/wp-json\/wp\/v2\/posts\/15476\/revisions"}],"predecessor-version":[{"id":15478,"href":"https:\/\/antofapop.cl\/index.php\/wp-json\/wp\/v2\/posts\/15476\/revisions\/15478"}],"wp:featuredmedia":[{"embeddable":true,"href":"https:\/\/antofapop.cl\/index.php\/wp-json\/wp\/v2\/media\/15477"}],"wp:attachment":[{"href":"https:\/\/antofapop.cl\/index.php\/wp-json\/wp\/v2\/media?parent=15476"}],"wp:term":[{"taxonomy":"category","embeddable":true,"href":"https:\/\/antofapop.cl\/index.php\/wp-json\/wp\/v2\/categories?post=15476"},{"taxonomy":"post_tag","embeddable":true,"href":"https:\/\/antofapop.cl\/index.php\/wp-json\/wp\/v2\/tags?post=15476"}],"curies":[{"name":"wp","href":"https:\/\/api.w.org\/{rel}","templated":true}]}}