{"id":15600,"date":"2024-06-11T02:50:26","date_gmt":"2024-06-10T23:50:26","guid":{"rendered":"https:\/\/antofapop.cl\/?p=15600"},"modified":"2024-06-11T02:50:26","modified_gmt":"2024-06-10T23:50:26","slug":"artesana-recibe-importante-distincion-internacional","status":"publish","type":"post","link":"https:\/\/antofapop.cl\/index.php\/2024\/06\/11\/artesana-recibe-importante-distincion-internacional\/","title":{"rendered":"Artesana recibe importante distinci\u00f3n internacional"},"content":{"rendered":"<div class='booster-block booster-read-block'>\n                <div class=\"twp-read-time\">\n                \t<i class=\"booster-icon twp-clock\"><\/i> <span>Tiempo de Lectura:<\/span>3 Minutos, 19 Segundos                <\/div>\n\n            <\/div>\n<p><em><strong>Premio es otorgado por el Consejo Mundial de Artesan\u00edas Regi\u00f3n Latinoam\u00e9rica (WCC-LA), con patrocinio de Unesco. Este a\u00f1o participaron m\u00e1s de 95 obras de seis pa\u00edses de Latinoam\u00e9rica, pertenecientes al Cono Sur y de la Regi\u00f3n Andina (Per\u00fa, Ecuador, Brasil, Paraguay, Uruguay, Bolivia y Chile)<\/strong>.<\/em><\/p>\n\n\n\n<p>El Reconocimiento de Excelencia para las Artesan\u00edas de Am\u00e9rica del Sur, otorgado por el Consejo Mundial de Artesan\u00edas Regi\u00f3n Latinoamericana, WCC-LA , con patrocinio de Unesco y organizado por el Comit\u00e9 Nacional de Artesan\u00eda, conformado por el \u00c1rea de Artesan\u00eda del Ministerio de las Culturas, las Artes y el Patrimonio, y el Programa de Artesan\u00eda de la Pontificia Universidad Cat\u00f3lica de Chile, recibi\u00f3 recientemente la artesana de la comuna de San Pedro de Atacama, B\u00e1rbara Tatan\u00e9 Dur\u00e1n Martinoya, con su obra Zorro Colorado.<\/p>\n\n\n\n<p>\u201cPara m\u00ed fue muy emocionante porque en realidad pucha que la ha luchado uno para llegar a eso. Ha sido un verdadero aliciente para decir est\u00e1 bien, sigamos, vale la pena, levantarse y venir a este taller y estamos hablando con las manos, estamos representando nuestro territorio, estamos volcando en una cer\u00e1mica nuestra identidad, tanto como pa\u00eds, nuestra identidad creadora; creo que te lo reconozcan internacionalmente es fant\u00e1stico\u201d manifest\u00f3 B\u00e1rbara Tatan\u00e9 Dur\u00e1n.<\/p>\n\n\n\n<p>Por su parte, el seremi de las Culturas, las Artes y el Patrimonio, Claudio Lagos Guti\u00e9rrez, destac\u00f3 el trabajo de Tatan\u00e9, respecto a la identidad local plasmada en sus creaciones, \u201cEstar aqu\u00ed en San Pedro de Atacama junto a Tatan\u00e9, es un privilegio. Estar en esta especie de santuario del arte, de la artesan\u00eda, una mujer que ha dedicado su vida al arte, al desarrollo de lo que ella hace, plasmando en sus artesan\u00edas el esp\u00edritu del pueblo, de la gente, del territorio, es principalmente lo que hace Tatan\u00e9 y ha sido reconocida a nivel internacional, a partir de este reconocimiento de excelencia a las artesan\u00edas de Am\u00e9rica del Sur, lo que nos llena de orgullo a la regi\u00f3n completa, al pa\u00eds, sobre el trabajo que se hace en nuestra tierra\u201d.&nbsp;<\/p>\n\n\n\n<p>\u201cTatan\u00e9 es una mujer que est\u00e1 profundamente enraizada en el territorio, en el trabajo que ella hace y es un orgullo para nosotros como Ministerio de las Culturas, las Artes y Patrimonio poder haber venido hoy a entregarle su reconocimiento, pero por sobre todo el cari\u00f1o, afecto y calor de hogar que se siente en este espacio que es su taller, as\u00ed que agradecido tremendamente, orgulloso de ella, de lo que est\u00e1 haciendo y por supuesto el privilegio de ser contempor\u00e1neos de una mujer que est\u00e1 a estos niveles internacionales, as\u00ed que los agradecimientos son para ella\u201d, agreg\u00f3 la autoridad regional de las Culturas.<\/p>\n\n\n\n<p>Cabe destacar, que fueron 16 artesanos y artesanas reconocidos, de los cuales 10 chilenos recibieron este importante galard\u00f3n, tras una deliberaci\u00f3n que estuvo a cargo de los destacados expertos internacionales Romain Juilha, curador y gestor franc\u00e9s de R\u00e9v\u00e9lations China, R\u00e9v\u00e9lations Par\u00eds y Homo Faber; y Edric Ong, arquitecto y dise\u00f1ador radicado en Malasia, presidente de la Sociedad de Artes y Oficios de Sarawak en Malasia Oriental.&nbsp;<\/p>\n\n\n\n<p>Este a\u00f1o participaron m\u00e1s de 95 obras de seis pa\u00edses de Latinoam\u00e9rica, pertenecientes al Cono Sur y de la Regi\u00f3n Andina (Per\u00fa, Ecuador, Brasil, Paraguay, Uruguay, Bolivia y Chile). Este reconocimiento propone estimular a artesanos y artesanas a crear obras de calidad mediante el uso de destrezas, dise\u00f1o y temas tradicionales de modo innovador, a fin de asegurar la continuidad y sostenibilidad de la diversidad de t\u00e9cnicas y tradiciones culturales<\/p>\n\n\n\n<p>De Chile, participaron las obras ganadoras del Sello de Excelencia a la Artesan\u00eda Chile de los a\u00f1os 2019, 2020, 2021, 2022, 2023. Las obras reconocidas fueron El trenzado castellano, de Marcela Parra Dom\u00ednguez; Canto de Ballenas, de Jorge Monares Araya; La marisca de caracoles, de Raquel Aguilar Colivoro; Vaina de Algarrobo, de Nelson Castillo Tapia; Zorro Colorado, de Tatan\u00e9 Dur\u00e1n; Estudio del Wanco, de Daniel Soffia Vega; Sutileza campesina, de Kevin Soto Concha; Gaza mestiza, de Margarita Reyes Vidal; y Sue\u00f1o bajo el mar, de Hilda D\u00edas Salas.&nbsp;<\/p>\n","protected":false},"excerpt":{"rendered":"<p>Premio es otorgado por el Consejo Mundial de Artesan\u00edas Regi\u00f3n Latinoam\u00e9rica (WCC-LA), con patrocinio de Unesco. Este a\u00f1o participaron m\u00e1s de 95 obras de seis pa\u00edses de Latinoam\u00e9rica, pertenecientes al&hellip;<\/p>\n","protected":false},"author":1,"featured_media":15601,"comment_status":"closed","ping_status":"closed","sticky":false,"template":"","format":"standard","meta":{"_monsterinsights_skip_tracking":false,"_monsterinsights_sitenote_active":false,"_monsterinsights_sitenote_note":"","_monsterinsights_sitenote_category":0,"footnotes":""},"categories":[178,3017],"tags":[5859,3799,2336,490],"class_list":["post-15600","post","type-post","status-publish","format-standard","has-post-thumbnail","hentry","category-arte-cultura","category-san-pedro-de-atacama","tag-artesana","tag-distincion","tag-importante","tag-internacional"],"_links":{"self":[{"href":"https:\/\/antofapop.cl\/index.php\/wp-json\/wp\/v2\/posts\/15600"}],"collection":[{"href":"https:\/\/antofapop.cl\/index.php\/wp-json\/wp\/v2\/posts"}],"about":[{"href":"https:\/\/antofapop.cl\/index.php\/wp-json\/wp\/v2\/types\/post"}],"author":[{"embeddable":true,"href":"https:\/\/antofapop.cl\/index.php\/wp-json\/wp\/v2\/users\/1"}],"replies":[{"embeddable":true,"href":"https:\/\/antofapop.cl\/index.php\/wp-json\/wp\/v2\/comments?post=15600"}],"version-history":[{"count":1,"href":"https:\/\/antofapop.cl\/index.php\/wp-json\/wp\/v2\/posts\/15600\/revisions"}],"predecessor-version":[{"id":15602,"href":"https:\/\/antofapop.cl\/index.php\/wp-json\/wp\/v2\/posts\/15600\/revisions\/15602"}],"wp:featuredmedia":[{"embeddable":true,"href":"https:\/\/antofapop.cl\/index.php\/wp-json\/wp\/v2\/media\/15601"}],"wp:attachment":[{"href":"https:\/\/antofapop.cl\/index.php\/wp-json\/wp\/v2\/media?parent=15600"}],"wp:term":[{"taxonomy":"category","embeddable":true,"href":"https:\/\/antofapop.cl\/index.php\/wp-json\/wp\/v2\/categories?post=15600"},{"taxonomy":"post_tag","embeddable":true,"href":"https:\/\/antofapop.cl\/index.php\/wp-json\/wp\/v2\/tags?post=15600"}],"curies":[{"name":"wp","href":"https:\/\/api.w.org\/{rel}","templated":true}]}}