{"id":16103,"date":"2024-07-23T00:58:33","date_gmt":"2024-07-22T21:58:33","guid":{"rendered":"https:\/\/antofapop.cl\/?p=16103"},"modified":"2024-07-23T00:58:34","modified_gmt":"2024-07-22T21:58:34","slug":"cancha-5-del-estadio-regional-ya-esta-abierta-para-todos-los-antofagastinos","status":"publish","type":"post","link":"https:\/\/antofapop.cl\/index.php\/2024\/07\/23\/cancha-5-del-estadio-regional-ya-esta-abierta-para-todos-los-antofagastinos\/","title":{"rendered":"Cancha 5 del Estadio Regional ya est\u00e1 abierta para todos los antofagastinos"},"content":{"rendered":"<div class='booster-block booster-read-block'>\n                <div class=\"twp-read-time\">\n                \t<i class=\"booster-icon twp-clock\"><\/i> <span>Tiempo de Lectura:<\/span>3 Minutos, 17 Segundos                <\/div>\n\n            <\/div>\n<p><strong><em>En la actividad el alcalde reafirm\u00f3 su compromiso para que la cancha lleve el nombre del fallecido exseleccionado nacional e \u00eddolo del CDA, Sergio Marchant Mu\u00f1oz<\/em>.<\/strong><\/p>\n\n\n\n<p>En una vibrante jornada marcada por el entusiasmo y la celebraci\u00f3n, la Municipalidad de Antofagasta entreg\u00f3 a la comunidad la tan esperada Cancha N\u00b0 5 del Estadio Regional, la apertura de esta nueva cancha sint\u00e9tica, resultado de una inversi\u00f3n municipal de m\u00e1s de 180 millones de pesos, fue recibida con gran alegr\u00eda por la comunidad.<\/p>\n\n\n\n<p>La jornada inici\u00f3 con una activaci\u00f3n deportiva organizada por el programa de Talleres Deportivos Recreativos y Promoci\u00f3n de la Salud y con una animada batucada que recibi\u00f3 un caluroso aplauso por parte de los asistentes. \u201cEsta cancha va a estar disponible para toda la comunidad de Antofagasta, cuenta con una iluminaci\u00f3n incre\u00edble, una cancha de primera calidad con certificaci\u00f3n FIFA, espectaculares camarines y galer\u00eda, entonces ya est\u00e1 todo dispuesto para que la comunidad de Antofagasta pueda disfrutar de la ex cancha N\u00b0 5, hoy cancha Sergio Marchant Mu\u00f1oz\u201d, indic\u00f3 el alcalde Jonathan Vel\u00e1squez Ram\u00edrez.<\/p>\n\n\n\n<p>La remodelaci\u00f3n de la cancha 5 incluy\u00f3 la remoci\u00f3n del 100% del pasto sint\u00e9tico existente, la mejora de la base para la recepci\u00f3n de una nueva carpeta y la instalaci\u00f3n de una nueva superficie de juego con demarcaciones oficiales.<\/p>\n\n\n\n<p><strong>Ex cancha N\u00b05, hoy Sergio Marchant Mu\u00f1oz<\/strong><\/p>\n\n\n\n<p>En la ceremonia el alcalde manifest\u00f3 que se realizar\u00eda el proceso administrativo que permitir\u00e1 que el recinto deportivo lleve el nombre del fallecido ex seleccionado nacional e \u00eddolo del CDA, Sergio Marchant Mu\u00f1oz. \u201cHemos tenido la presencia de su familia, de nuevas generaciones de futbolistas quienes se sorprendieron cuando mostramos un video, se alegraron mucho y aplaudieron y gritaron sus goles, fue una ceremonia muy emocionante\u201d, celebr\u00f3 el alcalde.<\/p>\n\n\n\n<p>La familia de Sergio Marchant Mu\u00f1oz, presente en el evento, expres\u00f3 su gratitud por el homenaje y la dedicaci\u00f3n de la cancha a su ser querido. \u201cMuy bonito, emocionante, arto ni\u00f1o, era lo que siempre le gust\u00f3 a \u00e9l, as\u00ed que muy feliz, orgullosa\u201d, coment\u00f3 la viuda de Sergio Marchant, Nancy Molina.<\/p>\n\n\n\n<p>Por su parte, Jes\u00fas Marchant, hijo del \u00eddolo del CDA, dijo que \u201cestamos muy contentos y muy felices como familia de que esta cancha que es un activo comunitario para la salud de la poblaci\u00f3n, lleve el nombre de mi padre que fue su segunda casa tambi\u00e9n por mucho tiempo, trabajando en Deportes Antofagasta, con chicos de la CMDR a trav\u00e9s del departamento extra escolar, y estamos muy orgullosos y felices de este homenaje p\u00f3stumo\u201d.<\/p>\n\n\n\n<p>Los j\u00f3venes deportistas tambi\u00e9n compartieron su alegr\u00eda y expectativas. Manuel Hern\u00e1ndez, jugador sub 16 del CDA, coment\u00f3 que \u201chac\u00eda mucha falta esta remodelaci\u00f3n porque hab\u00eda hoyos en el medio de la cancha que podr\u00edan provocar lesiones y es super bueno para nosotros que ahora est\u00e9 en mejores condiciones\u201d. Mientras que su compa\u00f1ero, Juan Cheu Quepan, manifest\u00f3 que es una \u201cbonita cancha, bien preparada, bien bonito todo, as\u00ed que se agradece mucho la gesti\u00f3n\u201d.<\/p>\n\n\n\n<p>La inauguraci\u00f3n culmin\u00f3 con el puntapi\u00e9 inicial del alcalde junto al nieto de Sergio Marchant, seguido de un partido de f\u00fatbol entre los usuarios de los talleres de f\u00fatbol de la Corporaci\u00f3n Municipal de Deporte y Recreaci\u00f3n, marcando el comienzo de lo que se espera sean innumerables partidos y actividades deportivas en la nueva Cancha 5, Sergio Marchant Mu\u00f1oz.<\/p>\n\n\n\n<p><strong>Uso de la Cancha<\/strong><\/p>\n\n\n\n<p>Es importante recordar que este espacio se rige seg\u00fan la ordenanza municipal N\u00b04 del 2018, es por esto que para hacer uso de la cancha N\u00b05 Sergio Marchant Mu\u00f1oz, se debe realizar la solicitud a trav\u00e9s de una carta dirigida al alcalde, indicando d\u00eda, hora y nombre de la entidad solicitante. La carta debe ser ingresada por la Oficina de Partes ubicada en el 1er piso de la municipalidad desde las 08:00 de la ma\u00f1ana hasta las 13:00 hrs o tambi\u00e9n al correo electr\u00f3nico&nbsp;<a href=\"mailto:oficina.partes@imantof.cl\" target=\"_blank\" rel=\"noreferrer noopener\">oficina.partes@imantof.cl<\/a>&nbsp;con copia a&nbsp;<a href=\"mailto:estadio.regional@imantof.cl\" target=\"_blank\" rel=\"noreferrer noopener\">estadio.regional@imantof.cl<\/a>.<\/p>\n","protected":false},"excerpt":{"rendered":"<p>En la actividad el alcalde reafirm\u00f3 su compromiso para que la cancha lleve el nombre del fallecido exseleccionado nacional e \u00eddolo del CDA, Sergio Marchant Mu\u00f1oz. En una vibrante jornada&hellip;<\/p>\n","protected":false},"author":1,"featured_media":16104,"comment_status":"closed","ping_status":"closed","sticky":false,"template":"","format":"standard","meta":{"_monsterinsights_skip_tracking":false,"_monsterinsights_sitenote_active":false,"_monsterinsights_sitenote_note":"","_monsterinsights_sitenote_category":0,"footnotes":""},"categories":[2,278],"tags":[341,2017,1236,8962,1239,262],"class_list":["post-16103","post","type-post","status-publish","format-standard","has-post-thumbnail","hentry","category-antofagasta","category-deporte-y-recreacion","tag-abierta","tag-antofagastinos","tag-cancha","tag-cancha-5","tag-estadio","tag-regional"],"_links":{"self":[{"href":"https:\/\/antofapop.cl\/index.php\/wp-json\/wp\/v2\/posts\/16103"}],"collection":[{"href":"https:\/\/antofapop.cl\/index.php\/wp-json\/wp\/v2\/posts"}],"about":[{"href":"https:\/\/antofapop.cl\/index.php\/wp-json\/wp\/v2\/types\/post"}],"author":[{"embeddable":true,"href":"https:\/\/antofapop.cl\/index.php\/wp-json\/wp\/v2\/users\/1"}],"replies":[{"embeddable":true,"href":"https:\/\/antofapop.cl\/index.php\/wp-json\/wp\/v2\/comments?post=16103"}],"version-history":[{"count":1,"href":"https:\/\/antofapop.cl\/index.php\/wp-json\/wp\/v2\/posts\/16103\/revisions"}],"predecessor-version":[{"id":16105,"href":"https:\/\/antofapop.cl\/index.php\/wp-json\/wp\/v2\/posts\/16103\/revisions\/16105"}],"wp:featuredmedia":[{"embeddable":true,"href":"https:\/\/antofapop.cl\/index.php\/wp-json\/wp\/v2\/media\/16104"}],"wp:attachment":[{"href":"https:\/\/antofapop.cl\/index.php\/wp-json\/wp\/v2\/media?parent=16103"}],"wp:term":[{"taxonomy":"category","embeddable":true,"href":"https:\/\/antofapop.cl\/index.php\/wp-json\/wp\/v2\/categories?post=16103"},{"taxonomy":"post_tag","embeddable":true,"href":"https:\/\/antofapop.cl\/index.php\/wp-json\/wp\/v2\/tags?post=16103"}],"curies":[{"name":"wp","href":"https:\/\/api.w.org\/{rel}","templated":true}]}}