{"id":16204,"date":"2024-07-25T17:15:40","date_gmt":"2024-07-25T14:15:40","guid":{"rendered":"https:\/\/antofapop.cl\/?p=16204"},"modified":"2024-07-25T17:15:41","modified_gmt":"2024-07-25T14:15:41","slug":"programa-somos-42-jovenes-inician-su-formacion-para-transformarse-en-agentes-de-cambio","status":"publish","type":"post","link":"https:\/\/antofapop.cl\/index.php\/2024\/07\/25\/programa-somos-42-jovenes-inician-su-formacion-para-transformarse-en-agentes-de-cambio\/","title":{"rendered":"Programa SOMOS: 42 j\u00f3venes inician su formaci\u00f3n para transformarse en Agentes de Cambio"},"content":{"rendered":"<div class='booster-block booster-read-block'>\n                <div class=\"twp-read-time\">\n                \t<i class=\"booster-icon twp-clock\"><\/i> <span>Tiempo de Lectura:<\/span>1 Minutos, 57 Segundos                <\/div>\n\n            <\/div>\n<p><strong><em>A la fecha m\u00e1s de 500 j\u00f3venes han participado de esta iniciativa liderada por Fundaci\u00f3n Minera Escondida con el objetivo de mejorar condiciones, resolver problemas y promover cambios sociales en su entorno.<\/em><\/strong><\/p>\n\n\n\n<p>El Programa SOMOS 2024 inici\u00f3 el proceso formativo de 42 j\u00f3venes de la Regi\u00f3n de Antofagasta, quienes podr\u00e1n adquirir nuevas herramientas y habilidades que les permitir\u00e1 potenciar sus habilidades de liderazgo, conectarse con el ecosistema social, generar redes y materializar sus proyectos a trav\u00e9s de sus organizaciones.<\/p>\n\n\n\n<p>Este a\u00f1o, la iniciativa presentada por Fundaci\u00f3n Minera Escondida, trabajar\u00e1 con j\u00f3venes de entre 20 y 32 a\u00f1os de la regi\u00f3n, con el objetivo de fortalecer sus capacidades de reflexi\u00f3n cr\u00edtica y trabajo en equipo, para que puedan convertirse en los pr\u00f3ximos l\u00edderes y lideresas que guiar\u00e1n las transformaciones que requiere el territorio en diversas materias.<\/p>\n\n\n\n<p>\u201cLas nuevas generaciones son la clave para co-construir una regi\u00f3n con mirada de futuro, por esto en su 8va versi\u00f3n, el Programa SOMOS llega con su propuesta formativa que les permite desarrollar habilidades de liderazgo, conectarse con el entorno social, fortalecer sus iniciativas y transformarse en Agentes de Cambio comprometidos con el territorio\u201d, se\u00f1al\u00f3 Mar\u00eda Alejandra Cifuentes, L\u00edder de Programas de Fundaci\u00f3n Minera Escondida.<\/p>\n\n\n\n<p><strong>Plan Formativo<\/strong><\/p>\n\n\n\n<p>El proceso formativo de los j\u00f3venes se extender\u00e1 hasta noviembre, periodo donde los y las participantes abordar\u00e1n tem\u00e1ticas como desarrollo organizacional, diagn\u00f3stico participativo, formulaci\u00f3n de proyectos, ente otros. Adem\u00e1s, compartir\u00e1n experiencias como \u201cLinke@ate\u201d, un espacio de articulaci\u00f3n y redes que les permitir\u00e1 conectarse con el entorno y robustecer sus iniciativas.<\/p>\n\n\n\n<p>\u201cEstamos muy contentos y entusiasmados, porque hoy vivimos el Primer Taller de Formaci\u00f3n de Programa Somos 2024, instancia en la que pudimos compartir ideas con las dem\u00e1s organizaciones y adquirir nuevas herramientas para fortalecer el prop\u00f3sito de nuestras iniciativas.\u201d asegur\u00f3 Johan Rojas, Encargado de Comunicaciones Fundaci\u00f3n Mr Barber.<\/p>\n\n\n\n<p>As\u00ed mismo, Thiare L\u00f3pez, coordinadora de la Agrupaci\u00f3n Verano Feliz Antofagasta, se\u00f1al\u00f3 que \u201chicimos muchas actividades interactivas, donde profundizamos en el impacto que tienen nuestras organizaciones en la vida de las personas. Fue una instancia muy enriquecedora porque todos somos muy diversos y eso fomenta la construcci\u00f3n de una red colaborativa s\u00f3lida en la Regi\u00f3n de Antofagasta\u201d<\/p>\n\n\n\n<p>Al finalizar estos seis meses de aprendizaje, la nueva generaci\u00f3n de Agentes de Cambio podr\u00e1 abordar los desaf\u00edos territoriales y aportar en la construcci\u00f3n de una regi\u00f3n m\u00e1s justa, diversa y sostenible.<\/p>\n","protected":false},"excerpt":{"rendered":"<p>A la fecha m\u00e1s de 500 j\u00f3venes han participado de esta iniciativa liderada por Fundaci\u00f3n Minera Escondida con el objetivo de mejorar condiciones, resolver problemas y promover cambios sociales en&hellip;<\/p>\n","protected":false},"author":1,"featured_media":16205,"comment_status":"closed","ping_status":"closed","sticky":false,"template":"","format":"standard","meta":{"_monsterinsights_skip_tracking":false,"_monsterinsights_sitenote_active":false,"_monsterinsights_sitenote_note":"","_monsterinsights_sitenote_category":0,"footnotes":""},"categories":[2405,3188],"tags":[996,427,841,707,1108,419],"class_list":["post-16204","post","type-post","status-publish","format-standard","has-post-thumbnail","hentry","category-region","category-tendencias","tag-agentes","tag-cambio","tag-formacion","tag-jovenes","tag-programa","tag-somos"],"_links":{"self":[{"href":"https:\/\/antofapop.cl\/index.php\/wp-json\/wp\/v2\/posts\/16204"}],"collection":[{"href":"https:\/\/antofapop.cl\/index.php\/wp-json\/wp\/v2\/posts"}],"about":[{"href":"https:\/\/antofapop.cl\/index.php\/wp-json\/wp\/v2\/types\/post"}],"author":[{"embeddable":true,"href":"https:\/\/antofapop.cl\/index.php\/wp-json\/wp\/v2\/users\/1"}],"replies":[{"embeddable":true,"href":"https:\/\/antofapop.cl\/index.php\/wp-json\/wp\/v2\/comments?post=16204"}],"version-history":[{"count":1,"href":"https:\/\/antofapop.cl\/index.php\/wp-json\/wp\/v2\/posts\/16204\/revisions"}],"predecessor-version":[{"id":16206,"href":"https:\/\/antofapop.cl\/index.php\/wp-json\/wp\/v2\/posts\/16204\/revisions\/16206"}],"wp:featuredmedia":[{"embeddable":true,"href":"https:\/\/antofapop.cl\/index.php\/wp-json\/wp\/v2\/media\/16205"}],"wp:attachment":[{"href":"https:\/\/antofapop.cl\/index.php\/wp-json\/wp\/v2\/media?parent=16204"}],"wp:term":[{"taxonomy":"category","embeddable":true,"href":"https:\/\/antofapop.cl\/index.php\/wp-json\/wp\/v2\/categories?post=16204"},{"taxonomy":"post_tag","embeddable":true,"href":"https:\/\/antofapop.cl\/index.php\/wp-json\/wp\/v2\/tags?post=16204"}],"curies":[{"name":"wp","href":"https:\/\/api.w.org\/{rel}","templated":true}]}}