{"id":16225,"date":"2024-07-26T18:12:26","date_gmt":"2024-07-26T15:12:26","guid":{"rendered":"https:\/\/antofapop.cl\/?p=16225"},"modified":"2024-07-26T18:12:26","modified_gmt":"2024-07-26T15:12:26","slug":"convocatoria-2025-para-fondart-nacional-y-regional-ya-se-encuentra-abierta","status":"publish","type":"post","link":"https:\/\/antofapop.cl\/index.php\/2024\/07\/26\/convocatoria-2025-para-fondart-nacional-y-regional-ya-se-encuentra-abierta\/","title":{"rendered":"<strong>Convocatoria 2025 para Fondart Nacional y Regional ya se encuentra abierta<\/strong>"},"content":{"rendered":"<div class='booster-block booster-read-block'>\n                <div class=\"twp-read-time\">\n                \t<i class=\"booster-icon twp-clock\"><\/i> <span>Tiempo de Lectura:<\/span>4 Minutos, 0 Segundos                <\/div>\n\n            <\/div>\n<p><strong><em>A nivel regional son m\u00e1s de $465.000.000 los recursos disponibles para financiar iniciativas en distintas l\u00edneas.<\/em><\/strong><\/p>\n\n\n\n<p><strong><em>Quienes deseen presentar sus proyectos y necesiten orientaciones y apoyo, podr\u00e1n acceder a las charlas y asesor\u00edas que la Seremi de las Culturas efectuar\u00e1 en todas las comunas de la regi\u00f3n de Antofagasta desde este jueves 25 de julio.<\/em><\/strong><\/p>\n\n\n\n<p>En pleno proceso de convocatoria se encuentran los Fondos de Cultura del Ministerio de las Culturas, las Artes y el Patrimonio, que han abierto sus procesos de postulaci\u00f3n 2025 de manera gradual, siendo actualmente el Fondo Nacional de Desarrollo Cultural y las Artes, Fondart, tanto Nacional como Regional, los que se suman a la apertura desde el pasado viernes 19 de julio.<\/p>\n\n\n\n<p>Es as\u00ed, que el Fondart Nacional 2025 abri\u00f3 sus cuatro l\u00edneas de financiamiento, correspondientes a: Creaci\u00f3n Art\u00edstica, Infraestructura, Investigaci\u00f3n y Becas Chile Crea. Dentro de las principales novedades est\u00e1 el aumento del financiamiento de proyectos que generan empleabilidad y el incremento de las exigencias de postulaci\u00f3n en las l\u00edneas de Creaci\u00f3n Art\u00edstica e Investigaci\u00f3n, con el fin de priorizar a proyectos y personas que en a\u00f1os anteriores no se hayan adjudicado iniciativas.&nbsp;&nbsp;<\/p>\n\n\n\n<p>En relaci\u00f3n al Fondart Regional 2025, contempla cinco l\u00edneas, correspondientes a: Actividades Formativas; Culturas Regionales; Difusi\u00f3n; Organizaci\u00f3n de Festivales, Ferias y Carnavales; y Cultura de Pueblos Originarios. Al igual que el Fondart Nacional, se aumentar\u00e1 el financiamiento de proyectos que generan empleabilidad y las exigencias de postulaci\u00f3n en las l\u00edneas Difusi\u00f3n y Actividades Formativas, con el prop\u00f3sito de priorizar a ganadores in\u00e9ditos.<\/p>\n\n\n\n<p>Cabe destacar que con el objetivo de facilitar y entregar la mayor cantidad de orientaci\u00f3n para la correcta elaboraci\u00f3n y postulaci\u00f3n de proyectos, el Seremi de las Culturas, las Artes y el Patrimonio, Claudio Lagos Guti\u00e9rrez, inform\u00f3 que habr\u00e1 capacitaciones y charlas en todas las comunas de la regi\u00f3n de Antofagasta desde el jueves 25 de julio hasta el viernes 16 de agosto.<\/p>\n\n\n\n<p>\u201cEn esta oportunidad a nivel regional son m\u00e1s de 465 millones de pesos que se repartir\u00e1n en las diferentes l\u00edneas de trabajo, por lo que como oficina regional, como Seremia, estamos realizando un trabajo territorial con el objetivo de entregar ojal\u00e1 la mayor cantidad de facilidades y orientaciones para que la gente pueda elaborar y postular sus proyectos de la mejor manera posible, as\u00ed que entre el jueves 25 de julio y el viernes 16 de agosto, estaremos realizando charlas en todas las comunas de la regi\u00f3n de Antofagasta, por lo que hacemos un llamado a estar atentos a la fechas de cada localidad, porque llegaremos con profesionales para que todas y todos puedan tener la informaci\u00f3n adecuada para el Fondart Regional y Nacional 2025\u201d.<\/p>\n\n\n\n<p>Las charlas y asesor\u00edas de los Fondos Concursables, especialmente de Fondart Regional, comenzar\u00e1n este jueves 25 de julio, a las 18:00 horas de manera on line, para toda la comunidad de Antofagasta que est\u00e9 interesada en postular alguna iniciativa en la convocatoria 2025, charlas que continuar\u00e1n de manera presencial el mi\u00e9rcoles 31 de julio, a las 18:00 horas, en la comuna de Taltal, espec\u00edficamente en el centro cultural, mientras que el jueves 01 de agosto tendr\u00e1 lugar en el mismo lugar , desde las 9:30 horas, la instancia de asesor\u00edas.<\/p>\n\n\n\n<p>Para el martes 06 de agosto, a las 18:00 horas,&nbsp; est\u00e1 programada la charla en la comuna de Calama, en lugar por confirmar, para continuar el mi\u00e9rcoles 07 de agosto, pero durante todo el d\u00eda con charla y asesor\u00edas en la comuna de Ollag\u00fce.<\/p>\n\n\n\n<p>La gira seguir\u00e1 el jueves 08 de agosto con asesor\u00edas y consultas en la comuna de San Pedro de Atacama, en lugar por confirmar, mientras que el viernes 09 de agosto, durante todo el d\u00eda se realizar\u00e1 asesor\u00edas en la comuna de Calama.<\/p>\n\n\n\n<p>El martes 13 de agosto, la comuna de Mar\u00eda Elena tendr\u00e1 la oportunidad de participar en charla y asesor\u00eda, de 15:30 a 19:30 horas, en lugar por definir; mientras que el mi\u00e9rcoles 14 de agosto, de 16:00 a 19:00 horas, lo mismo ocurrir\u00e1 en el centro cultural de la comuna de Mejillones, siguiendo el jueves 15 de agosto, de 15:30 a 19:00 horas, en la biblioteca municipal de Tocopilla.<\/p>\n\n\n\n<p>Las acciones de apoyo y asesor\u00eda finalizar\u00e1n el viernes 16 de agosto, de 10:00 a 15:00 horas, en dependencias de la Seremi de las Culturas, las Artes y el Patrimonio, ubicadas en Prat #253, comuna de Antofagasta.<\/p>\n\n\n\n<p>En tanto, el cierre de postulaciones tanto para Fondart Nacional como Regional, se extender\u00e1 hasta el 26 de agosto, para todas las l\u00edneas correspondientes a dichos fondos.<\/p>\n\n\n\n<p>M\u00e1s informaci\u00f3n sobre charlas y asesor\u00edas se pueden consultar al correo: <a href=\"mailto:katherine.palma@cultura.gob.cl\">katherine.palma@cultura.gob.cl<\/a> y mayores detalles de los Fondos de Cultura, como bases y formulario de postulaci\u00f3n, est\u00e1n disponibles en <a href=\"http:\/\/www.fondosdecultura.cl\">www.fondosdecultura.cl<\/a> .<\/p>\n","protected":false},"excerpt":{"rendered":"<p>A nivel regional son m\u00e1s de $465.000.000 los recursos disponibles para financiar iniciativas en distintas l\u00edneas. Quienes deseen presentar sus proyectos y necesiten orientaciones y apoyo, podr\u00e1n acceder a las&hellip;<\/p>\n","protected":false},"author":1,"featured_media":16226,"comment_status":"closed","ping_status":"closed","sticky":false,"template":"","format":"standard","meta":{"_monsterinsights_skip_tracking":false,"_monsterinsights_sitenote_active":false,"_monsterinsights_sitenote_note":"","_monsterinsights_sitenote_category":0,"footnotes":""},"categories":[178,2405],"tags":[341,5,1447,292,262],"class_list":["post-16225","post","type-post","status-publish","format-standard","has-post-thumbnail","hentry","category-arte-cultura","category-region","tag-abierta","tag-convocatoria","tag-fondart","tag-nacional","tag-regional"],"_links":{"self":[{"href":"https:\/\/antofapop.cl\/index.php\/wp-json\/wp\/v2\/posts\/16225"}],"collection":[{"href":"https:\/\/antofapop.cl\/index.php\/wp-json\/wp\/v2\/posts"}],"about":[{"href":"https:\/\/antofapop.cl\/index.php\/wp-json\/wp\/v2\/types\/post"}],"author":[{"embeddable":true,"href":"https:\/\/antofapop.cl\/index.php\/wp-json\/wp\/v2\/users\/1"}],"replies":[{"embeddable":true,"href":"https:\/\/antofapop.cl\/index.php\/wp-json\/wp\/v2\/comments?post=16225"}],"version-history":[{"count":1,"href":"https:\/\/antofapop.cl\/index.php\/wp-json\/wp\/v2\/posts\/16225\/revisions"}],"predecessor-version":[{"id":16227,"href":"https:\/\/antofapop.cl\/index.php\/wp-json\/wp\/v2\/posts\/16225\/revisions\/16227"}],"wp:featuredmedia":[{"embeddable":true,"href":"https:\/\/antofapop.cl\/index.php\/wp-json\/wp\/v2\/media\/16226"}],"wp:attachment":[{"href":"https:\/\/antofapop.cl\/index.php\/wp-json\/wp\/v2\/media?parent=16225"}],"wp:term":[{"taxonomy":"category","embeddable":true,"href":"https:\/\/antofapop.cl\/index.php\/wp-json\/wp\/v2\/categories?post=16225"},{"taxonomy":"post_tag","embeddable":true,"href":"https:\/\/antofapop.cl\/index.php\/wp-json\/wp\/v2\/tags?post=16225"}],"curies":[{"name":"wp","href":"https:\/\/api.w.org\/{rel}","templated":true}]}}