{"id":16234,"date":"2024-07-26T18:34:25","date_gmt":"2024-07-26T15:34:25","guid":{"rendered":"https:\/\/antofapop.cl\/?p=16234"},"modified":"2024-07-26T18:34:26","modified_gmt":"2024-07-26T15:34:26","slug":"radomiro-tomic-puso-en-marcha-su-torneo-rt-premier-padel-2024","status":"publish","type":"post","link":"https:\/\/antofapop.cl\/index.php\/2024\/07\/26\/radomiro-tomic-puso-en-marcha-su-torneo-rt-premier-padel-2024\/","title":{"rendered":"<strong>Radomiro Tomic puso en marcha su Torneo \u201cRT Premier Padel 2024\u201d<\/strong>"},"content":{"rendered":"<div class='booster-block booster-read-block'>\n                <div class=\"twp-read-time\">\n                \t<i class=\"booster-icon twp-clock\"><\/i> <span>Tiempo de Lectura:<\/span>1 Minutos, 38 Segundos                <\/div>\n\n            <\/div>\n<p><em><strong>Actividad cont\u00f3 con un partido de exhibici\u00f3n en el que Mary Carmen Llano, vicepresidenta de Gesti\u00f3n de Personas, fue parte de los equipos que jugaron un partido de exhibici\u00f3n.<\/strong><\/em><\/p>\n\n\n\n<p>Con un partido de exhibici\u00f3n en el Centro de Capacitaci\u00f3n y Recreaci\u00f3n Radomiro Tomic (CCR) se dio inicio al RT Premier Padel 2024, campeonato que traer\u00e1 competencia, camarader\u00eda y trabajo en equipo entre las 32 parejas de hombres, mujeres y mixtas que disputar\u00e1n este torneo, las que fueron distribuidas en ocho grupos.<\/p>\n\n\n\n<p>El torneo se alinea con tres de los cinco principios de la nueva Carta de Valores de Codelco: Nos cuidamos, Vivimos el respeto y Valoramos la colaboraci\u00f3n, con prop\u00f3sito de integrar estos valores en el d\u00eda a d\u00eda, con espacio para el deporte y la diversi\u00f3n, adem\u00e1s de promover relaciones m\u00e1s fuertes y saludables.<\/p>\n\n\n\n<p>La inauguraci\u00f3n, cont\u00f3 con la presencia de la vicepresidenta de gesti\u00f3n de personas, Mary Carmen Llano, quien adem\u00e1s fue parte de los equipos que jugaron un partido de exhibici\u00f3n, destacando la importancia de actividades recreativas fuera del entorno laboral.&nbsp;<\/p>\n\n\n\n<p>&#8220;Creo que esta es una iniciativa muy potente que est\u00e1 generando divisi\u00f3n Radomiro Tomic, y que se enmarca tambi\u00e9n dentro de lo que buscamos desde la gesti\u00f3n de personas, que es poder instalar la importancia de una vida saludable, una vida sana y que tiene que ver con nuestro valor Nos Cuidamos&#8221;, expres\u00f3.<\/p>\n\n\n\n<p>\u201cEstas actividades reflejan el esp\u00edritu de lo que hay detr\u00e1s que es transversal, aqu\u00ed hay gente que trabaja en Codelco, que trabaja en nuestras empresas colaboradoras, hombres, mujeres. La verdad es que da un espacio de inclusi\u00f3n a todas y todos los que hoy d\u00eda son fan de este deporte\u201d, manifest\u00f3 Alejandro Berenguela, gerente operaciones DRT<\/p>\n\n\n\n<p>Los encuentros se est\u00e1n llevando a cabo en el Hotel Kilantur, a partir de este martes 23 de julio, donde los equipos demostrar\u00e1n la pasi\u00f3n por esta pr\u00e1ctica deportiva que cada d\u00eda gana m\u00e1s adeptos, as\u00ed como espacios para su realizaci\u00f3n.<\/p>\n","protected":false},"excerpt":{"rendered":"<p>Actividad cont\u00f3 con un partido de exhibici\u00f3n en el que Mary Carmen Llano, vicepresidenta de Gesti\u00f3n de Personas, fue parte de los equipos que jugaron un partido de exhibici\u00f3n. Con&hellip;<\/p>\n","protected":false},"author":1,"featured_media":16235,"comment_status":"closed","ping_status":"closed","sticky":false,"template":"","format":"standard","meta":{"_monsterinsights_skip_tracking":false,"_monsterinsights_sitenote_active":false,"_monsterinsights_sitenote_note":"","_monsterinsights_sitenote_category":0,"footnotes":""},"categories":[2221,278],"tags":[1411,9010,9009,8882,9008,8883,342],"class_list":["post-16234","post","type-post","status-publish","format-standard","has-post-thumbnail","hentry","category-calama","category-deporte-y-recreacion","tag-marcha","tag-padel","tag-premier","tag-radomiro","tag-rt","tag-tomic","tag-torneo"],"_links":{"self":[{"href":"https:\/\/antofapop.cl\/index.php\/wp-json\/wp\/v2\/posts\/16234"}],"collection":[{"href":"https:\/\/antofapop.cl\/index.php\/wp-json\/wp\/v2\/posts"}],"about":[{"href":"https:\/\/antofapop.cl\/index.php\/wp-json\/wp\/v2\/types\/post"}],"author":[{"embeddable":true,"href":"https:\/\/antofapop.cl\/index.php\/wp-json\/wp\/v2\/users\/1"}],"replies":[{"embeddable":true,"href":"https:\/\/antofapop.cl\/index.php\/wp-json\/wp\/v2\/comments?post=16234"}],"version-history":[{"count":1,"href":"https:\/\/antofapop.cl\/index.php\/wp-json\/wp\/v2\/posts\/16234\/revisions"}],"predecessor-version":[{"id":16236,"href":"https:\/\/antofapop.cl\/index.php\/wp-json\/wp\/v2\/posts\/16234\/revisions\/16236"}],"wp:featuredmedia":[{"embeddable":true,"href":"https:\/\/antofapop.cl\/index.php\/wp-json\/wp\/v2\/media\/16235"}],"wp:attachment":[{"href":"https:\/\/antofapop.cl\/index.php\/wp-json\/wp\/v2\/media?parent=16234"}],"wp:term":[{"taxonomy":"category","embeddable":true,"href":"https:\/\/antofapop.cl\/index.php\/wp-json\/wp\/v2\/categories?post=16234"},{"taxonomy":"post_tag","embeddable":true,"href":"https:\/\/antofapop.cl\/index.php\/wp-json\/wp\/v2\/tags?post=16234"}],"curies":[{"name":"wp","href":"https:\/\/api.w.org\/{rel}","templated":true}]}}