{"id":16301,"date":"2024-07-29T16:57:21","date_gmt":"2024-07-29T13:57:21","guid":{"rendered":"https:\/\/antofapop.cl\/?p=16301"},"modified":"2024-07-29T16:57:21","modified_gmt":"2024-07-29T13:57:21","slug":"de-pereiras-lanza-chinita-canela-una-fusion-de-afro-electronico-y-vocalidad-latinoamericana","status":"publish","type":"post","link":"https:\/\/antofapop.cl\/index.php\/2024\/07\/29\/de-pereiras-lanza-chinita-canela-una-fusion-de-afro-electronico-y-vocalidad-latinoamericana\/","title":{"rendered":"De Pereiras lanza &#8220;Chinita Canela&#8221;: una fusi\u00f3n de afro electr\u00f3nico y vocalidad latinoamericana"},"content":{"rendered":"<div class='booster-block booster-read-block'>\n                <div class=\"twp-read-time\">\n                \t<i class=\"booster-icon twp-clock\"><\/i> <span>Tiempo de Lectura:<\/span>57 Segundos                <\/div>\n\n            <\/div>\n<p><strong><em>El d\u00fao musical &#8220;De Pereiras&#8221;, vuelve a sorprender con su nuevo single &#8220;Chinita Canela&#8221;, una propuesta de fusi\u00f3n electro latinoamericana.<\/em><\/strong><\/p>\n\n\n\n<p>Este lanzamiento, con esencialmente un beat afro electr\u00f3nico, incorpora una rica combinaci\u00f3n de percusiones, guitarra y sintetizadores, logrando una armon\u00eda sonora que destaca por su originalidad y frescura.<br><br>Lo que hace realmente especial a &#8220;<strong>Chinita Canela&#8221;<\/strong>&nbsp;es su propuesta vocal, fuertemente inspirada en el ic\u00f3nico grupo chileno Los Jaivas, resultando en una pieza que no s\u00f3lo es innovadora, sino que tambi\u00e9n rinde homenaje a las ra\u00edces musicales de la regi\u00f3n. As\u00ed, De Pereiras, logra una fusi\u00f3n perfecta entre el afro electr\u00f3nico y la vocalidad latinoamericana, creando una experiencia auditiva \u00fanica en este nueva propuesta, la que busca captar la atenci\u00f3n tanto de sus seguidores como nuevas audiencias que disfruten de la exploraci\u00f3n musical.<\/p>\n\n\n\n<p>De Pereiras demuestra con &#8220;<strong>Chinita Canela&#8221;&nbsp;<\/strong>su capacidad para reinventarse y ofrecer siempre algo nuevo a su p\u00fablico. Adem\u00e1s, cabe mencionar, que el lanzamiento de&nbsp;<strong>&#8220;Chinita Canela&#8221;<\/strong>&nbsp;viene acompa\u00f1ado de una pieza audiovisual&nbsp;<\/p>\n\n\n\n<p>&#8220;Chinita Canela&#8221; de De Pereiras, ya se encuentra disponible en todas las plataformas de streaming musical.<\/p>\n\n\n\n<figure class=\"wp-block-embed is-type-video is-provider-youtube wp-block-embed-youtube wp-embed-aspect-16-9 wp-has-aspect-ratio\"><div class=\"wp-block-embed__wrapper\">\n<iframe loading=\"lazy\" title=\"Chinita Canela - De Pereiras\" width=\"500\" height=\"281\" src=\"https:\/\/www.youtube.com\/embed\/uTRpfyc5Ot4?feature=oembed\" frameborder=\"0\" allow=\"accelerometer; autoplay; clipboard-write; encrypted-media; gyroscope; picture-in-picture; web-share\" referrerpolicy=\"strict-origin-when-cross-origin\" allowfullscreen><\/iframe>\n<\/div><\/figure>\n","protected":false},"excerpt":{"rendered":"<p>El d\u00fao musical &#8220;De Pereiras&#8221;, vuelve a sorprender con su nuevo single &#8220;Chinita Canela&#8221;, una propuesta de fusi\u00f3n electro latinoamericana. Este lanzamiento, con esencialmente un beat afro electr\u00f3nico, incorpora una&hellip;<\/p>\n","protected":false},"author":1,"featured_media":16302,"comment_status":"closed","ping_status":"closed","sticky":false,"template":"","format":"standard","meta":{"_monsterinsights_skip_tracking":false,"_monsterinsights_sitenote_active":false,"_monsterinsights_sitenote_note":"","_monsterinsights_sitenote_category":0,"footnotes":""},"categories":[3],"tags":[5140,5961,9034,9033,156,356,945,5010,9035],"class_list":["post-16301","post","type-post","status-publish","format-standard","has-post-thumbnail","hentry","category-musica-chilena","tag-afro","tag-canela","tag-chinita","tag-de-pereiras","tag-electronico","tag-fusion","tag-lanza","tag-latinoamericana","tag-vocalidad"],"_links":{"self":[{"href":"https:\/\/antofapop.cl\/index.php\/wp-json\/wp\/v2\/posts\/16301"}],"collection":[{"href":"https:\/\/antofapop.cl\/index.php\/wp-json\/wp\/v2\/posts"}],"about":[{"href":"https:\/\/antofapop.cl\/index.php\/wp-json\/wp\/v2\/types\/post"}],"author":[{"embeddable":true,"href":"https:\/\/antofapop.cl\/index.php\/wp-json\/wp\/v2\/users\/1"}],"replies":[{"embeddable":true,"href":"https:\/\/antofapop.cl\/index.php\/wp-json\/wp\/v2\/comments?post=16301"}],"version-history":[{"count":1,"href":"https:\/\/antofapop.cl\/index.php\/wp-json\/wp\/v2\/posts\/16301\/revisions"}],"predecessor-version":[{"id":16303,"href":"https:\/\/antofapop.cl\/index.php\/wp-json\/wp\/v2\/posts\/16301\/revisions\/16303"}],"wp:featuredmedia":[{"embeddable":true,"href":"https:\/\/antofapop.cl\/index.php\/wp-json\/wp\/v2\/media\/16302"}],"wp:attachment":[{"href":"https:\/\/antofapop.cl\/index.php\/wp-json\/wp\/v2\/media?parent=16301"}],"wp:term":[{"taxonomy":"category","embeddable":true,"href":"https:\/\/antofapop.cl\/index.php\/wp-json\/wp\/v2\/categories?post=16301"},{"taxonomy":"post_tag","embeddable":true,"href":"https:\/\/antofapop.cl\/index.php\/wp-json\/wp\/v2\/tags?post=16301"}],"curies":[{"name":"wp","href":"https:\/\/api.w.org\/{rel}","templated":true}]}}