{"id":16436,"date":"2024-08-03T16:36:04","date_gmt":"2024-08-03T13:36:04","guid":{"rendered":"https:\/\/antofapop.cl\/?p=16436"},"modified":"2024-08-03T16:37:03","modified_gmt":"2024-08-03T13:37:03","slug":"ministerio-de-las-culturas-abre-primera-convocatoria-para-el-fondo-de-fomento-al-arte-en-la-educacion-2025","status":"publish","type":"post","link":"https:\/\/antofapop.cl\/index.php\/2024\/08\/03\/ministerio-de-las-culturas-abre-primera-convocatoria-para-el-fondo-de-fomento-al-arte-en-la-educacion-2025\/","title":{"rendered":"<strong>Ministerio de las Culturas abre primera convocatoria para el Fondo de Fomento al Arte en la Educaci\u00f3n 2025<\/strong>"},"content":{"rendered":"<div class='booster-block booster-read-block'>\n                <div class=\"twp-read-time\">\n                \t<i class=\"booster-icon twp-clock\"><\/i> <span>Tiempo de Lectura:<\/span>2 Minutos, 18 Segundos                <\/div>\n\n            <\/div>\n<p><strong><em>Este a\u00f1o se realizar\u00e1n dos llamados para postular al FAE 2025. La primera para instituciones y organizaciones culturales y la segunda para escuelas y liceos art\u00edsticos. Bases disponibles en <\/em><\/strong><a href=\"https:\/\/www.fondosdecultura.cl\"><em><strong>https:\/\/www.fondosdecultura.cl<\/strong><\/em><\/a><strong><em>.<\/em><\/strong><\/p>\n\n\n\n<p>El Ministerio de las Culturas, las Artes y el Patrimonio mantiene abierta la primera convocatoria del Fondo de Fomento al Arte en la Educaci\u00f3n (FAE) 2025, iniciativa que busca contribuir al fortalecimiento de procesos de formaci\u00f3n art\u00edstica y programas de educaci\u00f3n en artes para ni\u00f1as, ni\u00f1os y j\u00f3venes en edad escolar, y fomentar la incorporaci\u00f3n de los enfoques transversales como contenido relevante para el desarrollo de procesos de educaci\u00f3n art\u00edstica.<\/p>\n\n\n\n<p>El fondo FAE 2025 contar\u00e1 con $600 millones para el financiamiento total o parcial de proyectos orientados al desarrollo de procesos formativos y pedag\u00f3gicos vinculados a las artes, tanto en el sistema formal como no formal de educaci\u00f3n. Para acceder a ellos se realizar\u00e1n dos llamados: el primero invita a instituciones y organizaciones culturales a presentar proyectos que desarrollan programas de educaci\u00f3n art\u00edstica para ni\u00f1os, ni\u00f1as y j\u00f3venes, que tendr\u00e1 un presupuesto de $450.000.000.&nbsp;<\/p>\n\n\n\n<p>La segunda invitar\u00e1 a escuelas y liceos art\u00edsticos reconocidos como tales, as\u00ed como tambi\u00e9n a otros establecimientos educacionales que promuevan la formaci\u00f3n art\u00edstica especializada en la Jornada Escolar Completa (JEC) y que no cuentan con dicho reconocimiento de \u201cescuelas art\u00edsticas\u201d. La apertura de esta convocatoria ser\u00e1 anunciada oportunamente.&nbsp;<\/p>\n\n\n\n<p><strong>Sobre la primera convocatoria<\/strong><\/p>\n\n\n\n<p>Seg\u00fan inform\u00f3 el seremi de las Culturas, las Artes y el Patrimonio, Claudio Lagos Guti\u00e9rrez, podr\u00e1n presentar proyectos a trav\u00e9s de 2 l\u00edneas de postulaci\u00f3n, que tienen relaci\u00f3n con el tipo de programa educativo que imparte la instituci\u00f3n u organizaci\u00f3n postulante:<\/p>\n\n\n\n<p>L\u00ednea 1: \u201cProgramas de Formaci\u00f3n Art\u00edstica Especializada Temprana, impartidos por instituciones u organizaciones culturales\u201d.<\/p>\n\n\n\n<p>L\u00ednea 2: \u201cProgramas de Educaci\u00f3n y\/o Mediaci\u00f3n Art\u00edstica para ni\u00f1os, ni\u00f1as y j\u00f3venes, implementadas por instituciones u organizaciones Culturales\u201d.<\/p>\n\n\n\n<p>Las modalidades de apoyo en cada l\u00ednea buscan fortalecer \u00e1mbitos relacionados con la gesti\u00f3n curricular de las instituciones, la formaci\u00f3n permanente de los equipos pedag\u00f3gicos, la especializaci\u00f3n de estudiantes con capacidades sobresalientes en su comunidad y una nueva modalidad que se implementa desde 2024 relacionada con el fomento de la Gesti\u00f3n Cultural territorial en establecimientos educacionales.<\/p>\n\n\n\n<p>Luego de cerrada la convocatoria se evaluar\u00e1 y seleccionar\u00e1 un proyecto de cada regi\u00f3n, independiente de la l\u00ednea o modalidad a la que haya postulado, espec\u00edficamente, a aquel elegible que hubiese obtenido el m\u00e1s alto puntaje en su evaluaci\u00f3n.<\/p>\n\n\n\n<p>La convocatoria considera un financiamiento para cada modalidad que va de los $6.000.000 a los $12.000.000&nbsp; como montos m\u00e1ximos seg\u00fan la l\u00ednea y modalidad.La primera convocatoria de FAE 2025 recibir\u00e1 postulaciones hasta las 17:00 horas del viernes 30 de agosto de 2024. Las bases est\u00e1n disponibles en <a href=\"https:\/\/www.fondosdecultura.cl\">https:\/\/www.fondosdecultura.cl<\/a>.<\/p>\n","protected":false},"excerpt":{"rendered":"<p>Este a\u00f1o se realizar\u00e1n dos llamados para postular al FAE 2025. La primera para instituciones y organizaciones culturales y la segunda para escuelas y liceos art\u00edsticos. Bases disponibles en https:\/\/www.fondosdecultura.cl.&hellip;<\/p>\n","protected":false},"author":1,"featured_media":16437,"comment_status":"closed","ping_status":"closed","sticky":false,"template":"","format":"standard","meta":{"_monsterinsights_skip_tracking":false,"_monsterinsights_sitenote_active":false,"_monsterinsights_sitenote_note":"","_monsterinsights_sitenote_category":0,"footnotes":""},"categories":[178,2405],"tags":[185,5,273,472,622,416,274,585],"class_list":["post-16436","post","type-post","status-publish","format-standard","has-post-thumbnail","hentry","category-arte-cultura","category-region","tag-arte","tag-convocatoria","tag-culturas","tag-educacion","tag-fomento","tag-fondo","tag-ministerio","tag-primera"],"_links":{"self":[{"href":"https:\/\/antofapop.cl\/index.php\/wp-json\/wp\/v2\/posts\/16436"}],"collection":[{"href":"https:\/\/antofapop.cl\/index.php\/wp-json\/wp\/v2\/posts"}],"about":[{"href":"https:\/\/antofapop.cl\/index.php\/wp-json\/wp\/v2\/types\/post"}],"author":[{"embeddable":true,"href":"https:\/\/antofapop.cl\/index.php\/wp-json\/wp\/v2\/users\/1"}],"replies":[{"embeddable":true,"href":"https:\/\/antofapop.cl\/index.php\/wp-json\/wp\/v2\/comments?post=16436"}],"version-history":[{"count":1,"href":"https:\/\/antofapop.cl\/index.php\/wp-json\/wp\/v2\/posts\/16436\/revisions"}],"predecessor-version":[{"id":16438,"href":"https:\/\/antofapop.cl\/index.php\/wp-json\/wp\/v2\/posts\/16436\/revisions\/16438"}],"wp:featuredmedia":[{"embeddable":true,"href":"https:\/\/antofapop.cl\/index.php\/wp-json\/wp\/v2\/media\/16437"}],"wp:attachment":[{"href":"https:\/\/antofapop.cl\/index.php\/wp-json\/wp\/v2\/media?parent=16436"}],"wp:term":[{"taxonomy":"category","embeddable":true,"href":"https:\/\/antofapop.cl\/index.php\/wp-json\/wp\/v2\/categories?post=16436"},{"taxonomy":"post_tag","embeddable":true,"href":"https:\/\/antofapop.cl\/index.php\/wp-json\/wp\/v2\/tags?post=16436"}],"curies":[{"name":"wp","href":"https:\/\/api.w.org\/{rel}","templated":true}]}}