{"id":16445,"date":"2024-08-05T23:29:11","date_gmt":"2024-08-05T20:29:11","guid":{"rendered":"https:\/\/antofapop.cl\/?p=16445"},"modified":"2024-08-05T23:29:11","modified_gmt":"2024-08-05T20:29:11","slug":"el-talento-local-brilla-en-los-encuentros-de-musica-en-el-desierto","status":"publish","type":"post","link":"https:\/\/antofapop.cl\/index.php\/2024\/08\/05\/el-talento-local-brilla-en-los-encuentros-de-musica-en-el-desierto\/","title":{"rendered":"<strong>El talento local brilla en los Encuentros de M\u00fasica en el Desierto\u00a0<\/strong>"},"content":{"rendered":"<div class='booster-block booster-read-block'>\n                <div class=\"twp-read-time\">\n                \t<i class=\"booster-icon twp-clock\"><\/i> <span>Tiempo de Lectura:<\/span>1 Minutos, 39 Segundos                <\/div>\n\n            <\/div>\n<p><em><strong>Fueron cuatro eventos musicales que hicieron vibrar a las familias y vecinos de Calama.\u00a0<\/strong><\/em><\/p>\n\n\n\n<p>Cuatro Encuentros de M\u00fasica en el Desierto se realizaron en el espacio deportivo de la Junta de Vecinos Los Balcones, lo que permiti\u00f3 a la comunidad disfrutar del talento local. Estos eventos fueron organizados por la Agrupaci\u00f3n Cielo Abierto y financiados por la convocatoria 2023 de Apoyo a los Puntos de Cultura Comunitaria del Ministerio de las Culturas, las Artes y el Patrimonio.&nbsp;<\/p>\n\n\n\n<p>Los vecinos y vecinas del sector y quienes llegaron al lugar vibraron con la m\u00fasica, rock, m\u00fasica urbana, jazz, entre otros g\u00e9neros musicales. El director de la Agrupaci\u00f3n Cielo Abierto, Holofernes Noria, expres\u00f3 su satisfacci\u00f3n con la iniciativa: \u201cLogramos que el barrio se acercara y participara. A lo largo de estos cuatro encuentros, 12 bandas locales tocaron, y vimos a familias y ni\u00f1os disfrutar y compartir el espacio. Esto refleja el esp\u00edritu de comunidad que buscamos fomentar\u201d.&nbsp;<\/p>\n\n\n\n<p>El seremi de las Culturas, las Artes y el Patrimonio, Claudio Lagos, destac\u00f3 la importancia de estos eventos para la cohesi\u00f3n social. \u201cEs fabuloso que la m\u00fasica llegue a los barrios y se generen estos encuentros, promoviendo la asociatividad entre diferentes organizaciones y fortaleciendo el v\u00ednculo con la comunidad\u201d.&nbsp;<\/p>\n\n\n\n<p>Vecinos del sector Los Balcones, valoraron la oportunidad de disfrutar de la m\u00fasica cerca de su hogar, como Joselyn M\u00e9ndez, quien mencion\u00f3 que, \u201cme parece genial que se genere la instancia para los m\u00fasicos de la zona y mejor a\u00fan que sea en este sector\u201d.&nbsp;<\/p>\n\n\n\n<p>Otra vecina, Mar\u00eda Galleguillos, coment\u00f3 que, \u201cmuy buena la organizaci\u00f3n, que bueno que hagan estas cosas en los barrios alejados para que la gente se entretenga y disfrute de buena m\u00fasica\u201d.&nbsp;<\/p>\n\n\n\n<p>Uno de los m\u00fasicos participantes, Michael Rivera, vocalista de Oasis Restrictivo, tambi\u00e9n celebr\u00f3 la iniciativa, por lo que dijo: \u201cApoyar esta iniciativa fue muy especial para nosotros, tras estar aleados luego de la pandemia. Como banda retomamos y esperamos que cada vez m\u00e1s gente llene estos espacios\u201d.<\/p>\n","protected":false},"excerpt":{"rendered":"<p>Fueron cuatro eventos musicales que hicieron vibrar a las familias y vecinos de Calama.\u00a0 Cuatro Encuentros de M\u00fasica en el Desierto se realizaron en el espacio deportivo de la Junta&hellip;<\/p>\n","protected":false},"author":1,"featured_media":16446,"comment_status":"closed","ping_status":"closed","sticky":false,"template":"","format":"standard","meta":{"_monsterinsights_skip_tracking":false,"_monsterinsights_sitenote_active":false,"_monsterinsights_sitenote_note":"","_monsterinsights_sitenote_category":0,"footnotes":""},"categories":[178,2221],"tags":[476,4795,961,214,1144],"class_list":["post-16445","post","type-post","status-publish","format-standard","has-post-thumbnail","hentry","category-arte-cultura","category-calama","tag-desierto","tag-encuentros","tag-local","tag-musica","tag-talento"],"_links":{"self":[{"href":"https:\/\/antofapop.cl\/index.php\/wp-json\/wp\/v2\/posts\/16445"}],"collection":[{"href":"https:\/\/antofapop.cl\/index.php\/wp-json\/wp\/v2\/posts"}],"about":[{"href":"https:\/\/antofapop.cl\/index.php\/wp-json\/wp\/v2\/types\/post"}],"author":[{"embeddable":true,"href":"https:\/\/antofapop.cl\/index.php\/wp-json\/wp\/v2\/users\/1"}],"replies":[{"embeddable":true,"href":"https:\/\/antofapop.cl\/index.php\/wp-json\/wp\/v2\/comments?post=16445"}],"version-history":[{"count":1,"href":"https:\/\/antofapop.cl\/index.php\/wp-json\/wp\/v2\/posts\/16445\/revisions"}],"predecessor-version":[{"id":16447,"href":"https:\/\/antofapop.cl\/index.php\/wp-json\/wp\/v2\/posts\/16445\/revisions\/16447"}],"wp:featuredmedia":[{"embeddable":true,"href":"https:\/\/antofapop.cl\/index.php\/wp-json\/wp\/v2\/media\/16446"}],"wp:attachment":[{"href":"https:\/\/antofapop.cl\/index.php\/wp-json\/wp\/v2\/media?parent=16445"}],"wp:term":[{"taxonomy":"category","embeddable":true,"href":"https:\/\/antofapop.cl\/index.php\/wp-json\/wp\/v2\/categories?post=16445"},{"taxonomy":"post_tag","embeddable":true,"href":"https:\/\/antofapop.cl\/index.php\/wp-json\/wp\/v2\/tags?post=16445"}],"curies":[{"name":"wp","href":"https:\/\/api.w.org\/{rel}","templated":true}]}}