{"id":16520,"date":"2024-08-09T22:23:41","date_gmt":"2024-08-09T19:23:41","guid":{"rendered":"https:\/\/antofapop.cl\/?p=16520"},"modified":"2024-08-09T22:23:43","modified_gmt":"2024-08-09T19:23:43","slug":"comunidad-de-camar-y-minera-zaldivar-instalan-primera-piedra-para-rescatar-sitio-arqueologico","status":"publish","type":"post","link":"https:\/\/antofapop.cl\/index.php\/2024\/08\/09\/comunidad-de-camar-y-minera-zaldivar-instalan-primera-piedra-para-rescatar-sitio-arqueologico\/","title":{"rendered":"<strong>Comunidad de Camar y Minera Zald\u00edvar instalan primera piedra para rescatar sitio arqueol\u00f3gico<\/strong>"},"content":{"rendered":"<div class='booster-block booster-read-block'>\n                <div class=\"twp-read-time\">\n                \t<i class=\"booster-icon twp-clock\"><\/i> <span>Tiempo de Lectura:<\/span>2 Minutos, 56 Segundos                <\/div>\n\n            <\/div>\n<p><strong><em>El proyecto persigue la conservaci\u00f3n y puesta en valor del Tambo de Camar, una edificaci\u00f3n prehisp\u00e1nica inserta en el Qhapaq \u00d1an o Camino del Inca, declarado patrimonio de la humanidad en 2014. La nueva infraestructura permitir\u00e1 recibir visitantes y trazar un recorrido guiado para comprender la herencia hist\u00f3rica y cultural del Salar de Atacama y su poblaci\u00f3n originaria, as\u00ed como su conexi\u00f3n con otras culturas de Sudam\u00e9rica.<\/em><\/strong><\/p>\n\n\n\n<p>En una emotiva ceremonia junto a autoridades locales y regionales, la Comunidad Atacame\u00f1a de Camar y Minera Zald\u00edvar celebraron la instalaci\u00f3n de la primera piedra del proyecto de conservaci\u00f3n y puesta en valor del Tambo de Camar, sitio arqueol\u00f3gico ubicado a 67 kil\u00f3metros de San Pedro de Atacama, con una emotiva ceremonia realizada en el lugar donde estar\u00e1n el futuro sendero y mirador.<\/p>\n\n\n\n<p>El punto est\u00e1 resguardado por la ley 17.288, que ordena la protecci\u00f3n de monumentos a trav\u00e9s del Consejo de Monumentos Nacionales (CMN), siendo parte del subtramo Camar-Peine del Qhapaq \u00d1an o Sistema Vial Andino, una extensa red de caminos de 30.000 kil\u00f3metros reconocida como Patrimonio de la Humanidad por la UNESCO en 2014.<\/p>\n\n\n\n<p>En su pasado el tambo sirvi\u00f3 como lugar de descanso y aprovisionamiento de viajeros y caravanas de personas y animales. En 2019 un aluvi\u00f3n da\u00f1\u00f3 la zona, motivando un diagn\u00f3stico integral y un estudio arqueol\u00f3gico que sentaron las bases del proceso de rescate actual.<\/p>\n\n\n\n<p>&#8220;Para nosotros trabajar en alianza con las autoridades y con la empresa privada, con reconocimiento y respeto, nos ha permitido lograr cosas como esta. Como comunidad nos estamos preparando para desarrollar una actividad tur\u00edstica responsable y controlada\u201d, se\u00f1al\u00f3 el presidente de la comunidad, H\u00e9ctor Cruz, luego de una actividad que congreg\u00f3 a cerca de 150 personas, entre habitantes del poblado de Camar, visitantes y miembros de comunidades vecinas.&nbsp;<\/p>\n\n\n\n<p><strong>Rescate de tradiciones<\/strong><\/p>\n\n\n\n<p>Para el alcalde de San Pedro de Atacama, Justo Zuleta, se trata de una iniciativa \u00fanica, que escapa a los c\u00e1nones acostumbrados en la zona, donde prolifera la urgencia en proyectos de conectividad, salud, educaci\u00f3n y servicios b\u00e1sicos. \u201cEs un significativo rescate de los valores y las tradiciones de los pueblos originarios y c\u00f3mo se conectaron con el Imperio Inca, demostrando el enorme valor hist\u00f3rico y patrimonial que tiene la zona y la comunidad de Camar\u201d, destac\u00f3 el edil.<\/p>\n\n\n\n<p>El costo del proyecto asciende a $447 millones con el CMN como intermediario t\u00e9cnico. \u201cSe construir\u00e1 una sala de informaciones con ba\u00f1o universal y oficina. Desde all\u00ed habr\u00e1 un sendero y una pasarela que llevan a un mirador para observar el Tambo de Camar en todo su esplendor\u201d, explic\u00f3 el arquitecto Ronald Caicedo, jefe de Proyectos de Paisaje Rural, empresa consultora que ejecutar\u00e1 las obras, quienes realizaron un diagn\u00f3stico integral en 2021, con apoyo del Servicio Nacional de Patrimonio Cultural, adem\u00e1s de un estudio arqueol\u00f3gico.&nbsp;<\/p>\n\n\n\n<p><strong>Hallazgos y futuro<\/strong><\/p>\n\n\n\n<p>\u201cLa comunidad de Camar va a tener el resguardo de todos los hallazgos arqueol\u00f3gicos que se encuentren en el desarrollo del proyecto, para que el p\u00fablico pueda conocerlos, conect\u00e1ndose con un desarrollo tur\u00edstico que podr\u00eda abrir las puertas para un eventual rescate futuro de otros tramos del Sistema Vial Andino que existen en la zona\u201d, destac\u00f3 el gerente general de Minera Zald\u00edvar, Leonardo Gonz\u00e1lez.&nbsp;&nbsp;&nbsp;&nbsp;<\/p>\n\n\n\n<p>En efecto, el ejecutivo detall\u00f3 que la intervenci\u00f3n contempla un dep\u00f3sito arqueol\u00f3gico ubicado en el poblado de Camar, para la conservaci\u00f3n y exposici\u00f3n de los hallazgos rescatados durante el proyecto, recinto que contar\u00e1 con un sistema de climatizaci\u00f3n, iluminaci\u00f3n y seguridad acorde a los requerimientos del CMN.<\/p>\n","protected":false},"excerpt":{"rendered":"<p>El proyecto persigue la conservaci\u00f3n y puesta en valor del Tambo de Camar, una edificaci\u00f3n prehisp\u00e1nica inserta en el Qhapaq \u00d1an o Camino del Inca, declarado patrimonio de la humanidad&hellip;<\/p>\n","protected":false},"author":1,"featured_media":16521,"comment_status":"closed","ping_status":"closed","sticky":false,"template":"","format":"standard","meta":{"_monsterinsights_skip_tracking":false,"_monsterinsights_sitenote_active":false,"_monsterinsights_sitenote_note":"","_monsterinsights_sitenote_category":0,"footnotes":""},"categories":[2349,188],"tags":[1812,7433,29,5873,585,1412,9097],"class_list":["post-16520","post","type-post","status-publish","format-standard","has-post-thumbnail","hentry","category-el-loa","category-patrimonio","tag-arqueologico","tag-camar","tag-comunidad","tag-piedra","tag-primera","tag-sitio","tag-zaldivar"],"_links":{"self":[{"href":"https:\/\/antofapop.cl\/index.php\/wp-json\/wp\/v2\/posts\/16520"}],"collection":[{"href":"https:\/\/antofapop.cl\/index.php\/wp-json\/wp\/v2\/posts"}],"about":[{"href":"https:\/\/antofapop.cl\/index.php\/wp-json\/wp\/v2\/types\/post"}],"author":[{"embeddable":true,"href":"https:\/\/antofapop.cl\/index.php\/wp-json\/wp\/v2\/users\/1"}],"replies":[{"embeddable":true,"href":"https:\/\/antofapop.cl\/index.php\/wp-json\/wp\/v2\/comments?post=16520"}],"version-history":[{"count":1,"href":"https:\/\/antofapop.cl\/index.php\/wp-json\/wp\/v2\/posts\/16520\/revisions"}],"predecessor-version":[{"id":16522,"href":"https:\/\/antofapop.cl\/index.php\/wp-json\/wp\/v2\/posts\/16520\/revisions\/16522"}],"wp:featuredmedia":[{"embeddable":true,"href":"https:\/\/antofapop.cl\/index.php\/wp-json\/wp\/v2\/media\/16521"}],"wp:attachment":[{"href":"https:\/\/antofapop.cl\/index.php\/wp-json\/wp\/v2\/media?parent=16520"}],"wp:term":[{"taxonomy":"category","embeddable":true,"href":"https:\/\/antofapop.cl\/index.php\/wp-json\/wp\/v2\/categories?post=16520"},{"taxonomy":"post_tag","embeddable":true,"href":"https:\/\/antofapop.cl\/index.php\/wp-json\/wp\/v2\/tags?post=16520"}],"curies":[{"name":"wp","href":"https:\/\/api.w.org\/{rel}","templated":true}]}}