{"id":16650,"date":"2024-08-15T01:36:22","date_gmt":"2024-08-14T22:36:22","guid":{"rendered":"https:\/\/antofapop.cl\/?p=16650"},"modified":"2024-08-15T01:36:22","modified_gmt":"2024-08-14T22:36:22","slug":"bienal-de-arte-contemporaneo-saco-llega-por-primera-vez-a-maria-elena","status":"publish","type":"post","link":"https:\/\/antofapop.cl\/index.php\/2024\/08\/15\/bienal-de-arte-contemporaneo-saco-llega-por-primera-vez-a-maria-elena\/","title":{"rendered":"<strong>Bienal de Arte Contempor\u00e1neo SACO llega por primera vez a Mar\u00eda Elena<\/strong>"},"content":{"rendered":"<div class='booster-block booster-read-block'>\n                <div class=\"twp-read-time\">\n                \t<i class=\"booster-icon twp-clock\"><\/i> <span>Tiempo de Lectura:<\/span>2 Minutos, 38 Segundos                <\/div>\n\n            <\/div>\n<p>Este 14 de agosto, frente a autoridades y la comunidad local, representantes de la <a href=\"https:\/\/bienalsaco.com\/\">Bienal SACO<\/a> sellaron un convenio de colaboraci\u00f3n junto a la Fundaci\u00f3n Municipal de Cultura, Turismo y Deportes de Mar\u00eda Elena, hito que permitir\u00e1 fortalecer el desarrollo de instancias culturales y el levantamiento de una exposici\u00f3n en la <a href=\"https:\/\/bienalsaco.com\/ecosistemas-oscuros-dark-ecosystems\/\">Bienal SACO1.2 <em>Ecosistemas oscuros<\/em><\/a><em> <\/em>en el Museo del Salitre en 2025.<\/p>\n\n\n\n<p>\u201cEsto deja una base firme para poder seguir expandiendo el arte contempor\u00e1neo fuera de la capital regional\u201d, expres\u00f3 Dagmara Wyskiel, directora de SACO, quien adem\u00e1s enfatiz\u00f3 en lo dif\u00edcil que es levantar iniciativas culturales en las comunas. \u201cSi en la capital regional no es sencillo, en las comunas es a\u00fan m\u00e1s complejo. En una comuna hist\u00f3ricamente industrial, poder tener no solamente talleres, mediaciones o conversatorios, sino tambi\u00e9n un espacio expositivo en la sala temporal del museo es tremendamente importante para ir bajando las brechas de acceso a la cultura\u201d, recalc\u00f3.&nbsp;<\/p>\n\n\n\n<p>Omar Norambuena, alcalde de Mar\u00eda Elena, destac\u00f3 los beneficios que tendr\u00e1 este convenio para la comuna y sus habitantes: \u201cNosotros tenemos un lineamiento estrat\u00e9gico que nos permite trabajar mano a mano en estas iniciativas para hacer crecer y dar a conocer la comuna, que es un territorio que sin duda tiene mucho que mostrar al mundo. Esta alianza va en beneficio directo no solo de los vecinos, sino que tambi\u00e9n de la gente que ama el arte y la cultura\u201d.<\/p>\n\n\n\n<p>El recinto escogido para formar parte del circuito expositivo de la pr\u00f3xima bienal es el Museo del Salitre, inaugurado el 2016, el cual cuenta con exhibiciones arqueol\u00f3gicas e hist\u00f3ricas ligadas a la pampa. Jorge Urquiola, director de la Fundaci\u00f3n Municipal de Cultura, Turismo y Deportes de Mar\u00eda Elena, resalt\u00f3 el inter\u00e9s en la vinculaci\u00f3n con SACO debido a la amplia experiencia que posee en la gesti\u00f3n y levantamiento de proyectos art\u00edsticos, el cual permitir\u00e1 potenciar el turismo e intercambio de aprendizajes.&nbsp;<\/p>\n\n\n\n<p>\u201cEste convenio beneficiar\u00e1 a Mar\u00eda Elena de m\u00faltiples maneras. Primero, proporcionar\u00e1 un marco para el intercambio de conocimientos y buenas pr\u00e1cticas en la gesti\u00f3n cultural y tur\u00edstica, que fortalecer\u00e1 nuestras capacidades locales. Adem\u00e1s, facilitar\u00e1 la inclusi\u00f3n de Mar\u00eda Elena en la red de arte y cultura del desierto de Atacama, lo que aumentar\u00e1 nuestro atractivo tur\u00edstico y cultural. Este acuerdo permitir\u00e1 tambi\u00e9n la implementaci\u00f3n de proyectos de arte e investigaciones transdisciplinarias que enriquecer\u00e1n nuestras ofertas culturales y educativas, contribuyendo al desarrollo econ\u00f3mico y social de la localidad\u201d, coment\u00f3.<\/p>\n\n\n\n<p>Para iniciar simb\u00f3licamente la colaboraci\u00f3n de ambas entidades, en el marco de la firma del convenio 2025, SACO llev\u00f3 a cabo la experiencia de realidad virtual <em>Bienal en el maletero<\/em>, con obras seleccionadas de la Bienal <em>Golpe<\/em> (2023), que los participantes pudieron observar en lentes de 360\u00b0.<br>Este convenio es parte del trabajo de descentralizaci\u00f3n y democratizaci\u00f3n del arte de la Bienal SACO &#8211; presentada por Escondida | BHP y financiada por el Programa de Apoyo a Organizaciones Culturales Colaboradoras, PAOCC, del Ministerio de las Culturas, las Artes y el Patrimonio &#8211; que espera seguir expandi\u00e9ndose por la regi\u00f3n de Antofagasta. Para m\u00e1s informaci\u00f3n sobre la pr\u00f3xima bienal y sus diversas actividades, puedes ingresar a la p\u00e1gina web de <a href=\"https:\/\/bienalsaco.com\/\">SACO<\/a> y sus redes sociales.<\/p>\n","protected":false},"excerpt":{"rendered":"<p>Este 14 de agosto, frente a autoridades y la comunidad local, representantes de la Bienal SACO sellaron un convenio de colaboraci\u00f3n junto a la Fundaci\u00f3n Municipal de Cultura, Turismo y&hellip;<\/p>\n","protected":false},"author":1,"featured_media":16651,"comment_status":"closed","ping_status":"closed","sticky":false,"template":"","format":"standard","meta":{"_monsterinsights_skip_tracking":false,"_monsterinsights_sitenote_active":false,"_monsterinsights_sitenote_note":"","_monsterinsights_sitenote_category":0,"footnotes":""},"categories":[178,2237],"tags":[185,184,186,2238,519,4610,585,181,3704],"class_list":["post-16650","post","type-post","status-publish","format-standard","has-post-thumbnail","hentry","category-arte-cultura","category-maria-elena","tag-arte","tag-bienal","tag-contemporaneo","tag-elena","tag-maria","tag-maria-elena","tag-primera","tag-saco","tag-vez"],"_links":{"self":[{"href":"https:\/\/antofapop.cl\/index.php\/wp-json\/wp\/v2\/posts\/16650"}],"collection":[{"href":"https:\/\/antofapop.cl\/index.php\/wp-json\/wp\/v2\/posts"}],"about":[{"href":"https:\/\/antofapop.cl\/index.php\/wp-json\/wp\/v2\/types\/post"}],"author":[{"embeddable":true,"href":"https:\/\/antofapop.cl\/index.php\/wp-json\/wp\/v2\/users\/1"}],"replies":[{"embeddable":true,"href":"https:\/\/antofapop.cl\/index.php\/wp-json\/wp\/v2\/comments?post=16650"}],"version-history":[{"count":1,"href":"https:\/\/antofapop.cl\/index.php\/wp-json\/wp\/v2\/posts\/16650\/revisions"}],"predecessor-version":[{"id":16652,"href":"https:\/\/antofapop.cl\/index.php\/wp-json\/wp\/v2\/posts\/16650\/revisions\/16652"}],"wp:featuredmedia":[{"embeddable":true,"href":"https:\/\/antofapop.cl\/index.php\/wp-json\/wp\/v2\/media\/16651"}],"wp:attachment":[{"href":"https:\/\/antofapop.cl\/index.php\/wp-json\/wp\/v2\/media?parent=16650"}],"wp:term":[{"taxonomy":"category","embeddable":true,"href":"https:\/\/antofapop.cl\/index.php\/wp-json\/wp\/v2\/categories?post=16650"},{"taxonomy":"post_tag","embeddable":true,"href":"https:\/\/antofapop.cl\/index.php\/wp-json\/wp\/v2\/tags?post=16650"}],"curies":[{"name":"wp","href":"https:\/\/api.w.org\/{rel}","templated":true}]}}