{"id":16681,"date":"2024-08-21T17:19:54","date_gmt":"2024-08-21T14:19:54","guid":{"rendered":"https:\/\/antofapop.cl\/?p=16681"},"modified":"2024-08-21T17:19:55","modified_gmt":"2024-08-21T14:19:55","slug":"el-rock-vintage-de-los-fomes-se-consolida-en-contra-el-tiempo-su-nuevo-ep","status":"publish","type":"post","link":"https:\/\/antofapop.cl\/index.php\/2024\/08\/21\/el-rock-vintage-de-los-fomes-se-consolida-en-contra-el-tiempo-su-nuevo-ep\/","title":{"rendered":"<strong>El rock vintage de\u00a0Los Fomes\u00a0se consolida en \u201cContra el Tiempo\u201d, su nuevo EP<\/strong>"},"content":{"rendered":"<div class='booster-block booster-read-block'>\n                <div class=\"twp-read-time\">\n                \t<i class=\"booster-icon twp-clock\"><\/i> <span>Tiempo de Lectura:<\/span>2 Minutos, 48 Segundos                <\/div>\n\n            <\/div>\n<p><em><strong>Grabado en vivo en formato audiovisual, el nuevo trabajo de la joven banda de Chilo\u00e9 refresca el rock latino incorporando elementos del sonido indie y del universo del jazz, entregando atm\u00f3sferas con un esp\u00edritu retro-adolescente tan nost\u00e1lgico como estimulante.<\/strong><\/em><\/p>\n\n\n\n<p>Un cruce sonoro entre el pasado y el presente, entre la nostalgia y la alegr\u00eda, entre el rock latino y el jazz; eso es lo que proponen&nbsp;<a href=\"https:\/\/bh1ik.r.sp1-brevo.net\/mk\/cl\/f\/sh\/SMK1E8tHeG13DjuVCeuY5tMrnWMQ\/1VAnIdt4gu6d\" target=\"_blank\" rel=\"noreferrer noopener\"><strong>Los Fomes<\/strong><\/a>&nbsp;en \u201c<a href=\"https:\/\/bh1ik.r.sp1-brevo.net\/mk\/cl\/f\/sh\/SMK1E8tHeG7ufsjSNp42Bifblowg\/6bEM6Gvw1Hvy\" target=\"_blank\" rel=\"noreferrer noopener\"><em><strong>Contra el tiempo<\/strong><\/em><\/a>\u201d, EP audiovisual que confirma el car\u00e1cter entra\u00f1able y el sonido&nbsp;<em>vintage<\/em>&nbsp;que la agrupaci\u00f3n oriunda de Chilo\u00e9 revel\u00f3 en su primer material, \u201c<a href=\"https:\/\/bh1ik.r.sp1-brevo.net\/mk\/cl\/f\/sh\/SMK1E8tHeGEm81YPYzDWHXyLk7Ww\/TCM69b07sJuK\" target=\"_blank\" rel=\"noreferrer noopener\"><strong>Ballena Musical<\/strong><\/a>\u201d, sesi\u00f3n en vivo publicada el a\u00f1o pasado en todas las plataformas digitales.<\/p>\n\n\n\n<p>Compuesto por seis canciones con claras influencias del rock latino de los a\u00f1os 80 y 90, el nuevo estreno de\u00a0<a rel=\"noreferrer noopener\" href=\"https:\/\/bh1ik.r.sp1-brevo.net\/mk\/cl\/f\/sh\/SMK1E8tHeGLdaANMk9N0NNH5iQ7C\/MMzjPO5rAAVQ\" target=\"_blank\"><strong>Los Fomes<\/strong><\/a>\u00a0es due\u00f1o de un esp\u00edritu melanc\u00f3lico, pero cargado de la energ\u00eda liviana y luminosa propia de la juventud creativa. Letras sobre viejos recuerdos y la importancia de traer al presente pasajes que remontan a la ni\u00f1ez o a un antiguo amor se desenvuelven en un universo que fusiona de manera natural el rock, el jazz y el blues, pero con una actitud indie y ciertos aires pop.<\/p>\n\n\n\n<p>\u201cLa \u2018onda fome\u2019 tiene ritmos movidos, explosivos y bailables, pero tambi\u00e9n est\u00e1 muy ligada a lo emocional, a la sensibilidad. Tratamos de evocar la ilusi\u00f3n, lo alegre, la nostalgia, el amor y su contraparte\u201d, expresan\u00a0<strong>Los Fomes\u00a0<\/strong>sobre su identidad musical, y agregan: &#8220;Estas canciones son producto de muchas m\u00fasicas que han sido parte de nosotros. Hay inspiraci\u00f3n de todos lados, incluso de la idea de ser de ac\u00e1, latinos. Nos gusta c\u00f3mo los latinos transformamos las cosas y le damos a todo nuestra saz\u00f3n, haciendo de muchas cosas algo \u00fanico\u201d.<\/p>\n\n\n\n<p>Al igual que la sesi\u00f3n \u201c<strong>Ballena Musical<\/strong>\u201d, \u201c<a rel=\"noreferrer noopener\" href=\"https:\/\/bh1ik.r.sp1-brevo.net\/mk\/cl\/f\/sh\/SMK1E8tHeGZMUS1H6TfyZ1sZf1Hi\/jUDgZIEP9vB8\" target=\"_blank\"><em><strong>Contra el tiempo<\/strong><\/em><\/a>\u201d fue grabado en\u00a0<strong>CECREA<\/strong>, Castro, en una jornada en la que la confianza y la amistad fueron clave para lograr el sonido fresco y fluido que caracteriza a la banda: &#8220;Nos gust\u00f3 much\u00edsimo el trabajo de\u00a0<strong>Nicolas Mascar\u00f3<\/strong>\u00a0en el audio y de\u00a0<strong>Matias Torres<\/strong>\u00a0en lo visual, as\u00ed que para este EP los llamamos a ellos y sumamos a\u00a0<strong>Paula Y\u00e1\u00f1ez<\/strong>\u00a0para la portada, con qui\u00e9n ya hab\u00edamos trabajado anteriormente en la car\u00e1tula de &#8220;<a rel=\"noreferrer noopener\" href=\"https:\/\/bh1ik.r.sp1-brevo.net\/mk\/cl\/f\/sh\/SMK1E8tHeGgDwaqEHdpSerBJdJry\/GTfAHuMdFo91\" target=\"_blank\"><em><strong>Los Demos<\/strong><\/em><\/a>&#8220;. La grabaci\u00f3n fue en el mismo lugar, con las mismas personas, el mismo d\u00eda, pero un a\u00f1o despu\u00e9s y con nuevas canciones. Esta vez quisimos mostrar canciones que venimos armando el \u00faltimo tiempo, para que nuestro p\u00fablico se vaya sintonizando con la \u2018onda fome\u2019, con lo que estamos haciendo ahora\u201d, cuentan sobre el mini-\u00e1lbum que expande las fronteras del rock y le brinda una visi\u00f3n joven y vivaz; un trabajo genuino que los posiciona como una de las propuestas m\u00e1s interesantes de la escena emergente chilena.<\/p>\n\n\n\n<figure class=\"wp-block-embed is-type-video is-provider-youtube wp-block-embed-youtube wp-embed-aspect-16-9 wp-has-aspect-ratio\"><div class=\"wp-block-embed__wrapper\">\n<iframe loading=\"lazy\" title=\"Los Fomes - Contra el Tiempo (EP)\" width=\"500\" height=\"281\" src=\"https:\/\/www.youtube.com\/embed\/VJKzeamNpqI?feature=oembed\" frameborder=\"0\" allow=\"accelerometer; autoplay; clipboard-write; encrypted-media; gyroscope; picture-in-picture; web-share\" referrerpolicy=\"strict-origin-when-cross-origin\" allowfullscreen><\/iframe>\n<\/div><figcaption class=\"wp-element-caption\">Video, montaje, color y edici\u00f3n: Mat\u00edas Torres Salas\u00a0<br>Portada: Paula Y\u00e1nez<\/figcaption><\/figure>\n\n\n\n<figure class=\"wp-block-embed is-type-rich is-provider-spotify wp-block-embed-spotify wp-embed-aspect-21-9 wp-has-aspect-ratio\"><div class=\"wp-block-embed__wrapper\">\n<iframe title=\"Spotify Embed: Contra el Tiempo\" style=\"border-radius: 12px\" width=\"100%\" height=\"352\" frameborder=\"0\" allowfullscreen allow=\"autoplay; clipboard-write; encrypted-media; fullscreen; picture-in-picture\" loading=\"lazy\" src=\"https:\/\/open.spotify.com\/embed\/album\/2mwB6EhviTgh7NiwxPGM3W?si=N008ef3ZTfSzG83Ep1njzQ&#038;nd=1&#038;dlsi=9211c34a3c0a45bc&#038;utm_source=oembed\"><\/iframe>\n<\/div><figcaption class=\"wp-element-caption\"><strong>&#8220;Contra el tiempo&#8221;<\/strong><br>\u00a0<br>Lorenzo Almonacid Leiva: Bater\u00eda en temas 1 y 2,<br>voz y guitarra en temas 3,4,5 y 6.<br>\u00a0<br>Luciano Mu\u00f1oz C\u00e1rcamo: Voz y guitarra en temas 1 y 2,\u00a0<br>bater\u00eda en temas 3,4,5 y 6<br>\u00a0<br>Roque G\u00f3mez C\u00e1rdenas: Guitarra\u00a0<br>\u00a0<br>Sergio Arciego Montenegro: Bajo<br>\u00a0<br>Grabado en Cecrea, Castro<br>Grabaci\u00f3n de audio, mezcla y master: Nicol\u00e1s Mascar\u00f3\u00a0Barr\u00eda<\/figcaption><\/figure>\n","protected":false},"excerpt":{"rendered":"<p>Grabado en vivo en formato audiovisual, el nuevo trabajo de la joven banda de Chilo\u00e9 refresca el rock latino incorporando elementos del sonido indie y del universo del jazz, entregando&hellip;<\/p>\n","protected":false},"author":1,"featured_media":16682,"comment_status":"closed","ping_status":"closed","sticky":false,"template":"","format":"standard","meta":{"_monsterinsights_skip_tracking":false,"_monsterinsights_sitenote_active":false,"_monsterinsights_sitenote_note":"","_monsterinsights_sitenote_category":0,"footnotes":""},"categories":[3],"tags":[891,38,9160,252,39,1643,8335],"class_list":["post-16681","post","type-post","status-publish","format-standard","has-post-thumbnail","hentry","category-musica-chilena","tag-contra","tag-ep","tag-fomes","tag-nuevo","tag-rock","tag-tiempo","tag-vintage"],"_links":{"self":[{"href":"https:\/\/antofapop.cl\/index.php\/wp-json\/wp\/v2\/posts\/16681"}],"collection":[{"href":"https:\/\/antofapop.cl\/index.php\/wp-json\/wp\/v2\/posts"}],"about":[{"href":"https:\/\/antofapop.cl\/index.php\/wp-json\/wp\/v2\/types\/post"}],"author":[{"embeddable":true,"href":"https:\/\/antofapop.cl\/index.php\/wp-json\/wp\/v2\/users\/1"}],"replies":[{"embeddable":true,"href":"https:\/\/antofapop.cl\/index.php\/wp-json\/wp\/v2\/comments?post=16681"}],"version-history":[{"count":1,"href":"https:\/\/antofapop.cl\/index.php\/wp-json\/wp\/v2\/posts\/16681\/revisions"}],"predecessor-version":[{"id":16683,"href":"https:\/\/antofapop.cl\/index.php\/wp-json\/wp\/v2\/posts\/16681\/revisions\/16683"}],"wp:featuredmedia":[{"embeddable":true,"href":"https:\/\/antofapop.cl\/index.php\/wp-json\/wp\/v2\/media\/16682"}],"wp:attachment":[{"href":"https:\/\/antofapop.cl\/index.php\/wp-json\/wp\/v2\/media?parent=16681"}],"wp:term":[{"taxonomy":"category","embeddable":true,"href":"https:\/\/antofapop.cl\/index.php\/wp-json\/wp\/v2\/categories?post=16681"},{"taxonomy":"post_tag","embeddable":true,"href":"https:\/\/antofapop.cl\/index.php\/wp-json\/wp\/v2\/tags?post=16681"}],"curies":[{"name":"wp","href":"https:\/\/api.w.org\/{rel}","templated":true}]}}