{"id":16748,"date":"2024-08-22T17:08:35","date_gmt":"2024-08-22T14:08:35","guid":{"rendered":"https:\/\/antofapop.cl\/?p=16748"},"modified":"2024-08-22T17:08:36","modified_gmt":"2024-08-22T14:08:36","slug":"veinte-estudiantes-participan-en-programa-que-prepara-su-ingreso-a-la-universidad","status":"publish","type":"post","link":"https:\/\/antofapop.cl\/index.php\/2024\/08\/22\/veinte-estudiantes-participan-en-programa-que-prepara-su-ingreso-a-la-universidad\/","title":{"rendered":"Veinte estudiantes participan en programa que prepara su ingreso a la universidad"},"content":{"rendered":"<div class='booster-block booster-read-block'>\n                <div class=\"twp-read-time\">\n                \t<i class=\"booster-icon twp-clock\"><\/i> <span>Tiempo de Lectura:<\/span>2 Minutos, 32 Segundos                <\/div>\n\n            <\/div>\n<p><strong><em>El Programa Proped\u00e9utico de la Universidad Cat\u00f3lica del Norte es apoyado en la comuna por Minera Antucoya en alianza con la Municipalidad de Maria Elena, respaldando a los j\u00f3venes mediante nivelaci\u00f3n acad\u00e9mica en matem\u00e1ticas, lenguaje y contenidos de apoyo al desarrollo personal, considerando tambi\u00e9n ciclos de talleres para padres y apoderados, a fin de informar beneficios estudiantiles y procesos de admisi\u00f3n universitaria.<\/em><\/strong><\/p>\n\n\n\n<p><strong><em>\u201cEsta destacable iniciativa obedece a nuestro compromiso con la formaci\u00f3n de futuros profesionales de y para la Regi\u00f3n, en l\u00ednea con nuestra Estrategia de Empleabilidad. Adem\u00e1s, es una tremenda oportunidad para extender oportunidades y descubrir el talento juvenil que est\u00e1 en las comunas y localidades m\u00e1s alejadas\u201d, manifest\u00f3 Ivo Fadic, gerente general de Minera Antucoya.<\/em><\/strong><\/p>\n\n\n\n<p>Constanza Cifuentes es una de los veinte estudiantes del Liceo T\u00e9cnico Profesional Cient\u00edfico Humanista de Mar\u00eda Elena que son parte del Programa Proped\u00e9utico de la Universidad Cat\u00f3lica del Norte (UCN)., Cada fin de semana, debe levantarse muy temprano para viajar a la comuna de Antofagasta y abordar una serie de desaf\u00edos de desarrollo personal y acad\u00e9mico, con el objetivo de facilitar su futuro ingreso a la educaci\u00f3n superior.<\/p>\n\n\n\n<p>La iniciativa considera un trabajo colaborativo entre la comunidad educativa, autoridades municipales y universitarias, siendo apoyada hace 6 a\u00f1os por Minera Antucoya como parte de su Estrategia de Empleabilidad, que busca fomentar y contribuir al desarrollo de capital humano desde el \u00e1mbito educativo. \u201cLo que m\u00e1s me ha gustado del programa es la disposici\u00f3n de los profesores, porque se dan el tiempo para ense\u00f1ar y adem\u00e1s, los conversatorios que hace la UCN me permiten conocer las diferentes carreras\u201d, se\u00f1al\u00f3 Constanza, quien est\u00e1 pensando en estudiar Ingenier\u00eda Civil Qu\u00edmica o Qu\u00edmica Industrial.<\/p>\n\n\n\n<p><strong>Apoyo acad\u00e9mico y vocacional<\/strong><\/p>\n\n\n\n<p>El programa contempla m\u00f3dulos de lenguaje, matem\u00e1tica, habilidades para la vida y electivos como c\u00e1lculo, \u00e1lgebra y ciencias. Tambi\u00e9n se realizar\u00e1 un ciclo de actividades de acompa\u00f1amiento a estudiantes, que incluye charlas sobre las carreras, test vocacionales y conversatorios con profesionales, adem\u00e1s de ensayo PAES.<\/p>\n\n\n\n<p>La iniciativa adem\u00e1s considera un ciclo de talleres para padres, con el prop\u00f3sito de informar sobre herramientas como el Registro Social de Hogares, beneficios estudiantiles, Formulario \u00danico de Acreditaci\u00f3n Socioecon\u00f3mica (FUAS) y proceso de admisi\u00f3n a la Universidad Cat\u00f3lica del Norte. \u201cPara m\u00ed como mam\u00e1 y para nosotros como familia es muy importante esta oportunidad para que mi hija pueda mejorar sus conocimientos. Es un orgullo que sea parte de este programa, ya que fueron muchos alumnos en postulaci\u00f3n y solo una cantidad determinada de cupos\u201d, valor\u00f3 la apoderada Catalina Palma.&nbsp;<\/p>\n\n\n\n<p><strong>Talento local<\/strong><\/p>\n\n\n\n<p>\u201cNos sentimos orgullosos de ser parte de esta destacable iniciativa, que obedece a nuestro compromiso para contribuir con la formaci\u00f3n de nuevos profesionales de y para la Regi\u00f3n, en l\u00ednea con la Estrategia de Empleabilidad. Adem\u00e1s, es una tremenda oportunidad para extender oportunidades y descubrir el talento juvenil que est\u00e1 en las comunas y localidades m\u00e1s alejadas\u201d, precis\u00f3 el gerente general de Minera Antucoya, Ivo Fadic.<\/p>\n\n\n\n<p>En noviembre los organizadores de este proyecto realizar\u00e1n la ceremonia de egreso del programa junto a estudiantes, apoderados y autoridades educacionales.&nbsp;<\/p>\n","protected":false},"excerpt":{"rendered":"<p>El Programa Proped\u00e9utico de la Universidad Cat\u00f3lica del Norte es apoyado en la comuna por Minera Antucoya en alianza con la Municipalidad de Maria Elena, respaldando a los j\u00f3venes mediante&hellip;<\/p>\n","protected":false},"author":1,"featured_media":16749,"comment_status":"closed","ping_status":"closed","sticky":false,"template":"","format":"standard","meta":{"_monsterinsights_skip_tracking":false,"_monsterinsights_sitenote_active":false,"_monsterinsights_sitenote_note":"","_monsterinsights_sitenote_category":0,"footnotes":""},"categories":[5474,2237],"tags":[268,5607,1108,1037,9178],"class_list":["post-16748","post","type-post","status-publish","format-standard","has-post-thumbnail","hentry","category-educacion","category-maria-elena","tag-estudiantes","tag-ingreso","tag-programa","tag-universidad","tag-veinte"],"_links":{"self":[{"href":"https:\/\/antofapop.cl\/index.php\/wp-json\/wp\/v2\/posts\/16748"}],"collection":[{"href":"https:\/\/antofapop.cl\/index.php\/wp-json\/wp\/v2\/posts"}],"about":[{"href":"https:\/\/antofapop.cl\/index.php\/wp-json\/wp\/v2\/types\/post"}],"author":[{"embeddable":true,"href":"https:\/\/antofapop.cl\/index.php\/wp-json\/wp\/v2\/users\/1"}],"replies":[{"embeddable":true,"href":"https:\/\/antofapop.cl\/index.php\/wp-json\/wp\/v2\/comments?post=16748"}],"version-history":[{"count":1,"href":"https:\/\/antofapop.cl\/index.php\/wp-json\/wp\/v2\/posts\/16748\/revisions"}],"predecessor-version":[{"id":16750,"href":"https:\/\/antofapop.cl\/index.php\/wp-json\/wp\/v2\/posts\/16748\/revisions\/16750"}],"wp:featuredmedia":[{"embeddable":true,"href":"https:\/\/antofapop.cl\/index.php\/wp-json\/wp\/v2\/media\/16749"}],"wp:attachment":[{"href":"https:\/\/antofapop.cl\/index.php\/wp-json\/wp\/v2\/media?parent=16748"}],"wp:term":[{"taxonomy":"category","embeddable":true,"href":"https:\/\/antofapop.cl\/index.php\/wp-json\/wp\/v2\/categories?post=16748"},{"taxonomy":"post_tag","embeddable":true,"href":"https:\/\/antofapop.cl\/index.php\/wp-json\/wp\/v2\/tags?post=16748"}],"curies":[{"name":"wp","href":"https:\/\/api.w.org\/{rel}","templated":true}]}}