{"id":16769,"date":"2024-08-22T18:25:26","date_gmt":"2024-08-22T15:25:26","guid":{"rendered":"https:\/\/antofapop.cl\/?p=16769"},"modified":"2024-08-22T18:25:27","modified_gmt":"2024-08-22T15:25:27","slug":"a-mas-de-2-000-metros-sobre-el-nivel-del-mar-ministro-de-energia-inauguro-la-subestacion-jadresic","status":"publish","type":"post","link":"https:\/\/antofapop.cl\/index.php\/2024\/08\/22\/a-mas-de-2-000-metros-sobre-el-nivel-del-mar-ministro-de-energia-inauguro-la-subestacion-jadresic\/","title":{"rendered":"<strong>A m\u00e1s de 2.000 metros sobre el nivel del mar ministro de Energ\u00eda inaugur\u00f3 la Subestaci\u00f3n Jadresic<\/strong>"},"content":{"rendered":"<div class='booster-block booster-read-block'>\n                <div class=\"twp-read-time\">\n                \t<i class=\"booster-icon twp-clock\"><\/i> <span>Tiempo de Lectura:<\/span>2 Minutos, 50 Segundos                <\/div>\n\n            <\/div>\n<p><strong><em>La nueva obra de transmisi\u00f3n, emplazada en la comuna de Taltal de propiedad de Transelec, es esencial para la transici\u00f3n energ\u00e9tica, ya que permitir\u00e1 la incorporaci\u00f3n masiva de energ\u00edas renovables variables y desde all\u00ed, transmitirlas a todo el pa\u00eds.<\/em><\/strong><\/p>\n\n\n\n<p>En la estrat\u00e9gica regi\u00f3n de Antofagasta, a 2.200 m.s.n.m, el ministro de Energ\u00eda, Diego Pardow inaugur\u00f3 la nueva Subestaci\u00f3n Jadresic (ex Parinas) de la empresa Transelec, uno de los proyectos de transmisi\u00f3n m\u00e1s grandes desarrollados en los \u00faltimos 15 a\u00f1os en el norte del pa\u00eds.<\/p>\n\n\n\n<p>Ubicada en la comuna de Taltal, la nueva infraestructura energ\u00e9tica cumplir\u00e1 un rol clave para la incorporaci\u00f3n masiva de energ\u00edas renovables variables, seccionando la l\u00ednea Los Changos &#8211; Cumbres de 500 kV que concret\u00f3 la interconexi\u00f3n SIC &#8211; SING hace ya siete a\u00f1os, aumentando con ello la capacidad del sistema de transmisi\u00f3n y dando un paso significativo en la transici\u00f3n energ\u00e9tica.<\/p>\n\n\n\n<p>En esta l\u00ednea, el ministro, Diego Pardow recalc\u00f3 la importancia de la materializaci\u00f3n de obras de transmisi\u00f3n que robustecen el Sistema El\u00e9ctrico Nacional (SEN) y permiten la incorporaci\u00f3n de grandes bloques de energ\u00edas limpias, fortaleciendo, adem\u00e1s, la econom\u00eda a nivel regional.<\/p>\n\n\n\n<p>\u201cLa llegada de nueva infraestructura el\u00e9ctrica siempre es una buena noticia para el pa\u00eds. Las nuevas obras de transmisi\u00f3n no tienen que ver solo con fierros o cables, sino que son capaces de transformar la vida de las personas\u201d, destac\u00f3 el secretario de Estado.<\/p>\n\n\n\n<p>El jefe de la cartera de Energ\u00eda agreg\u00f3 adem\u00e1s que \u201cla Regi\u00f3n de Antofagasta actualmente es un polo de desarrollo de las energ\u00edas limpias, generando una mayor complejidad econ\u00f3mica en la regi\u00f3n. La energ\u00eda, al igual que la miner\u00eda, est\u00e1n atrayendo m\u00e1s inversi\u00f3n y mejores empleos para sus habitantes y este proyecto es el mejor ejemplo de aquello.\u201d, se\u00f1al\u00f3 el ministro.&nbsp;<\/p>\n\n\n\n<p>Cabe mencionar que la regi\u00f3n de Antofagasta se ha consolidado en los \u00faltimos como la \u201cCapital Energ\u00e9tica\u201d de Chile, por el gran despliegue de energ\u00edas renovables. Actualmente, posee una capacidad instalada de 4.873 MW de fuentes limpias, que representan el 56,5% de matriz energ\u00e9tica y se proyecta que entre el 2024 y 2026 se adicionen 1.653MW.<\/p>\n\n\n\n<p><strong>Subestaci\u00f3n Jadresic<\/strong><\/p>\n\n\n\n<p>La \u201cNueva subestaci\u00f3n seccionadora Jadresic 220\/500 kV\u201d y \u201cNueva l\u00ednea 2&#215;500 kV Parinas \u2013 Likanantai energizada en 220 kV\u201d, fueron construidas como parte del Plan de Expansi\u00f3n del Sistema de Transmisi\u00f3n Nacional de 2019, mandatada por el Ministerio de Energ\u00eda. Se trata de dos obras independientes, pero interrelacionadas entre ellas, con las que Transelec podr\u00e1 inyectar al SEN, la enorme cantidad de energ\u00edas limpias que se generan en el Norte Grande para,&nbsp;<a>desde all\u00ed, transmitirlas a todo el pa\u00eds. Adem\u00e1s, esta nueva infraestructura permitir\u00e1 cubrir de mejor forma la demanda energ\u00e9tica para el consumo domiciliario, minero e industrial, existente en la zona.<\/a><\/p>\n\n\n\n<p>Hoy, la subestaci\u00f3n conecta al SEN al parque e\u00f3lico Taltal (Enel) y la planta fotovoltaica Lalackama (Enel); prontamente se conectar\u00e1n tambi\u00e9n los parques e\u00f3licos Lomas de Taltal (Engie) y Horizonte (Colb\u00fan) -que ser\u00e1 el m\u00e1s grande de Chile y Am\u00e9rica Latina-; y todav\u00eda tendr\u00e1 capacidad y espacio para futuras conexiones.<\/p>\n\n\n\n<p>Tras el inicio del proyecto, la subestaci\u00f3n (SE) Likanantai pas\u00f3 a llamarse Monte Mina y la SE Parinas fue rebautizada como SE Jadresic en honor a Alejandro Jadresic, destacado ingeniero civil con una larga trayectoria en el sector energ\u00eda, protagonista de las pol\u00edticas p\u00fablicas sectoriales de las \u00faltimas d\u00e9cadas, y miembro del Directorio de Transelec por 10 a\u00f1os.<\/p>\n","protected":false},"excerpt":{"rendered":"<p>La nueva obra de transmisi\u00f3n, emplazada en la comuna de Taltal de propiedad de Transelec, es esencial para la transici\u00f3n energ\u00e9tica, ya que permitir\u00e1 la incorporaci\u00f3n masiva de energ\u00edas renovables&hellip;<\/p>\n","protected":false},"author":1,"featured_media":16770,"comment_status":"closed","ping_status":"closed","sticky":false,"template":"","format":"standard","meta":{"_monsterinsights_skip_tracking":false,"_monsterinsights_sitenote_active":false,"_monsterinsights_sitenote_note":"","_monsterinsights_sitenote_category":0,"footnotes":""},"categories":[9065,2228],"tags":[1720,9189,68,4050,4910,1837,3583,9188],"class_list":["post-16769","post","type-post","status-publish","format-standard","has-post-thumbnail","hentry","category-energia","category-taltal","tag-energia","tag-jadresic","tag-mar","tag-metros","tag-ministro","tag-nivel","tag-sobre","tag-subestacion"],"_links":{"self":[{"href":"https:\/\/antofapop.cl\/index.php\/wp-json\/wp\/v2\/posts\/16769"}],"collection":[{"href":"https:\/\/antofapop.cl\/index.php\/wp-json\/wp\/v2\/posts"}],"about":[{"href":"https:\/\/antofapop.cl\/index.php\/wp-json\/wp\/v2\/types\/post"}],"author":[{"embeddable":true,"href":"https:\/\/antofapop.cl\/index.php\/wp-json\/wp\/v2\/users\/1"}],"replies":[{"embeddable":true,"href":"https:\/\/antofapop.cl\/index.php\/wp-json\/wp\/v2\/comments?post=16769"}],"version-history":[{"count":1,"href":"https:\/\/antofapop.cl\/index.php\/wp-json\/wp\/v2\/posts\/16769\/revisions"}],"predecessor-version":[{"id":16771,"href":"https:\/\/antofapop.cl\/index.php\/wp-json\/wp\/v2\/posts\/16769\/revisions\/16771"}],"wp:featuredmedia":[{"embeddable":true,"href":"https:\/\/antofapop.cl\/index.php\/wp-json\/wp\/v2\/media\/16770"}],"wp:attachment":[{"href":"https:\/\/antofapop.cl\/index.php\/wp-json\/wp\/v2\/media?parent=16769"}],"wp:term":[{"taxonomy":"category","embeddable":true,"href":"https:\/\/antofapop.cl\/index.php\/wp-json\/wp\/v2\/categories?post=16769"},{"taxonomy":"post_tag","embeddable":true,"href":"https:\/\/antofapop.cl\/index.php\/wp-json\/wp\/v2\/tags?post=16769"}],"curies":[{"name":"wp","href":"https:\/\/api.w.org\/{rel}","templated":true}]}}