{"id":16806,"date":"2024-08-23T17:38:28","date_gmt":"2024-08-23T14:38:28","guid":{"rendered":"https:\/\/antofapop.cl\/?p=16806"},"modified":"2024-08-23T17:38:28","modified_gmt":"2024-08-23T14:38:28","slug":"ministra-de-mineria-asistio-a-firma-de-importante-convenio-entre-ua-y-agrema","status":"publish","type":"post","link":"https:\/\/antofapop.cl\/index.php\/2024\/08\/23\/ministra-de-mineria-asistio-a-firma-de-importante-convenio-entre-ua-y-agrema\/","title":{"rendered":"Ministra de Miner\u00eda asisti\u00f3 a firma de importante convenio entre UA y Agrema"},"content":{"rendered":"<div class='booster-block booster-read-block'>\n                <div class=\"twp-read-time\">\n                \t<i class=\"booster-icon twp-clock\"><\/i> <span>Tiempo de Lectura:<\/span>3 Minutos, 36 Segundos                <\/div>\n\n            <\/div>\n<p><strong><em>El acuerdo con la Asociaci\u00f3n Gremial Minera de Antofagasta fortalecer\u00e1 el aprendizaje te\u00f3rico pr\u00e1ctico de los estudiantes de la casa de estudios, iniciativa que se enmarca en las actividades de la \u201cSemana de la Miner\u00eda\u201d.\u00a0\u00a0<\/em><\/strong><\/p>\n\n\n\n<p>Con la presencia de la ministra de Miner\u00eda, Aurora Williams, la Universidad de Antofagasta suscribi\u00f3 en el sal\u00f3n Vladimir Saavedra de la Facultad de Ingenier\u00eda, un innovador convenio con la Asociaci\u00f3n Gremial Minera (Agrema), el cual fortalecer\u00e1 la formaci\u00f3n acad\u00e9mica de los estudiantes de la casa de estudios, a partir del aprendizaje e interacci\u00f3n en terreno, generando un acercamiento con la cultura cupr\u00edfera.&nbsp;<\/p>\n\n\n\n<p>El acuerdo con la Agrema, que agrupa a peque\u00f1as y medianas empresas de la miner\u00eda del cobre, permitir\u00e1 que los estudiantes del Departamento de Ingenier\u00eda en Minas, cuenten con un espacio para llevar a la pr\u00e1ctica el conocimiento te\u00f3rico, a trav\u00e9s de un plan de trabajo que considera \u00e1reas como la topograf\u00eda, desarrollo minero, evaluaci\u00f3n geol\u00f3gica y geot\u00e9cnica; perforaci\u00f3n, acu\u00f1aduras y fortificaci\u00f3n, tronadura, cargu\u00edo, transporte y seguridad, siendo este \u00faltimo aspecto uno de los m\u00e1s importantes, por lo cual se trabaja en colaboraci\u00f3n con el Comit\u00e9 Regional de Seguridad Minera (Coresimin).&nbsp;<\/p>\n\n\n\n<p>El rector de la UA, Dr. Marcos Cikutovic Salas, destac\u00f3 la firma de este convenio que viene a potenciar la formaci\u00f3n de capital humano orientado al principal recurso productivo del pa\u00eds. \u201cEl hecho de firmar estos convenios de colaboraci\u00f3n no solamente nos permite estar m\u00e1s al tanto con los requerimientos que la empresa tiene, sino que nos abre tremendas perspectivas para que nuestros estudiantes empiecen a empaparse de lo que es el mundo laboral con antelaci\u00f3n a sus egresos. Entonces, para nadie es un misterio que estamos utilizando ya los espacios que nos brindan las empresas con el fin de que sean campos de pr\u00e1ctica a nuestros estudiantes\u201d.&nbsp;<\/p>\n\n\n\n<p>La m\u00e1xima autoridad universitaria agreg\u00f3 que \u201ctambi\u00e9n estamos desarrollando investigaciones conjuntas, sobre temas que realmente a ellos les interesa, buscando soluciones para los problemas que la miner\u00eda tiene, entonces estas relaciones virtuosas facilitan no solo al entorno donde est\u00e1 enclavada la Universidad de Antofagasta, sino que a la misma universidad en su programa formativo\u201d.<\/p>\n\n\n\n<p>Por su parte la ministra Aurora Williams, valor\u00f3 positivamente la alianza entre la casa de estudios con la peque\u00f1a y mediana miner\u00eda de Chile. \u201cEl v\u00ednculo de la Universidad de Antofagasta con la Agrema pone a disposici\u00f3n el conocimiento, los nuevos saberes, la innovaci\u00f3n que son tan necesarias en este sector de la industria. Pero, por otro lado, la peque\u00f1a miner\u00eda coloca tambi\u00e9n a disposici\u00f3n su faena minera en donde el intelecto joven, el intelecto acad\u00e9mico puede aportar a mejorar la productividad y por otro lado, adem\u00e1s, aumentar la producci\u00f3n\u201d.<\/p>\n\n\n\n<p>En tanto, Adriana Rivera Vega, vicepresidenta de la Asociaci\u00f3n Gremial Minera de Antofagasta (Agrema), se\u00f1al\u00f3 que el convenio entre ambas entidades se materializar\u00e1 a partir de la facilitaci\u00f3n de la instalaciones industriales de los peque\u00f1os productores de cobre, \u201cpara que los estudiantes aprendan haciendo, porque es muy distinto tocar estos temas en un escritorio, que son tan de terreno, como acu\u00f1adura, explotaci\u00f3n, uso de explosivos, a verlos en la pr\u00e1ctica, porque en la pr\u00e1ctica se presentan un mont\u00f3n de imponderables, hay situaciones como la mec\u00e1nica de la roca, cosas que solamente se pueden aprender en la pr\u00e1ctica, entonces apostamos a que hoy d\u00eda tengamos profesionales de primer nivel en esta, la gran capital minera del mundo que es la regi\u00f3n de Antofagasta\u201d.<\/p>\n\n\n\n<p>La firma de este convenio se realiz\u00f3 en el contexto de las actividades de la \u201cSemana de la Miner\u00eda\u201d, que incluy\u00f3 la entrega de un \u201cmodelo de t\u00fanel minero\u201d, donde los estudiantes podr\u00e1n instruirse en el uso de explosivos y otras \u00e1reas de la explotaci\u00f3n minera.<\/p>\n\n\n\n<p>Este viernes las actividades contin\u00faan, con una serie de charlas t\u00e9cnicas dirigidas al alumnado y egresados, las cuales ser\u00e1n dictadas por exestudiantes de la Facultad de Ingenier\u00eda, que actualmente se desempe\u00f1an en empresas de la industria cupr\u00edfera de la regi\u00f3n, quienes brindar\u00e1n informaci\u00f3n actualizada sobre su experiencia in situ, as\u00ed como tambi\u00e9n, en \u00e1mbitos tecnol\u00f3gicos y tendencias del mercado.&nbsp;&nbsp;&nbsp;&nbsp;<\/p>\n\n\n\n<p>La Semana de la Miner\u00eda 2024 de la Universidad de Antofagasta concluye este s\u00e1bado con el tradicional campeonato de f\u00fatbol, denominado Copa Minera, a efectuarse en dependencias del campus Coloso, coronando de esta forma las actividades de celebraci\u00f3n del D\u00eda del Minero.&nbsp;<\/p>\n","protected":false},"excerpt":{"rendered":"<p>El acuerdo con la Asociaci\u00f3n Gremial Minera de Antofagasta fortalecer\u00e1 el aprendizaje te\u00f3rico pr\u00e1ctico de los estudiantes de la casa de estudios, iniciativa que se enmarca en las actividades de&hellip;<\/p>\n","protected":false},"author":1,"featured_media":16807,"comment_status":"closed","ping_status":"closed","sticky":false,"template":"","format":"standard","meta":{"_monsterinsights_skip_tracking":false,"_monsterinsights_sitenote_active":false,"_monsterinsights_sitenote_note":"","_monsterinsights_sitenote_category":0,"footnotes":""},"categories":[9185,2405],"tags":[9209,1558,2153,2336,828,5492,124],"class_list":["post-16806","post","type-post","status-publish","format-standard","has-post-thumbnail","hentry","category-mineria","category-region","tag-agrema","tag-convenio","tag-firma","tag-importante","tag-mineria","tag-ministra","tag-ua"],"_links":{"self":[{"href":"https:\/\/antofapop.cl\/index.php\/wp-json\/wp\/v2\/posts\/16806"}],"collection":[{"href":"https:\/\/antofapop.cl\/index.php\/wp-json\/wp\/v2\/posts"}],"about":[{"href":"https:\/\/antofapop.cl\/index.php\/wp-json\/wp\/v2\/types\/post"}],"author":[{"embeddable":true,"href":"https:\/\/antofapop.cl\/index.php\/wp-json\/wp\/v2\/users\/1"}],"replies":[{"embeddable":true,"href":"https:\/\/antofapop.cl\/index.php\/wp-json\/wp\/v2\/comments?post=16806"}],"version-history":[{"count":1,"href":"https:\/\/antofapop.cl\/index.php\/wp-json\/wp\/v2\/posts\/16806\/revisions"}],"predecessor-version":[{"id":16808,"href":"https:\/\/antofapop.cl\/index.php\/wp-json\/wp\/v2\/posts\/16806\/revisions\/16808"}],"wp:featuredmedia":[{"embeddable":true,"href":"https:\/\/antofapop.cl\/index.php\/wp-json\/wp\/v2\/media\/16807"}],"wp:attachment":[{"href":"https:\/\/antofapop.cl\/index.php\/wp-json\/wp\/v2\/media?parent=16806"}],"wp:term":[{"taxonomy":"category","embeddable":true,"href":"https:\/\/antofapop.cl\/index.php\/wp-json\/wp\/v2\/categories?post=16806"},{"taxonomy":"post_tag","embeddable":true,"href":"https:\/\/antofapop.cl\/index.php\/wp-json\/wp\/v2\/tags?post=16806"}],"curies":[{"name":"wp","href":"https:\/\/api.w.org\/{rel}","templated":true}]}}