{"id":16987,"date":"2024-08-29T21:40:14","date_gmt":"2024-08-29T18:40:14","guid":{"rendered":"https:\/\/antofapop.cl\/?p=16987"},"modified":"2024-08-29T21:40:14","modified_gmt":"2024-08-29T18:40:14","slug":"campeonato-interescolar-de-mountain-bike-llega-al-sector-norte","status":"publish","type":"post","link":"https:\/\/antofapop.cl\/index.php\/2024\/08\/29\/campeonato-interescolar-de-mountain-bike-llega-al-sector-norte\/","title":{"rendered":"Campeonato Interescolar de Mountain Bike llega al sector norte"},"content":{"rendered":"<div class='booster-block booster-read-block'>\n                <div class=\"twp-read-time\">\n                \t<i class=\"booster-icon twp-clock\"><\/i> <span>Tiempo de Lectura:<\/span>2 Minutos, 24 Segundos                <\/div>\n\n            <\/div>\n<p><em><strong>La competencia tiene como fecha el pr\u00f3ximo domingo 01 de septiembre desde las 8:00 horas y espera a ni\u00f1os y ni\u00f1as de toda la regi\u00f3n.\u00a0<\/strong><\/em><\/p>\n\n\n\n<p>Con tres circuitos, ocho categor\u00edas y activaciones se llevar\u00e1 a cabo la primera competencia de ciclismo de monta\u00f1a formativo en el barrio Costa Laguna de Antofagasta el pr\u00f3ximo 01 de septiembre. Esta iniciativa es organizada por el programa Crecer en Movimiento del Instituto Nacional de Deportes (IND), Katari Bike y Costa laguna.<\/p>\n\n\n\n<p>\u201cNosotros como Instituto Nacional de Deportes estamos tremendamente feliz de poder ser parte de esta gran instancia que se est\u00e1 llevando por primera vez en nuestra regi\u00f3n. Esperamos que lleguen ni\u00f1os y ni\u00f1as de todo el norte a participar de esta competencia de ciclismo\u201d indic\u00f3 el director regional del IND, Diego Rojas Reyes.&nbsp;<\/p>\n\n\n\n<p>Esta actividad es totalmente gratuita y abierta a todo ni\u00f1o o ni\u00f1a que quiera participar, en especial para la comunidad educativa. En esta l\u00ednea, la participaci\u00f3n de las escuelas modelos del programa Crecer en Movimiento del IND ha sido fundamental en esta iniciativa.&nbsp;<\/p>\n\n\n\n<p>Por su parte, Lautaro Barraza, Due\u00f1o de la Tienda Katari Bike y parte de la organizaci\u00f3n se\u00f1al\u00f3 que \u201cesta carrera tiene la finalidad de poder marcar un precedente en la macrozona norte, ya que interescolares de este tipo no se han realizado en la zona, solamente en la Regi\u00f3n Metropolitana y en el sur de Chile. Esta competencia incluye ni\u00f1os que van desde los 2 a\u00f1os hasta los 18 a\u00f1os en distintas categor\u00edas\u201d.<\/p>\n\n\n\n<p>La competencia tiene como lugar el Barrio Costa Laguna, en el extremo norte de la ciudad desde las 8:00 horas es por ello, que desde el Instituto Nacional de Deportes se contar\u00e1 con un bus de traslado para quienes lo necesiten. Adem\u00e1s, para participar s\u00f3lo necesitar\u00e1s una bicicleta, un casco y estar inscrito\/a a trav\u00e9s de un formulario online.&nbsp;<\/p>\n\n\n\n<p>Por otro lado, la construcci\u00f3n de la pista ha estado a cargo del Instructor Nicol\u00e1s Iba\u00f1ez quien es parte de la bici escuela \u201cRanitas\u201d. \u201cLa pista est\u00e1 desarrollada en un terreno que nos facilit\u00f3 Costa Laguna, el cual no ten\u00eda ning\u00fan tipo de trabajo para andar en bicicleta, pero despu\u00e9s de un poco de trabajo pudimos crear una pista desarrollada para ni\u00f1os con un nivel t\u00e9cnico que tambi\u00e9n est\u00e1 pensado para que sea de competencias\u201d recalc\u00f3 Nicol\u00e1s.&nbsp;<\/p>\n\n\n\n<p>En esta oportunidad, la Subgerente Comercial de Costa Laguna, Ver\u00f3nica Az\u00f3car expres\u00f3 su motivaci\u00f3n ante el evento y sostuvo que \u201ceste 01 de septiembre la invitaci\u00f3n es a nuestro barrio Costa Laguna, donde adem\u00e1s de vivir una jornada llena de adrenalina, se podr\u00e1 disfrutar en familia en un entorno natural al aire libre y descubrir lo divertido que es este deporte\u201d.&nbsp;<\/p>\n\n\n\n<p>Para mayor informaci\u00f3n y revisar las bases de este gran circuito ingresa a las redes sociales de @interescolar_mtb e inscr\u00edbete para este pr\u00f3ximo domingo 01 de septiembre.&nbsp;<\/p>\n","protected":false},"excerpt":{"rendered":"<p>La competencia tiene como fecha el pr\u00f3ximo domingo 01 de septiembre desde las 8:00 horas y espera a ni\u00f1os y ni\u00f1as de toda la regi\u00f3n.\u00a0 Con tres circuitos, ocho categor\u00edas&hellip;<\/p>\n","protected":false},"author":1,"featured_media":16988,"comment_status":"closed","ping_status":"closed","sticky":false,"template":"","format":"standard","meta":{"_monsterinsights_skip_tracking":false,"_monsterinsights_sitenote_active":false,"_monsterinsights_sitenote_note":"","_monsterinsights_sitenote_category":0,"footnotes":""},"categories":[2,278],"tags":[3854,1866,9269,3549,339,697],"class_list":["post-16987","post","type-post","status-publish","format-standard","has-post-thumbnail","hentry","category-antofagasta","category-deporte-y-recreacion","tag-bike","tag-campeonato","tag-interescolar","tag-mountain","tag-norte","tag-sector"],"_links":{"self":[{"href":"https:\/\/antofapop.cl\/index.php\/wp-json\/wp\/v2\/posts\/16987"}],"collection":[{"href":"https:\/\/antofapop.cl\/index.php\/wp-json\/wp\/v2\/posts"}],"about":[{"href":"https:\/\/antofapop.cl\/index.php\/wp-json\/wp\/v2\/types\/post"}],"author":[{"embeddable":true,"href":"https:\/\/antofapop.cl\/index.php\/wp-json\/wp\/v2\/users\/1"}],"replies":[{"embeddable":true,"href":"https:\/\/antofapop.cl\/index.php\/wp-json\/wp\/v2\/comments?post=16987"}],"version-history":[{"count":1,"href":"https:\/\/antofapop.cl\/index.php\/wp-json\/wp\/v2\/posts\/16987\/revisions"}],"predecessor-version":[{"id":16989,"href":"https:\/\/antofapop.cl\/index.php\/wp-json\/wp\/v2\/posts\/16987\/revisions\/16989"}],"wp:featuredmedia":[{"embeddable":true,"href":"https:\/\/antofapop.cl\/index.php\/wp-json\/wp\/v2\/media\/16988"}],"wp:attachment":[{"href":"https:\/\/antofapop.cl\/index.php\/wp-json\/wp\/v2\/media?parent=16987"}],"wp:term":[{"taxonomy":"category","embeddable":true,"href":"https:\/\/antofapop.cl\/index.php\/wp-json\/wp\/v2\/categories?post=16987"},{"taxonomy":"post_tag","embeddable":true,"href":"https:\/\/antofapop.cl\/index.php\/wp-json\/wp\/v2\/tags?post=16987"}],"curies":[{"name":"wp","href":"https:\/\/api.w.org\/{rel}","templated":true}]}}