{"id":17149,"date":"2024-09-11T04:18:49","date_gmt":"2024-09-11T01:18:49","guid":{"rendered":"https:\/\/antofapop.cl\/?p=17149"},"modified":"2024-09-11T04:18:49","modified_gmt":"2024-09-11T01:18:49","slug":"estudiantes-del-colegio-don-bosco-recibiran-capacitacion-gracias-al-programa-mejores-tecnicos-para-la-industria","status":"publish","type":"post","link":"https:\/\/antofapop.cl\/index.php\/2024\/09\/11\/estudiantes-del-colegio-don-bosco-recibiran-capacitacion-gracias-al-programa-mejores-tecnicos-para-la-industria\/","title":{"rendered":"Estudiantes del Colegio Don Bosco recibir\u00e1n capacitaci\u00f3n gracias al programa \u201cMejores T\u00e9cnicos para la Industria\u201d"},"content":{"rendered":"<div class='booster-block booster-read-block'>\n                <div class=\"twp-read-time\">\n                \t<i class=\"booster-icon twp-clock\"><\/i> <span>Tiempo de Lectura:<\/span>2 Minutos, 7 Segundos                <\/div>\n\n            <\/div>\n<p><em><strong>El programa se realiza gracias a la alianza de Sierra Gorda SCM y la Asociaci\u00f3n de Industriales de Antofagasta, que ya capacit\u00f3 a 1.660 j\u00f3venes durante los 9 a\u00f1os de ejecuci\u00f3n.\u00a0<\/strong><\/em><\/p>\n\n\n\n<p>En una ceremonia simb\u00f3lica de entrega de Equipos de Protecci\u00f3n Personal (EPP), 193 alumnos de cuarto a\u00f1o medio del Colegio T\u00e9cnico Industrial Don Bosco cofundado por la Asociaci\u00f3n de Industriales de Antofagasta, dieron inicio al programa \u201cMejores T\u00e9cnicos para la Industria 2024\u201d, impulsado por Sierra Gorda SCM.<\/p>\n\n\n\n<p>Los j\u00f3venes ser\u00e1n capacitados en seguridad, medio ambiente, licencia clase D para la conducci\u00f3n de gr\u00faas horquilla, electricidad domiciliaria SEC, y mantenimiento de plantas fotovoltaicas. Todas las capacitaciones son conducentes a licencias y certificaciones.&nbsp;&nbsp;<\/p>\n\n\n\n<p>Roc\u00edo Amarilla P\u00e1ez, Fiscal General de Sustentabilidad y Asuntos Corporativos de Sierra Gorda SCM, resalt\u00f3 la colaboraci\u00f3n continua entre la empresa y el colegio, que ha permitido capacitar a 1.660 estudiantes durante los 9 a\u00f1os de ejecuci\u00f3n de este programa.&nbsp;<\/p>\n\n\n\n<p>\u201cEsto es una muestra del compromiso firme de Sierra Gorda SCM de fortalecer la educaci\u00f3n t\u00e9cnica y dar los recursos a los j\u00f3venes de nuestra regi\u00f3n para que salgan de su formaci\u00f3n secundaria con capacidades extras. Nuestras expectativas son que las herramientas que entregamos, junto con el Colegio Don Bosco, faciliten y mejoren las oportunidades de empleabilidad a todos los alumnos de esta generaci\u00f3n y de muchas m\u00e1s por venir\u201d, sostuvo.&nbsp;<\/p>\n\n\n\n<p>En tanto, H\u00e9ctor Ram\u00edrez, Rector del Colegio Don Bosco, indic\u00f3 que esta instancia tiene una gran valoraci\u00f3n para el establecimiento, fortaleciendo la transici\u00f3n social hacia el mundo laboral de los alumnos.&nbsp;<\/p>\n\n\n\n<p>\u201cPara nosotros, que somos beneficiarios del programa, tiene una alta valoraci\u00f3n porque el colegio se compromete para que nuestros estudiantes puedan tener una mejor incorporaci\u00f3n al mundo laboral. En las reuniones preliminares que hemos tenido, sabemos que tendr\u00e1n un futuro beneficioso\u201d, manifest\u00f3.<\/p>\n\n\n\n<p>En el acto se realiz\u00f3 la bendici\u00f3n de las gr\u00faas por parte del Padre Andr\u00e9s Morales, Coordinador de la Pastoral del colegio salesiano y culmin\u00f3 con un llamado del estudiante Mat\u00edas Urbina a sus compa\u00f1eros, a aprovechar al m\u00e1ximo esta oportunidad de formaci\u00f3n, recordando la misi\u00f3n salesiana de transformar vidas y preparar a los j\u00f3venes para un futuro.<\/p>\n\n\n\n<p>Esta iniciativa, se realiza gracias a la franquicia del Servicio Nacional de Capacitaci\u00f3n y Empleo SENCE.&nbsp;<\/p>\n\n\n\n<p>________<\/p>\n\n\n\n<p>Sierra Gorda SCM es un Joint Venture entre KGHM de Polonia y South32 de Australia, y es uno de los principales productores de cobre en Chile. Su yacimiento de cobre y molibdeno se ubica en la comuna de Sierra Gorda. M\u00e1s informaci\u00f3n en www.sgscm.cl.<\/p>\n","protected":false},"excerpt":{"rendered":"<p>El programa se realiza gracias a la alianza de Sierra Gorda SCM y la Asociaci\u00f3n de Industriales de Antofagasta, que ya capacit\u00f3 a 1.660 j\u00f3venes durante los 9 a\u00f1os de&hellip;<\/p>\n","protected":false},"author":1,"featured_media":17150,"comment_status":"closed","ping_status":"closed","sticky":false,"template":"","format":"standard","meta":{"_monsterinsights_skip_tracking":false,"_monsterinsights_sitenote_active":false,"_monsterinsights_sitenote_note":"","_monsterinsights_sitenote_category":0,"footnotes":""},"categories":[2,5474],"tags":[781,2263,6559,268,81,53,2468,1108,7878],"class_list":["post-17149","post","type-post","status-publish","format-standard","has-post-thumbnail","hentry","category-antofagasta","category-educacion","tag-capacitacion","tag-colegio","tag-don-bosco","tag-estudiantes","tag-gracias","tag-industria","tag-mejores","tag-programa","tag-tecnicos"],"_links":{"self":[{"href":"https:\/\/antofapop.cl\/index.php\/wp-json\/wp\/v2\/posts\/17149"}],"collection":[{"href":"https:\/\/antofapop.cl\/index.php\/wp-json\/wp\/v2\/posts"}],"about":[{"href":"https:\/\/antofapop.cl\/index.php\/wp-json\/wp\/v2\/types\/post"}],"author":[{"embeddable":true,"href":"https:\/\/antofapop.cl\/index.php\/wp-json\/wp\/v2\/users\/1"}],"replies":[{"embeddable":true,"href":"https:\/\/antofapop.cl\/index.php\/wp-json\/wp\/v2\/comments?post=17149"}],"version-history":[{"count":1,"href":"https:\/\/antofapop.cl\/index.php\/wp-json\/wp\/v2\/posts\/17149\/revisions"}],"predecessor-version":[{"id":17151,"href":"https:\/\/antofapop.cl\/index.php\/wp-json\/wp\/v2\/posts\/17149\/revisions\/17151"}],"wp:featuredmedia":[{"embeddable":true,"href":"https:\/\/antofapop.cl\/index.php\/wp-json\/wp\/v2\/media\/17150"}],"wp:attachment":[{"href":"https:\/\/antofapop.cl\/index.php\/wp-json\/wp\/v2\/media?parent=17149"}],"wp:term":[{"taxonomy":"category","embeddable":true,"href":"https:\/\/antofapop.cl\/index.php\/wp-json\/wp\/v2\/categories?post=17149"},{"taxonomy":"post_tag","embeddable":true,"href":"https:\/\/antofapop.cl\/index.php\/wp-json\/wp\/v2\/tags?post=17149"}],"curies":[{"name":"wp","href":"https:\/\/api.w.org\/{rel}","templated":true}]}}