{"id":17332,"date":"2024-09-18T05:40:06","date_gmt":"2024-09-18T02:40:06","guid":{"rendered":"https:\/\/antofapop.cl\/?p=17332"},"modified":"2024-09-18T05:40:06","modified_gmt":"2024-09-18T02:40:06","slug":"como-disfrutar-las-fiestas-patrias-con-la-participacion-protagonica-de-ninos","status":"publish","type":"post","link":"https:\/\/antofapop.cl\/index.php\/2024\/09\/18\/como-disfrutar-las-fiestas-patrias-con-la-participacion-protagonica-de-ninos\/","title":{"rendered":"\u00bfC\u00f3mo disfrutar las Fiestas Patrias con la participaci\u00f3n protag\u00f3nica de ni\u00f1os?"},"content":{"rendered":"<div class='booster-block booster-read-block'>\n                <div class=\"twp-read-time\">\n                \t<i class=\"booster-icon twp-clock\"><\/i> <span>Tiempo de Lectura:<\/span>1 Minutos, 40 Segundos                <\/div>\n\n            <\/div>\n<p>El programa de atenci\u00f3n psicol\u00f3gica no presencial gratuito, Fonoinfancia de Fundaci\u00f3n Integra, invita a madres, padres y cuidadoras\/es de la regi\u00f3n de Antofagasta, a que planifiquen el car\u00e1cter que se le quiere dar a esta festividad, para que sea un momento de celebraci\u00f3n y de disfrute para toda la familia.<\/p>\n\n\n\n<p>Junto con favorecer la participaci\u00f3n de ni\u00f1as y ni\u00f1os en la organizaci\u00f3n de las actividades que se proyecta realizar, tambi\u00e9n es fundamental poner especial cuidado en su seguridad, en virtud de lo cual se entregan las siguientes recomendaciones:<\/p>\n\n\n\n<p>\u00fc&nbsp;&nbsp;Al asistir a eventos masivos o lugares de alta concurrencia como ramadas o fondas, es importante que ni\u00f1as y ni\u00f1os permanezcan en todo momento junto a un adulto.<\/p>\n\n\n\n<p>\u00fc&nbsp;&nbsp;Al llegar al lugar de celebraci\u00f3n podemos acordar con ni\u00f1as y ni\u00f1os un punto de reuni\u00f3n en caso de ser necesario encontrarnos. Tambi\u00e9n es importante explicarles a qui\u00e9nes podr\u00edan pedir ayuda como guardias, Carabineros de Chile, entre otros.<\/p>\n\n\n\n<p>\u00fc&nbsp;&nbsp;Ni\u00f1as y ni\u00f1os deben tener una alimentaci\u00f3n balanceada, con porciones acordes a su edad y caracter\u00edsticas propias.<\/p>\n\n\n\n<p>\u00fc&nbsp;&nbsp;Se sugiere que las celebraciones no alteren de manera importante los horarios de descanso de ni\u00f1as y ni\u00f1os, puesto que podr\u00edan experimentar malestar, irritabilidad o hipersensibilidad, estados y reacciones que a veces son dif\u00edciles de acompa\u00f1ar por parte de los adultos.<\/p>\n\n\n\n<p>\u00fc&nbsp;&nbsp;Es importante que ni\u00f1as y ni\u00f1os no se vean expuestos a situaciones donde haya alto consumo de alcohol, pues esto puede confundirles, asustarles y\/o contribuir a normalizar su consumo, lo cual no ayuda a su bienestar y desarrollo socioemocional.<\/p>\n\n\n\n<p>\u00fc&nbsp;&nbsp;Orientar y acompa\u00f1ar a ni\u00f1as y ni\u00f1os durante su participaci\u00f3n en juegos t\u00edpicos habituales en fondas y ramadas.<\/p>\n\n\n\n<p><strong>\u00bfC\u00f3mo celebrar?<\/strong><\/p>\n\n\n\n<p>Desde Fonoinfancia se sugiere que estos d\u00edas festivos sean vistos como una oportunidad para compartir en familia, promoviendo el protagonismo de ni\u00f1as y ni\u00f1os, realizando actividades que les permitan jugar y aprender, poniendo especial atenci\u00f3n en su bienestar, cuidado y seguridad.<\/p>\n","protected":false},"excerpt":{"rendered":"<p>El programa de atenci\u00f3n psicol\u00f3gica no presencial gratuito, Fonoinfancia de Fundaci\u00f3n Integra, invita a madres, padres y cuidadoras\/es de la regi\u00f3n de Antofagasta, a que planifiquen el car\u00e1cter que se&hellip;<\/p>\n","protected":false},"author":1,"featured_media":17333,"comment_status":"closed","ping_status":"closed","sticky":false,"template":"","format":"standard","meta":{"_monsterinsights_skip_tracking":false,"_monsterinsights_sitenote_active":false,"_monsterinsights_sitenote_note":"","_monsterinsights_sitenote_category":0,"footnotes":""},"categories":[178,2405],"tags":[2176,9396,1788,706,927,2177],"class_list":["post-17332","post","type-post","status-publish","format-standard","has-post-thumbnail","hentry","category-arte-cultura","category-region","tag-fiestas","tag-fiestas-patrias","tag-ninas","tag-ninos","tag-participacion","tag-patrias"],"_links":{"self":[{"href":"https:\/\/antofapop.cl\/index.php\/wp-json\/wp\/v2\/posts\/17332"}],"collection":[{"href":"https:\/\/antofapop.cl\/index.php\/wp-json\/wp\/v2\/posts"}],"about":[{"href":"https:\/\/antofapop.cl\/index.php\/wp-json\/wp\/v2\/types\/post"}],"author":[{"embeddable":true,"href":"https:\/\/antofapop.cl\/index.php\/wp-json\/wp\/v2\/users\/1"}],"replies":[{"embeddable":true,"href":"https:\/\/antofapop.cl\/index.php\/wp-json\/wp\/v2\/comments?post=17332"}],"version-history":[{"count":1,"href":"https:\/\/antofapop.cl\/index.php\/wp-json\/wp\/v2\/posts\/17332\/revisions"}],"predecessor-version":[{"id":17335,"href":"https:\/\/antofapop.cl\/index.php\/wp-json\/wp\/v2\/posts\/17332\/revisions\/17335"}],"wp:featuredmedia":[{"embeddable":true,"href":"https:\/\/antofapop.cl\/index.php\/wp-json\/wp\/v2\/media\/17333"}],"wp:attachment":[{"href":"https:\/\/antofapop.cl\/index.php\/wp-json\/wp\/v2\/media?parent=17332"}],"wp:term":[{"taxonomy":"category","embeddable":true,"href":"https:\/\/antofapop.cl\/index.php\/wp-json\/wp\/v2\/categories?post=17332"},{"taxonomy":"post_tag","embeddable":true,"href":"https:\/\/antofapop.cl\/index.php\/wp-json\/wp\/v2\/tags?post=17332"}],"curies":[{"name":"wp","href":"https:\/\/api.w.org\/{rel}","templated":true}]}}