{"id":17467,"date":"2024-10-01T17:20:02","date_gmt":"2024-10-01T14:20:02","guid":{"rendered":"https:\/\/antofapop.cl\/?p=17467"},"modified":"2024-10-01T17:20:03","modified_gmt":"2024-10-01T14:20:03","slug":"autoridades-regionales-reiteran-invitacion-a-ser-parte-de-noche-de-museos","status":"publish","type":"post","link":"https:\/\/antofapop.cl\/index.php\/2024\/10\/01\/autoridades-regionales-reiteran-invitacion-a-ser-parte-de-noche-de-museos\/","title":{"rendered":"Autoridades regionales reiteran invitaci\u00f3n a ser parte de Noche de Museos"},"content":{"rendered":"<div class='booster-block booster-read-block'>\n                <div class=\"twp-read-time\">\n                \t<i class=\"booster-icon twp-clock\"><\/i> <span>Tiempo de Lectura:<\/span>2 Minutos, 35 Segundos                <\/div>\n\n            <\/div>\n<p><strong><em>Se espera que numerosos museos y espacios culturales de todo el pa\u00eds participen el pr\u00f3ximo viernes 11 de octubre de esta primera versi\u00f3n.<\/em><\/strong><\/p>\n\n\n\n<p>Hasta las 23:59 horas del martes 8 de octubre de 2024, los diversos museos y espacios culturales podr\u00e1n inscribir actividades en el marco de la realizaci\u00f3n de la primera versi\u00f3n de Noche de Museos, iniciativa impulsada por el Ministerio de las Culturas, las Artes y el Patrimonio a trav\u00e9s del Servicio Nacional del Patrimonio Cultural, con el objetivo de promover la participaci\u00f3n gratuita de la ciudadan\u00eda en museos, espacios culturales y galer\u00edas de arte, con recorridos patrimoniales y otras actividades en un horario nocturno extendido al habitual.&nbsp;<\/p>\n\n\n\n<p>Con ese objetivo, se convoca a entidades p\u00fablicas y privadas a sumarse el pr\u00f3ximo viernes 11 de octubre a una jornada presencial, que se caracterizar\u00e1 por 3 elementos centrales, como es el ingreso a recintos y la participaci\u00f3n en circuitos y actividades gratuitas, con aperturas y acciones que se deben enmarcar dentro del d\u00eda viernes y posteriores a las 17:00 horas, y con una programaci\u00f3n que debe desarrollarse dentro de Chile y en formato presencial.<\/p>\n\n\n\n<p>Es por ello, que las autoridades regionales reiteraron el llamado a museos y espacios culturales de las diversas comunas de la regi\u00f3n de Antofagasta a ser parte de este hito cultural, inscribiendo previamente sus actividades en la plataforma <a href=\"http:\/\/www.nochedemuseos.cl\">www.nochedemuseos.cl<\/a> .<\/p>\n\n\n\n<p>\u201cEste 11 de octubre tenemos esta fabulosa actividad que nos presenta el Servicio Nacional del Patrimonio del Ministerio de las Culturas, las Artes y el Patrimonio, a prop\u00f3sito de lo que es la Noche de Museos, esta posibilidad de que las personas que normalmente no tienen el acceso, por tiempo, por trabajo o estudios, de poder participar y disfrutar de nuestros espacios museables y culturales en un horario extendido, as\u00ed que la invitaci\u00f3n es a todos y toda la gente de nuestra regi\u00f3n, a ser parte de esta Noche de Museos y por supuesto, un \u00e9nfasis especial a los centros culturales y museos que son particulares, privados y p\u00fablicos, que efectivamente se plieguen a esta iniciativa para que juntos y juntas podamos generar una gran Noche de Museos, donde podamos disfrutar como regi\u00f3n de nuestra tremenda riqueza patrimonial que esconden a veces nuestros museos y espacios culturales\u201d, manifest\u00f3 el seremi de las Culturas, las Artes y el Patrimonio, Claudio Lagos Guti\u00e9rrez.<\/p>\n\n\n\n<p>Igualmente, el director regional del Servicio Nacional del Patrimonio Cultural, Gabriel D\u00edaz Morales, agreg\u00f3 \u201cqueremos reiterar la invitaci\u00f3n para que todas las organizaciones culturales y los museos se puedan unir a la gran celebraci\u00f3n de Noche de Museos, para que todas las personas participen de esta recuperaci\u00f3n de los espacios p\u00fablicos en las noches de nuestras ciudades, donde podamos compartir la cultura y el patrimonio en un horario diferente como una gran fiesta ciudadana\u201d.<\/p>\n\n\n\n<p>Cabe destacar que los museos y espacios culturales que inscriban previamente sus actividades en la plataforma <a href=\"http:\/\/www.nochedemuseos.cl\">www.nochedemuseos.cl<\/a> , se les entregar\u00e1 un kit compuesto de adhesivos y afiches. Adem\u00e1s la plataforma actuar\u00e1 como la principal v\u00eda de difusi\u00f3n del evento, junto con las redes sociales del Servicio Nacional del Patrimonio Cultural.<\/p>\n","protected":false},"excerpt":{"rendered":"<p>Se espera que numerosos museos y espacios culturales de todo el pa\u00eds participen el pr\u00f3ximo viernes 11 de octubre de esta primera versi\u00f3n. Hasta las 23:59 horas del martes 8&hellip;<\/p>\n","protected":false},"author":1,"featured_media":17468,"comment_status":"closed","ping_status":"closed","sticky":false,"template":"","format":"standard","meta":{"_monsterinsights_skip_tracking":false,"_monsterinsights_sitenote_active":false,"_monsterinsights_sitenote_note":"","_monsterinsights_sitenote_category":0,"footnotes":""},"categories":[188,2405],"tags":[1696,1225,4381,2926,255,440,99],"class_list":["post-17467","post","type-post","status-publish","format-standard","has-post-thumbnail","hentry","category-patrimonio","category-region","tag-autoridades","tag-invitacion","tag-museos","tag-noche","tag-parte","tag-regionales","tag-ser"],"_links":{"self":[{"href":"https:\/\/antofapop.cl\/index.php\/wp-json\/wp\/v2\/posts\/17467"}],"collection":[{"href":"https:\/\/antofapop.cl\/index.php\/wp-json\/wp\/v2\/posts"}],"about":[{"href":"https:\/\/antofapop.cl\/index.php\/wp-json\/wp\/v2\/types\/post"}],"author":[{"embeddable":true,"href":"https:\/\/antofapop.cl\/index.php\/wp-json\/wp\/v2\/users\/1"}],"replies":[{"embeddable":true,"href":"https:\/\/antofapop.cl\/index.php\/wp-json\/wp\/v2\/comments?post=17467"}],"version-history":[{"count":1,"href":"https:\/\/antofapop.cl\/index.php\/wp-json\/wp\/v2\/posts\/17467\/revisions"}],"predecessor-version":[{"id":17469,"href":"https:\/\/antofapop.cl\/index.php\/wp-json\/wp\/v2\/posts\/17467\/revisions\/17469"}],"wp:featuredmedia":[{"embeddable":true,"href":"https:\/\/antofapop.cl\/index.php\/wp-json\/wp\/v2\/media\/17468"}],"wp:attachment":[{"href":"https:\/\/antofapop.cl\/index.php\/wp-json\/wp\/v2\/media?parent=17467"}],"wp:term":[{"taxonomy":"category","embeddable":true,"href":"https:\/\/antofapop.cl\/index.php\/wp-json\/wp\/v2\/categories?post=17467"},{"taxonomy":"post_tag","embeddable":true,"href":"https:\/\/antofapop.cl\/index.php\/wp-json\/wp\/v2\/tags?post=17467"}],"curies":[{"name":"wp","href":"https:\/\/api.w.org\/{rel}","templated":true}]}}