{"id":17609,"date":"2024-10-08T17:50:04","date_gmt":"2024-10-08T14:50:04","guid":{"rendered":"https:\/\/antofapop.cl\/?p=17609"},"modified":"2024-10-08T17:51:40","modified_gmt":"2024-10-08T14:51:40","slug":"benji-gramitos-estrena-su-nuevo-sencillo-tsi-una-colaboracion-con-el-bai","status":"publish","type":"post","link":"https:\/\/antofapop.cl\/index.php\/2024\/10\/08\/benji-gramitos-estrena-su-nuevo-sencillo-tsi-una-colaboracion-con-el-bai\/","title":{"rendered":"Benji Gramitos estrena su nuevo sencillo \u201cTSI\u201d una colaboraci\u00f3n con El Bai"},"content":{"rendered":"<div class='booster-block booster-read-block'>\n                <div class=\"twp-read-time\">\n                \t<i class=\"booster-icon twp-clock\"><\/i> <span>Tiempo de Lectura:<\/span>2 Minutos, 6 Segundos                <\/div>\n\n            <\/div>\n<p><em><strong>El promisorio cantante urbano, adem\u00e1s de presentar su m\u00e1s reciente sencillo, anunci\u00f3 su participaci\u00f3n en la pel\u00edcula \u201cKaye\u201d que se estrenar\u00e1 este 2024. Adem\u00e1s, est\u00e1 preparando una colaboraci\u00f3n junto al reconocido artista nacional Am\u00e9rico.<\/strong><\/em><\/p>\n\n\n\n<p><strong><a href=\"https:\/\/dualcommunity.us5.list-manage.com\/track\/click?u=79a86e888635868c7967a8ae8&amp;id=2cd70fea1d&amp;e=70f0e16daa\" target=\"_blank\" rel=\"noreferrer noopener\">&#8220;Benji Gramitos&#8221;<\/a>,<\/strong>&nbsp;el talentoso artista&nbsp; nacional, present\u00f3 en plataformas digitales la canci\u00f3n&nbsp;<strong>\u201cTsi\u201d<\/strong>&nbsp;junto a<strong>&nbsp;<a href=\"https:\/\/dualcommunity.us5.list-manage.com\/track\/click?u=79a86e888635868c7967a8ae8&amp;id=6b90c65d43&amp;e=70f0e16daa\" target=\"_blank\" rel=\"noreferrer noopener\">\u201cEl Bai\u201d<\/a><\/strong>, un reggeaton que expresa la desilusi\u00f3n que siente un hombre ante la manipulaci\u00f3n de una mujer que juega con todos, como dice la letra \u201ctodas son iguales\u201d, el que llega de la mano de un videoclip.<br><br><strong>\u201c<\/strong><strong>Tsi\u201d<\/strong>&nbsp;mezcla los beats del reggaeton con la&nbsp; versatilidad y habilidad de&nbsp;<strong><a href=\"https:\/\/dualcommunity.us5.list-manage.com\/track\/click?u=79a86e888635868c7967a8ae8&amp;id=f4cf89cd6f&amp;e=70f0e16daa\" target=\"_blank\" rel=\"noreferrer noopener\">Benji Gramitos<\/a>&nbsp;<\/strong>para&nbsp; seguir evolucionando en su sonido y sello que lo distingue dentro de la m\u00fasica urbana.&nbsp;<strong>Cuenta con m\u00e1s de 182.773 oyentes mensuales en Spotify, consolidando las canciones del artista.<\/strong><br><br>Due\u00f1o de una&nbsp;prometedora carrera que va en ascenso,&nbsp;<a href=\"https:\/\/dualcommunity.us5.list-manage.com\/track\/click?u=79a86e888635868c7967a8ae8&amp;id=7d29f07545&amp;e=70f0e16daa\" target=\"_blank\" rel=\"noreferrer noopener\"><strong>Benji<\/strong>,<\/a>&nbsp;ha demostrado su capacidad para conectar con su p\u00fablico a trav\u00e9s de sus contagiosas canciones bailables. Entre sus \u00e9xitos acentuar&nbsp;los singles, &#8220;<strong>Quiere Ma&#8221;, &#8220;Quiere Ma Remix&#8221;, &#8220;Te Quiero&#8221;, &#8220;Si Queri No Es Broma&#8221;, &#8220;Ah\u00ed Noma&#8221;, &#8220;Shikipla Rmx&#8221; y \u201cBreak Up\u201d.<\/strong><br><br>Cabe destacar&nbsp;sus pr\u00f3ximas colaboraciones con artistas de la talla internacional como&nbsp;<strong>Peso Pluma<\/strong>&nbsp;y el estreno de un pr\u00f3ximo sencillo junto al emblem\u00e1tico cantante chileno,&nbsp;<strong>Am\u00e9rico<\/strong>, marcando as\u00ed,&nbsp;&nbsp;una continuidad art\u00edstica prometedora para&nbsp;<a href=\"https:\/\/dualcommunity.us5.list-manage.com\/track\/click?u=79a86e888635868c7967a8ae8&amp;id=47e0fe23c0&amp;e=70f0e16daa\" target=\"_blank\" rel=\"noreferrer noopener\"><strong>Benji<\/strong>&nbsp;<\/a>y&nbsp;consolidar su carrera profesional en el mundo de la m\u00fasica internacional.<br><br>Su estilo fresco y distintivo ha captado la atenci\u00f3n de diversas audiencias, tanto as\u00ed, que tambi\u00e9n sobresale&nbsp;con su participaci\u00f3n en el&nbsp;<strong>largometraje de la pel\u00edcula \u201cKaye\u201d,<\/strong>&nbsp;del director nacional&nbsp;<strong>Juan C\u00e1ceres,<\/strong>&nbsp;producci\u00f3n audiovisual que ser\u00e1 estrenada este 2024.<br><br>Con m\u00e1s de&nbsp;<strong>60 presentaciones en vivo en distintas ciudades de Chile,<\/strong>&nbsp;una gira con m\u00e1s de&nbsp;<strong>15 fechas en Argentina<\/strong>&nbsp;como parte de su gira&nbsp;<strong>&#8220;The Perfect Way Latin Tour&#8221;<\/strong>&nbsp;y una presentaci\u00f3n en el programa l\u00edder en m\u00fasica tropical y urbana en Argentina,&nbsp;<strong>&#8220;Pasi\u00f3n De S\u00e1bado&#8221;<\/strong>&nbsp;lo consolidan definitivamente como un artista que seguir\u00e1 conquistando a toda su fanaticada con sus hits.&nbsp;<\/p>\n\n\n\n<p>Sigue a&nbsp;<a href=\"https:\/\/dualcommunity.us5.list-manage.com\/track\/click?u=79a86e888635868c7967a8ae8&amp;id=126e48f83e&amp;e=70f0e16daa\" target=\"_blank\" rel=\"noreferrer noopener\"><strong>Benji Gramitos<\/strong><\/a>&nbsp;en sus redes sociales para enterarte de todas sus novedades<a href=\"https:\/\/dualcommunity.us5.list-manage.com\/track\/click?u=79a86e888635868c7967a8ae8&amp;id=0c25a4b15c&amp;e=70f0e16daa\" target=\"_blank\" rel=\"noreferrer noopener\">&nbsp;Instagram<\/a>&nbsp;&nbsp;<a href=\"https:\/\/dualcommunity.us5.list-manage.com\/track\/click?u=79a86e888635868c7967a8ae8&amp;id=a3cd29c4e4&amp;e=70f0e16daa\" target=\"_blank\" rel=\"noreferrer noopener\">Youtube<\/a>&nbsp;y en las&nbsp;<a href=\"https:\/\/dualcommunity.us5.list-manage.com\/track\/click?u=79a86e888635868c7967a8ae8&amp;id=2c01511efd&amp;e=70f0e16daa\" target=\"_blank\" rel=\"noreferrer noopener\">plataformas digitales.<\/a><\/p>\n\n\n\n<figure class=\"wp-block-embed is-type-video is-provider-youtube wp-block-embed-youtube wp-embed-aspect-4-3 wp-has-aspect-ratio\"><div class=\"wp-block-embed__wrapper\">\n<iframe loading=\"lazy\" title=\"Benji Gramitos &amp; @elbai.official  - TSI (Prod Axl Boore &amp; El Broken)\" width=\"500\" height=\"375\" src=\"https:\/\/www.youtube.com\/embed\/br6E7_lfivQ?feature=oembed\" frameborder=\"0\" allow=\"accelerometer; autoplay; clipboard-write; encrypted-media; gyroscope; picture-in-picture; web-share\" referrerpolicy=\"strict-origin-when-cross-origin\" allowfullscreen><\/iframe>\n<\/div><\/figure>\n\n\n\n<figure class=\"wp-block-embed is-type-rich is-provider-spotify wp-block-embed-spotify wp-embed-aspect-21-9 wp-has-aspect-ratio\"><div class=\"wp-block-embed__wrapper\">\n<iframe title=\"Spotify Embed: Tsi\" style=\"border-radius: 12px\" width=\"100%\" height=\"352\" frameborder=\"0\" allowfullscreen allow=\"autoplay; clipboard-write; encrypted-media; fullscreen; picture-in-picture\" loading=\"lazy\" src=\"https:\/\/open.spotify.com\/embed\/album\/14qPiUfP2jIQS2S8KPR1o3?si=yMNurWxKS8eguJjixC7jLA&#038;nd=1&#038;dlsi=7036a6f1ee0f4162&#038;utm_source=oembed\"><\/iframe>\n<\/div><\/figure>\n","protected":false},"excerpt":{"rendered":"<p>El promisorio cantante urbano, adem\u00e1s de presentar su m\u00e1s reciente sencillo, anunci\u00f3 su participaci\u00f3n en la pel\u00edcula \u201cKaye\u201d que se estrenar\u00e1 este 2024. Adem\u00e1s, est\u00e1 preparando una colaboraci\u00f3n junto al&hellip;<\/p>\n","protected":false},"author":1,"featured_media":17611,"comment_status":"closed","ping_status":"closed","sticky":false,"template":"","format":"standard","meta":{"_monsterinsights_skip_tracking":false,"_monsterinsights_sitenote_active":false,"_monsterinsights_sitenote_note":"","_monsterinsights_sitenote_category":0,"footnotes":""},"categories":[3],"tags":[6615,1389,8367,6616,252,84,9492],"class_list":["post-17609","post","type-post","status-publish","format-standard","has-post-thumbnail","hentry","category-musica-chilena","tag-benji","tag-colaboracion","tag-el-bai","tag-gramitos","tag-nuevo","tag-sencillo","tag-tsi"],"_links":{"self":[{"href":"https:\/\/antofapop.cl\/index.php\/wp-json\/wp\/v2\/posts\/17609"}],"collection":[{"href":"https:\/\/antofapop.cl\/index.php\/wp-json\/wp\/v2\/posts"}],"about":[{"href":"https:\/\/antofapop.cl\/index.php\/wp-json\/wp\/v2\/types\/post"}],"author":[{"embeddable":true,"href":"https:\/\/antofapop.cl\/index.php\/wp-json\/wp\/v2\/users\/1"}],"replies":[{"embeddable":true,"href":"https:\/\/antofapop.cl\/index.php\/wp-json\/wp\/v2\/comments?post=17609"}],"version-history":[{"count":1,"href":"https:\/\/antofapop.cl\/index.php\/wp-json\/wp\/v2\/posts\/17609\/revisions"}],"predecessor-version":[{"id":17610,"href":"https:\/\/antofapop.cl\/index.php\/wp-json\/wp\/v2\/posts\/17609\/revisions\/17610"}],"wp:featuredmedia":[{"embeddable":true,"href":"https:\/\/antofapop.cl\/index.php\/wp-json\/wp\/v2\/media\/17611"}],"wp:attachment":[{"href":"https:\/\/antofapop.cl\/index.php\/wp-json\/wp\/v2\/media?parent=17609"}],"wp:term":[{"taxonomy":"category","embeddable":true,"href":"https:\/\/antofapop.cl\/index.php\/wp-json\/wp\/v2\/categories?post=17609"},{"taxonomy":"post_tag","embeddable":true,"href":"https:\/\/antofapop.cl\/index.php\/wp-json\/wp\/v2\/tags?post=17609"}],"curies":[{"name":"wp","href":"https:\/\/api.w.org\/{rel}","templated":true}]}}