{"id":17612,"date":"2024-10-08T17:53:25","date_gmt":"2024-10-08T14:53:25","guid":{"rendered":"https:\/\/antofapop.cl\/?p=17612"},"modified":"2024-10-08T17:53:25","modified_gmt":"2024-10-08T14:53:25","slug":"templos-lejanos-publica-su-primer-album-ciudades-vacias","status":"publish","type":"post","link":"https:\/\/antofapop.cl\/index.php\/2024\/10\/08\/templos-lejanos-publica-su-primer-album-ciudades-vacias\/","title":{"rendered":"Templos Lejanos publica su primer \u00e1lbum \u201cCiudades Vac\u00edas\u201d"},"content":{"rendered":"<div class='booster-block booster-read-block'>\n                <div class=\"twp-read-time\">\n                \t<i class=\"booster-icon twp-clock\"><\/i> <span>Tiempo de Lectura:<\/span>1 Minutos, 54 Segundos                <\/div>\n\n            <\/div>\n<p>La primavera de 2024 marca el regreso del cuarteto\u00a0<strong>Templos Lejanos<\/strong>. El grupo acaba de compartir su nuevo trabajo en estudio, se trata de su primer \u00e1lbum titulado \u201c<strong>Ciudades Vac\u00edas<\/strong>\u201d. La banda ya hab\u00eda publicado singles y un ep\u00e9 titulado \u201c<strong>Carrusel<\/strong>\u201d hace ya alg\u00fan tiempo.<br>\u00a0<br>Este trabajo se grab\u00f3 entre febrero y agosto de este 2024. Se realiz\u00f3 a trav\u00e9s de varias etapas que ten\u00edan como finalidad, darle profundidad al sonido. El \u00e1lbum est\u00e1 producido, grabado, mezclado y masterizado por\u00a0<strong>Daniel Puelma Day<\/strong>\u00a0en\u00a0<strong>Estudio Budo<\/strong>. Cont\u00f3 con el apoyo de\u00a0<strong>Diego DelMoral<\/strong>\u00a0en detalles t\u00e9cnico de la bater\u00eda y tambi\u00e9n de\u00a0<strong>Franklin Pereira.\u00a0<\/strong>Hay que destacar a\u00a0<strong>Alfonso Guevara,\u00a0<\/strong>quien hizo y grab\u00f3 los arreglos del cello para la \u201c<strong>La Despedida<\/strong>\u201d desde Venezuela. La portada estuvo a cargo de\u00a0<strong>Migliz Mena<\/strong>\u00a0y\u00a0<strong>Charlot Castillo<\/strong>, quienes apoyaron a la banda desde la gr\u00e1fica, la propuesta esc\u00e9nica y lo musical.\u00a0<strong>David Hern\u00e1ndez<\/strong>, anterior guitarrista de la banda, tambi\u00e9n colabor\u00f3 en la composici\u00f3n de material.<br>\u00a0<br>La banda se forma a fines de 2018 y actualmente est\u00e1 integrada por\u00a0<strong>Jonathan Urra<\/strong>,<strong>\u00a0Jos\u00e9 Chirinos<\/strong>,\u00a0<strong>Julio L\u00f3pez<\/strong>\u00a0y\u00a0<strong>Carlos Colmenarez<\/strong>. Lo primero son los singles \u201c<strong>Mar<\/strong>\u201d (2019) y \u201c<strong>Cintas Viejas<\/strong>\u201d (2020). El ep\u00e9 \u201c<strong>Carrusel<\/strong>\u201d de 4 canciones lleg\u00f3 en abril de 2021. El single \u201c<strong>Karman<\/strong>\u201d y una sesi\u00f3n para la Sala Master completan su actual disograf\u00eda.<br>\u00a0<br><em>\u201cCon este \u00e1lbum,\u00a0<strong>Ciudades Vac\u00edas<\/strong>, pretendemos promover un viaje que nos lleve desde pasajes calmados y taciturnos, hacia momentos de explosiones y liberaci\u00f3n. Queremos lograr la conexi\u00f3n e introspecci\u00f3n de cada persona con su viaje propio. Como ciclos interminables y repetitivos, el disco puede ir desde el caos hacia la calma o viceversa, dependiendo de c\u00f3mo lo interprete cada persona al escucharlo. Quiz\u00e1s ese viaje sea m\u00e1s que f\u00edsico, un movimiento desde un estado de conciencia hacia otro diferente\u201d<\/em>\u00a0afirma la banda.<br>\u00a0<br>Con \u201c<strong>Ciudades Vac\u00edas<\/strong>\u201d, la banda logra un hito importante: se materializa y reconfirma lo que en 2018, se propusieron. Donde quer\u00edan exactamente apuntar: generar sensaciones a trav\u00e9s de pasajes sonoros con capas que pudieran crear relieves y profundidades.\u00a0<em>\u201cLo vemos como un todo, donde cada elemento se conecta entre s\u00ed y tiene un relato narrativo precisamente para evocar el viaje f\u00edsico o imaginario&#8221;.<\/em><br>\u00a0<br><a href=\"https:\/\/agenciapleable.us11.list-manage.com\/track\/click?u=af669a1b83e8e7a241def059a&amp;id=c1e9642b62&amp;e=63250dc901\" target=\"_blank\" rel=\"noreferrer noopener\">Escucha \u201cCiudades Vac\u00edas\u201d en Spotify<\/a><br><a href=\"https:\/\/agenciapleable.us11.list-manage.com\/track\/click?u=af669a1b83e8e7a241def059a&amp;id=34fae676de&amp;e=63250dc901\" target=\"_blank\" rel=\"noreferrer noopener\">Sigue a\u00a0<strong>Templos Lejanos<\/strong>\u00a0en su cuenta de Instagram<\/a><\/p>\n","protected":false},"excerpt":{"rendered":"<p>La primavera de 2024 marca el regreso del cuarteto\u00a0Templos Lejanos. El grupo acaba de compartir su nuevo trabajo en estudio, se trata de su primer \u00e1lbum titulado \u201cCiudades Vac\u00edas\u201d. La&hellip;<\/p>\n","protected":false},"author":1,"featured_media":17613,"comment_status":"closed","ping_status":"closed","sticky":false,"template":"","format":"standard","meta":{"_monsterinsights_skip_tracking":false,"_monsterinsights_sitenote_active":false,"_monsterinsights_sitenote_note":"","_monsterinsights_sitenote_category":0,"footnotes":""},"categories":[3],"tags":[152,5886,9494,522,9493,9495],"class_list":["post-17612","post","type-post","status-publish","format-standard","has-post-thumbnail","hentry","category-musica-chilena","tag-album","tag-ciudades","tag-lejanos","tag-primer","tag-templos","tag-vacias"],"_links":{"self":[{"href":"https:\/\/antofapop.cl\/index.php\/wp-json\/wp\/v2\/posts\/17612"}],"collection":[{"href":"https:\/\/antofapop.cl\/index.php\/wp-json\/wp\/v2\/posts"}],"about":[{"href":"https:\/\/antofapop.cl\/index.php\/wp-json\/wp\/v2\/types\/post"}],"author":[{"embeddable":true,"href":"https:\/\/antofapop.cl\/index.php\/wp-json\/wp\/v2\/users\/1"}],"replies":[{"embeddable":true,"href":"https:\/\/antofapop.cl\/index.php\/wp-json\/wp\/v2\/comments?post=17612"}],"version-history":[{"count":1,"href":"https:\/\/antofapop.cl\/index.php\/wp-json\/wp\/v2\/posts\/17612\/revisions"}],"predecessor-version":[{"id":17614,"href":"https:\/\/antofapop.cl\/index.php\/wp-json\/wp\/v2\/posts\/17612\/revisions\/17614"}],"wp:featuredmedia":[{"embeddable":true,"href":"https:\/\/antofapop.cl\/index.php\/wp-json\/wp\/v2\/media\/17613"}],"wp:attachment":[{"href":"https:\/\/antofapop.cl\/index.php\/wp-json\/wp\/v2\/media?parent=17612"}],"wp:term":[{"taxonomy":"category","embeddable":true,"href":"https:\/\/antofapop.cl\/index.php\/wp-json\/wp\/v2\/categories?post=17612"},{"taxonomy":"post_tag","embeddable":true,"href":"https:\/\/antofapop.cl\/index.php\/wp-json\/wp\/v2\/tags?post=17612"}],"curies":[{"name":"wp","href":"https:\/\/api.w.org\/{rel}","templated":true}]}}