{"id":17642,"date":"2024-10-08T23:23:36","date_gmt":"2024-10-08T20:23:36","guid":{"rendered":"https:\/\/antofapop.cl\/?p=17642"},"modified":"2024-10-08T23:23:36","modified_gmt":"2024-10-08T20:23:36","slug":"presentan-el-libro-una-historia-de-amor-y-de-lucha-en-la-semana-de-la-memoria","status":"publish","type":"post","link":"https:\/\/antofapop.cl\/index.php\/2024\/10\/08\/presentan-el-libro-una-historia-de-amor-y-de-lucha-en-la-semana-de-la-memoria\/","title":{"rendered":"Presentan el libro, &#8220;Una Historia de Amor y de Lucha&#8221;, en la Semana de la Memoria"},"content":{"rendered":"<div class='booster-block booster-read-block'>\n                <div class=\"twp-read-time\">\n                \t<i class=\"booster-icon twp-clock\"><\/i> <span>Tiempo de Lectura:<\/span>2 Minutos, 2 Segundos                <\/div>\n\n            <\/div>\n<p><strong><em>El 19 de octubre se conmemoran 51 a\u00f1os del paso de la Caravana de la Muerte, que recorri\u00f3 diversas regiones\u00a0 del pa\u00eds y arrebat\u00f3 la vida los seres queridos de la Agrupaci\u00f3n de Familiares de Ejecutados Pol\u00edticos y\u00a0 Detenidos Desaparecidos de Antofagasta, quienes para honrar su memoria, entre el 9 y 19 de octubre,\u00a0 realizar\u00e1n la \u201cSemana de la Memoria\u201d.\u00a0<\/em><\/strong><\/p>\n\n\n\n<p>El 19 de octubre de 2024 se conmemoran 51 a\u00f1os del paso de la Caravana de la Muerte, que recorri\u00f3 diversas&nbsp; regiones del pa\u00eds y arrebat\u00f3 la vida de varios hombres y mujeres de la regi\u00f3n. En Antofagasta, en particular, sus&nbsp; familiares fueron secuestrados de la ex C\u00e1rcel P\u00fablica y llevados a la quebrada El Way, en el sector sur de la&nbsp; ciudad, donde fueron ejecutados.&nbsp;<\/p>\n\n\n\n<p>Para honrar su memoria, entre el 9 y 19 de octubre, la Agrupaci\u00f3n de Familiares de Ejecutados Pol\u00edticos y&nbsp; Detenidos Desaparecidos de Antofagasta, realizar\u00e1 la \u201cSemana de la Memoria\u201d; una serie de actividades que&nbsp; han organizado durante varios a\u00f1os de colaboraci\u00f3n con el Museo de Antofagasta.&nbsp;<\/p>\n\n\n\n<p>Durante esta semana, a trav\u00e9s de conversatorios y actividades art\u00edsticas y culturales, continuar\u00e1n promoviendo&nbsp; la reflexi\u00f3n sobre los Derechos Humanos, un tema que ha sido central en su trabajo conjunto.&nbsp;<\/p>\n\n\n\n<p><strong>Programa Semana de la Memoria&nbsp;<\/strong><\/p>\n\n\n\n<p>Este mi\u00e9rcoles 9 de octubre, a las 17:00 horas, realizar\u00e1n la presentaci\u00f3n del libro, &#8220;Una Historia de Amor y de&nbsp; Lucha&#8221;, testimonio de Ester Araneda, compa\u00f1era de Alfonso Araya Castillo, detenido desaparecido el 9 de&nbsp; septiembre de 1976, a\u00f1o en que los organismos de seguridad se dedicaron a la persecuci\u00f3n y exterminio del&nbsp; partido Comunista.&nbsp;<\/p>\n\n\n\n<p>Posteriormente, el martes 15 de octubre, a las 18:30 horas, inauguran la muestra de arpilleras y fotograf\u00edas;&nbsp; para finalizar con un conversatorio el mi\u00e9rcoles 16 de octubre, a las 18:30 horas.&nbsp;<\/p>\n\n\n\n<p><strong>Caravana de la Muerte&nbsp;<\/strong><\/p>\n\n\n\n<p>La Caravana de la Muerte es el nombre que recibi\u00f3 una comitiva del Ej\u00e9rcito de Chile que recorri\u00f3 el pa\u00eds durante&nbsp; 1973. Por orden del general Augusto Pinochet, ten\u00eda la misi\u00f3n de \u00abagilizar y revisar\u00bb los procesos de personas&nbsp; detenidas tras el golpe militar. La operaci\u00f3n termin\u00f3 con el asesinato y desaparici\u00f3n forzada de 97 presos&nbsp; pol\u00edticos.&nbsp;<\/p>\n\n\n\n<p>Los militares ejecutaron a prisioneros pol\u00edticos con especial brutalidad. En varias ocasiones los hirieron con&nbsp; corvos antes de fusilarlos. Posteriormente las v\u00edctimas eran enterradas en tumbas sin inscripci\u00f3n.<\/p>\n","protected":false},"excerpt":{"rendered":"<p>El 19 de octubre se conmemoran 51 a\u00f1os del paso de la Caravana de la Muerte, que recorri\u00f3 diversas regiones\u00a0 del pa\u00eds y arrebat\u00f3 la vida los seres queridos de&hellip;<\/p>\n","protected":false},"author":1,"featured_media":17643,"comment_status":"closed","ping_status":"closed","sticky":false,"template":"","format":"standard","meta":{"_monsterinsights_skip_tracking":false,"_monsterinsights_sitenote_active":false,"_monsterinsights_sitenote_note":"","_monsterinsights_sitenote_category":0,"footnotes":""},"categories":[2,197],"tags":[89,479,319,5049,1844,308],"class_list":["post-17642","post","type-post","status-publish","format-standard","has-post-thumbnail","hentry","category-antofagasta","category-libros","tag-amor","tag-historia","tag-libro","tag-lucha","tag-memoria","tag-semana"],"_links":{"self":[{"href":"https:\/\/antofapop.cl\/index.php\/wp-json\/wp\/v2\/posts\/17642"}],"collection":[{"href":"https:\/\/antofapop.cl\/index.php\/wp-json\/wp\/v2\/posts"}],"about":[{"href":"https:\/\/antofapop.cl\/index.php\/wp-json\/wp\/v2\/types\/post"}],"author":[{"embeddable":true,"href":"https:\/\/antofapop.cl\/index.php\/wp-json\/wp\/v2\/users\/1"}],"replies":[{"embeddable":true,"href":"https:\/\/antofapop.cl\/index.php\/wp-json\/wp\/v2\/comments?post=17642"}],"version-history":[{"count":1,"href":"https:\/\/antofapop.cl\/index.php\/wp-json\/wp\/v2\/posts\/17642\/revisions"}],"predecessor-version":[{"id":17644,"href":"https:\/\/antofapop.cl\/index.php\/wp-json\/wp\/v2\/posts\/17642\/revisions\/17644"}],"wp:featuredmedia":[{"embeddable":true,"href":"https:\/\/antofapop.cl\/index.php\/wp-json\/wp\/v2\/media\/17643"}],"wp:attachment":[{"href":"https:\/\/antofapop.cl\/index.php\/wp-json\/wp\/v2\/media?parent=17642"}],"wp:term":[{"taxonomy":"category","embeddable":true,"href":"https:\/\/antofapop.cl\/index.php\/wp-json\/wp\/v2\/categories?post=17642"},{"taxonomy":"post_tag","embeddable":true,"href":"https:\/\/antofapop.cl\/index.php\/wp-json\/wp\/v2\/tags?post=17642"}],"curies":[{"name":"wp","href":"https:\/\/api.w.org\/{rel}","templated":true}]}}