{"id":18116,"date":"2024-11-06T04:50:33","date_gmt":"2024-11-06T01:50:33","guid":{"rendered":"https:\/\/antofapop.cl\/?p=18116"},"modified":"2024-11-06T04:54:11","modified_gmt":"2024-11-06T01:54:11","slug":"el-festival-internacional-antof-a-mil-regresa-en-grande-con-su-edicion-numero-25-y-el-anuncio-de-amal-en-chile","status":"publish","type":"post","link":"https:\/\/antofapop.cl\/index.php\/2024\/11\/06\/el-festival-internacional-antof-a-mil-regresa-en-grande-con-su-edicion-numero-25-y-el-anuncio-de-amal-en-chile\/","title":{"rendered":"El Festival Internacional Antof a Mil regresa en grande con su edici\u00f3n n\u00famero 25 y el anuncio de Amal en Chile"},"content":{"rendered":"<div class='booster-block booster-read-block'>\n                <div class=\"twp-read-time\">\n                \t<i class=\"booster-icon twp-clock\"><\/i> <span>Tiempo de Lectura:<\/span>7 Minutos, 20 Segundos                <\/div>\n\n            <\/div>\n<p><strong><em>La 25\u00b0 versi\u00f3n del festival, presentado por Escondida | BHP y Fundaci\u00f3n Teatro a Mil, se desplegar\u00e1 entre 3 y 12 de enero de 2025 en salas y calles de Antofagasta, Mejillones, Peine y San Pedro de Atacama.<\/em><\/strong><\/p>\n\n\n\n<p><strong><em>Una de las grandes atracciones ser\u00e1\u00a0Amal en Chile, un espect\u00e1culo protagonizado por una marioneta de 3,5 metros de altura que encarna a una ni\u00f1a en busca de su madre y un nuevo hogar, y que ya ha recorrido 17 pa\u00edses.<\/em><\/strong><\/p>\n\n\n\n<p><strong><em>La nueva edici\u00f3n del festival traer\u00e1 tambi\u00e9n espect\u00e1culos de Argentina y Espa\u00f1a y ser\u00e1 un espacio para los talentos regionales. Toda la informaci\u00f3n de la cartelera gratuita est\u00e1 disponible en Antofamil.cl.<\/em><\/strong><\/p>\n\n\n\n<p>&#8220;M\u00e1s Humanidad\u201d, es el lema del Festival Internacional Antof a Mil 2025, presentado por Escondida | BHP y Fundaci\u00f3n Teatro a Mil que este a\u00f1o presentar\u00e1 entre el 3 y el 12 de enero de 2025 una programaci\u00f3n que profundizar\u00e1 en la empat\u00eda, la ni\u00f1ez y la conexi\u00f3n entre las personas.<\/p>\n\n\n\n<p>El festival m\u00e1s importante de las artes esc\u00e9nicas del pa\u00eds vuelve para celebrar su edici\u00f3n 25 con la comunidad con un gran anuncio, la&nbsp;<strong>visita a Chile de Amal<\/strong>, una marioneta de 3,5 metros de altura creada por The Walk Productions y la Handspring Puppet Company, que visitar\u00e1&nbsp;<strong>San Pedro de Atacama y Peine<\/strong>&nbsp;(jueves 9 de enero),&nbsp;<strong>Mejillones<\/strong>&nbsp;(s\u00e1bado 11 de enero) y&nbsp;<strong>Antofagasta<\/strong>&nbsp;(domingo 12 de enero). Durante su traves\u00eda, Amal nos recordar\u00e1 que la ni\u00f1ez debe ser protegida siempre y en todo lugar, entregando un mensaje de humanidad y tendiendo un puente hacia las celebraciones por los 80 a\u00f1os de la entrega del Premio Nobel a&nbsp;<strong>Gabriela Mistral<\/strong>.<\/p>\n\n\n\n<p><strong>Amal<\/strong>&nbsp;(nombre \u00e1rabe que en espa\u00f1ol significa \u201cEsperanza\u201d), es una ni\u00f1a refugiada de origen sirio de 10 a\u00f1os que ya visit\u00f3 Europa, recorriendo pa\u00edses como Francia, Alemania, Reino Unido, Ucrania, Polonia, Suiza, B\u00e9lgica, Italia, Grecia y Turqu\u00eda, adem\u00e1s de Canad\u00e1, Estados Unidos y Australia, por mencionar s\u00f3lo algunos. En su hasta ahora \u00fanico periplo por nuestro continente, Amal fue recibida en 2023 en M\u00e9xico, visitando 11 territorios de la naci\u00f3n azteca y convocando a 500 mil personas a lo largo de los m\u00e1s de 5 mil kil\u00f3metros recorridos.<\/p>\n\n\n\n<p>La&nbsp;<strong>directora de Fundaci\u00f3n Teatro a Mil, Carmen Romero Quero<\/strong>, comenta que \u201cAmal<strong>&nbsp;<\/strong>lleva un mensaje de esperanza para todas las personas migrantes y desplazadas del mundo, especialmente los ni\u00f1os separados de sus familias. Es un privilegio recibir a esta peque\u00f1a valiente que nos dar\u00e1 la oportunidad de imaginar y crear colectivamente cada bienvenida seg\u00fan los imaginarios de cada comunidad que la reciba a lo largo del pa\u00eds, un viaje que no ser\u00eda posible sin el apoyo conjunto de organismos p\u00fablicos y el sector privado\u201d.<\/p>\n\n\n\n<p>En tanto,&nbsp;<strong>Abel Ben\u00edtez, director de Asuntos Corporativos de Escondida | BHP<\/strong>, se\u00f1al\u00f3 que \u201ceste a\u00f1o Antof a Mil nos invita a disfrutar de una programaci\u00f3n compuesta por nueve espect\u00e1culos dirigidos a toda a la familia, donde las calles y la ciudad volver\u00e1 a tener el protagonismo a trav\u00e9s de la presentaci\u00f3n de grandes montajes al aire libre. En estas m\u00e1s de dos d\u00e9cadas, Antof a Mil ha realizado m\u00e1s de 120 funciones, convocando a m\u00e1s de 370 mil espectadores de las diferentes comunas de la regi\u00f3n, lo que da cuenta de la trascendencia del festival y su arraigo en la regi\u00f3n\u201d.<\/p>\n\n\n\n<p>En 2022,\u00a0<strong>Amal\u00a0<\/strong>fue nombrada por Time Out como el<strong>\u00a0\u201c<\/strong>Evento de Arte n\u00famero uno de Nueva York de 2022\u201d y fue considerado uno de los Mejores Eventos de Teatro de 2022 por el New York Times. El peri\u00f3dico brit\u00e1nico The Guardian escribi\u00f3: \u201cSus viajes son festivales de arte y esperanza que dirigen la atenci\u00f3n hacia el enorme n\u00famero de ni\u00f1os que huyen de la guerra, la violencia y la persecuci\u00f3n, cada uno con su propia historia. Su mensaje urgente al mundo es \u2018no te olvides de nosotros\u2019\u201d.<\/p>\n\n\n\n<p><strong>Talento local e internacional<\/strong><\/p>\n\n\n\n<p>A la presencia de Amal en la regi\u00f3n se suna una completa programaci\u00f3n en sala. Uno de los destacados ser\u00e1&nbsp;<strong><em>LIMPIA<\/em><\/strong>, la puesta en escena de Alfredo Castro de la celebrada novela hom\u00f3nima de Alia Trabucco Zer\u00e1n, montaje que ser\u00e1 el encargado de inaugurar el festival en el Teatro Municipal de Antofagasta. El elenco encabezado por Paola Giannini, \u00c1lvaro Espinoza, Taira Court y Teresita R\u00edos, dar\u00e1 el puntapi\u00e9 inicial a esta versi\u00f3n el<strong>&nbsp;3 de enero.&nbsp;<\/strong><\/p>\n\n\n\n<p>Dentro de las obras nacionales, tambi\u00e9n se presentar\u00e1 el&nbsp;<strong>9 de enero<\/strong>, en el Teatro Municipal de Antofagasta, la obra&nbsp;<strong><em>Hamlet deambula en c\u00edrculos<\/em><\/strong>, dirigida por Cristi\u00e1n Plana y protagonizada por el reconocido actor H\u00e9ctor Noguera, quien celebra con este montaje los 30 a\u00f1os de su compa\u00f1\u00eda Teatro Camino.&nbsp;<\/p>\n\n\n\n<p>En tanto, el&nbsp;<strong>11 de enero<\/strong>, ser\u00e1 la funci\u00f3n en el mismo lugar, de&nbsp;<strong><em>TE MANA HAKA\u00c2RA: el poder que permanece<\/em><\/strong>, una coproducci\u00f3n de Teatro a Mil y la m\u00e1s reciente obra de danza de la compa\u00f1\u00eda antofagastina La Huella Teatro, bajo la direcci\u00f3n de Alejandra Rojas, que pone en valor la memoria hist\u00f3rica de rapanui a trav\u00e9s de sus mujeres.<\/p>\n\n\n\n<p>Desde Espa\u00f1a, llegan los Premios Nacional de Danza, Olga Pericet y Daniel Abreu, con su pieza&nbsp;<strong><em>La Materia<\/em><\/strong>, que se presentar\u00e1 el&nbsp;<strong>8 de enero<\/strong>&nbsp;en el Teatro Municipal de Antofagasta, gracias al intercambio entre el festival y Teatros del Canal, de la Comunidad de Madrid. La obra es un viaje a los or\u00edgenes del flamenco inspirada en las guitarras del luthier Antonio de Torres, considerado el padre de la guitarra espa\u00f1ola moderna.<\/p>\n\n\n\n<p>Seleccionadas por el Jurado regional multidisciplinar del festival se presentar\u00e1, el&nbsp;<strong>5 y 6 de enero<\/strong>&nbsp;en IL\u00da Espacio Creativo, la obra de danza&nbsp;<strong><em>Sank\u00f6fa<\/em><\/strong>, que rescata la historia y la m\u00fasica de los afrodescendientes, mientras que el 10 y 11 de enero en la sala del Liceo Experimental Art\u00edstico,&nbsp;<strong><em>Tiroteo<\/em><\/strong>, escrita y dirigida por Franco Rocco Cancino, nos ofrecer\u00e1 una reflexi\u00f3n sobre la educaci\u00f3n y la violencia.<\/p>\n\n\n\n<p>En tanto, las calles de Antofagasta recibir\u00e1n el&nbsp;<strong>8 de enero<\/strong>&nbsp;la creaci\u00f3n argentina&nbsp;<strong><em>Efectos especiales,<\/em><\/strong>&nbsp;un espect\u00e1culo ciudadano de los artistas argentinos Luciana Acu\u00f1a y Alejo Moguillansky que invita al p\u00fablico a ser testigo y parte de un emocionante rodaje de cine en vivo; y&nbsp;<strong><em>Pachakuna: Guardianes de los Andes<\/em><\/strong>, el aplaudido pasacalle de La Patogallina que rescata a los animales sagrados de la cosmovisi\u00f3n Andina con bailes y m\u00fasica en vivo, junto a comparsas andinas locales, y que estar\u00e1 en Antofagasta el&nbsp;<strong>4 de enero<\/strong>&nbsp;y en Mejillones el&nbsp;<strong>5 de enero<\/strong>.&nbsp;&nbsp;<\/p>\n\n\n\n<p>Complementando los espect\u00e1culos, el programa de mediaci\u00f3n del festival, LAB Esc\u00e9nico, desarrollara di\u00e1logos post funci\u00f3n en cada espect\u00e1culo de sala, dos workshops con artistas de&nbsp;<em>La Materia<\/em>&nbsp;y&nbsp;<em>Efectos Especiales<\/em>, y sesiones de Peque\u00f1as Audiencias asociadas a&nbsp;<em>Amal en Chile<\/em>&nbsp;junto a la Escuela Juan Pablo II de la poblaci\u00f3n Bonilla y el Servicio Jesuita Migrante.<\/p>\n\n\n\n<p>Toda la programaci\u00f3n de Antof a Mil ser\u00e1 gratuita. Los espect\u00e1culos de sala ser\u00e1n con inscripci\u00f3n previa en Ticketplus.cl y los de calle ser\u00e1n con acceso liberado, sin inscripci\u00f3n.&nbsp;<\/p>\n\n\n\n<p>Los detalles de la programaci\u00f3n gratuita pueden revisarlo en&nbsp;<strong>Antofamil.cl<\/strong>.<\/p>\n\n\n\n<p>\u2026\u2026\u2026\u2026\u2026\u2026\u2026\u2026\u2026\u2026\u2026\u2026\u2026\u2026<\/p>\n\n\n\n<p>El Festival Internacional Antof a Mil es un proyecto presentado por Escondida | BHP y Fundaci\u00f3n Teatro a Mil, acogido a la Ley de Donaciones Culturales, con el apoyo del Ministerio de las Culturas, las Artes y el Patrimonio. Cuenta con el apoyo del Gobierno Regional de Antofagasta, Seremi de las Culturas, las Artes y el Patrimonio de la Regi\u00f3n de Antofagasta,&nbsp;Municipalidad de Antofagasta, Corporaci\u00f3n Cultural de Antofagasta, Liceo Experimental Art\u00edstico de Antofagasta, IL\u00da Espacio Creativo, Municipalidad de Mejillones, Fundaci\u00f3n Cultural de Mejillones, Municipalidad de San Pedro de Atacama, Fundaci\u00f3n de Cultura San Pedro de Atacama y Corporaci\u00f3n Cultural de Peine.<\/p>\n\n\n\n<p><strong>Programaci\u00f3n \u2013 Festival Internacional Antof a Mil<\/strong>&nbsp;<strong>2025<\/strong><\/p>\n\n\n\n<p>3 de enero |&nbsp;<strong>LIMPIA \u2013&nbsp;<\/strong>Teatro Municipal de Antofagasta&nbsp;<br>4 de enero |&nbsp;<strong>Pachakuna&nbsp;<\/strong>\u2013<strong>&nbsp;<\/strong>Antofagasta (calle)&nbsp;<br>5 de enero |&nbsp;<strong>Pachakuna&nbsp;<\/strong>\u2013 Mejillones (calle)&nbsp;<br>5 y 6 de enero |&nbsp;<strong>Sank\u00f6fa&nbsp;<\/strong>\u2013&nbsp;IL\u00da Espacio Creativo, Antofagasta &nbsp;<br>8 de enero |&nbsp;<strong>La Materia<\/strong>&nbsp;\u2013&nbsp;Teatro Municipal de Antofagasta &nbsp;<br>8 de enero |&nbsp;<strong>Efectos Especiales<\/strong>&nbsp;\u2013 Antofagasta (calle)&nbsp;<br>9 de enero |&nbsp;<strong>Hamlet deambula en c\u00edrculos<\/strong>&nbsp;\u2013&nbsp;Teatro Municipal de Antofagasta &nbsp;<br>9 de enero |&nbsp;<strong>Amal en Chile<\/strong>&nbsp;\u2013&nbsp;San Pedro de Atacama y Peine (calle)&nbsp;<br>10 y 11 de enero |&nbsp;<strong>Tiroteo<\/strong>&nbsp;\u2013 Liceo Experimental Art\u00edstico, Antofagasta&nbsp;<br>11 de enero |&nbsp;<strong><em>TE MANA HAKA\u00c2RA: el poder que permanece<\/em><\/strong>&nbsp;\u2013&nbsp;Teatro Municipal de Antofagasta &nbsp;<br>11 de enero |&nbsp;<strong>Amal en Chile<\/strong>&nbsp;\u2013&nbsp;Mejillones (calle)&nbsp;<br>12 de enero |&nbsp;<strong>Amal en Chile&nbsp;<\/strong>\u2013&nbsp;Antofagasta (calle)&nbsp;<\/p>\n","protected":false},"excerpt":{"rendered":"<p>La 25\u00b0 versi\u00f3n del festival, presentado por Escondida | BHP y Fundaci\u00f3n Teatro a Mil, se desplegar\u00e1 entre 3 y 12 de enero de 2025 en salas y calles de&hellip;<\/p>\n","protected":false},"author":1,"featured_media":18118,"comment_status":"closed","ping_status":"closed","sticky":false,"template":"","format":"standard","meta":{"_monsterinsights_skip_tracking":false,"_monsterinsights_sitenote_active":false,"_monsterinsights_sitenote_note":"","_monsterinsights_sitenote_category":0,"footnotes":""},"categories":[178,2405],"tags":[9618,7205,9617,662,201,138,1602,490,233],"class_list":["post-18116","post","type-post","status-publish","format-standard","has-post-thumbnail","hentry","category-arte-cultura","category-region","tag-amal","tag-antof-a-mil","tag-anuncio-2","tag-chile","tag-edicion","tag-festival","tag-grande","tag-internacional","tag-numero"],"_links":{"self":[{"href":"https:\/\/antofapop.cl\/index.php\/wp-json\/wp\/v2\/posts\/18116"}],"collection":[{"href":"https:\/\/antofapop.cl\/index.php\/wp-json\/wp\/v2\/posts"}],"about":[{"href":"https:\/\/antofapop.cl\/index.php\/wp-json\/wp\/v2\/types\/post"}],"author":[{"embeddable":true,"href":"https:\/\/antofapop.cl\/index.php\/wp-json\/wp\/v2\/users\/1"}],"replies":[{"embeddable":true,"href":"https:\/\/antofapop.cl\/index.php\/wp-json\/wp\/v2\/comments?post=18116"}],"version-history":[{"count":1,"href":"https:\/\/antofapop.cl\/index.php\/wp-json\/wp\/v2\/posts\/18116\/revisions"}],"predecessor-version":[{"id":18117,"href":"https:\/\/antofapop.cl\/index.php\/wp-json\/wp\/v2\/posts\/18116\/revisions\/18117"}],"wp:featuredmedia":[{"embeddable":true,"href":"https:\/\/antofapop.cl\/index.php\/wp-json\/wp\/v2\/media\/18118"}],"wp:attachment":[{"href":"https:\/\/antofapop.cl\/index.php\/wp-json\/wp\/v2\/media?parent=18116"}],"wp:term":[{"taxonomy":"category","embeddable":true,"href":"https:\/\/antofapop.cl\/index.php\/wp-json\/wp\/v2\/categories?post=18116"},{"taxonomy":"post_tag","embeddable":true,"href":"https:\/\/antofapop.cl\/index.php\/wp-json\/wp\/v2\/tags?post=18116"}],"curies":[{"name":"wp","href":"https:\/\/api.w.org\/{rel}","templated":true}]}}