{"id":18686,"date":"2024-12-23T02:27:13","date_gmt":"2024-12-22T23:27:13","guid":{"rendered":"https:\/\/antofapop.cl\/?p=18686"},"modified":"2024-12-23T02:27:14","modified_gmt":"2024-12-22T23:27:14","slug":"revista-ckuri-n23-una-nueva-edicion-en-formato-digital","status":"publish","type":"post","link":"https:\/\/antofapop.cl\/index.php\/2024\/12\/23\/revista-ckuri-n23-una-nueva-edicion-en-formato-digital\/","title":{"rendered":"Revista Ckuri N\u00b023: Una nueva Edici\u00f3n en formato digital"},"content":{"rendered":"<div class='booster-block booster-read-block'>\n                <div class=\"twp-read-time\">\n                \t<i class=\"booster-icon twp-clock\"><\/i> <span>Tiempo de Lectura:<\/span>2 Minutos, 6 Segundos                <\/div>\n\n            <\/div>\n<p>La fronteriza localidad de Ollag\u00fce (3.660 metros sobre el nivel del mar) es mucho m\u00e1s que hermosos paisajes y altivos volcanes. Tambi\u00e9n tiene una rica historia por tener los sitios mineros permanentemente ocupados m\u00e1s altos del mundo durante casi cien a\u00f1os (1890-1992) en la explotaci\u00f3n del azufre y el b\u00f3rax. Es por ello que en este n\u00famero de Revista Ckuri, el patrimonio industrial y la memoria ocupan la portada de nuestra entrega N\u00b0 23, inspirados en el trabajo que el director del&nbsp;<strong>Proyecto Alto Cielo, Francisco Rivera<\/strong>, ha desarrollado gracias al financiamiento de Fondecyt, junto a connotados investigadores de las m\u00e1s diversas disciplinas.<\/p>\n\n\n\n<p>Adem\u00e1s, destacamos el aporte del fot\u00f3grafo y audiovisualista\u00a0<strong>Eduardo Pizarro B\u00f3rquez<\/strong>, cuya pluma y lente fotogr\u00e1fico nos acerca a la belleza de la Fiesta de Nuestra Se\u00f1ora de Guadalupe de Ayquina, un crisol de colores, fe y devoci\u00f3n, ejemplo concreto del sincretismo andino.Las artes literarias est\u00e1n representadas por dos exponentes de las letras nortinas. En primer lugar,por la soci\u00f3loga tocopillana\u00a0<strong>Jerny Gonz\u00e1lez<\/strong>, cuyo primer libro, que a\u00fan estaba ad portas de entrara la imprenta de la mano de\u00a0<strong>Pampa Negra Ediciones<\/strong>, hab\u00eda hecho historia en los Premios Literarios de esa cartera, al ser seleccionado como el ganador de la distinci\u00f3n Escrituras de la Memoria, en la categor\u00eda de Obra In\u00e9dita. Y luego, conoceremos m\u00e1s sobre el trabajo de\u00a0<strong>Sof\u00eda Ramos Wong<\/strong>, la autora calame\u00f1a que ha cautivado a sus lectores con su novela Proyecto \u201cSinvir\u201d.<\/p>\n\n\n\n<p>Mientras las artes pl\u00e1sticas est\u00e1n presentes con el dise\u00f1ador gr\u00e1fico publicitario titulado de la Universidad de Antofagasta y egresado del Liceo Experimental Art\u00edstico (LEA), el antofagastino\u00a0<strong>Manuel Berr\u00edos Cabrera<\/strong>, quien es el encargado de marketing de una importante compa\u00f1\u00eda en la capital, pero sue\u00f1a con dedicarse 100% al arte, y por la artista\u00a0<strong>Paula P\u00e9rez<\/strong>, dise\u00f1adora e ilustradora nortina que es parte de \u201cDiablos. Viajes de una imagen en el Desierto de Atacama\u201d, exposici\u00f3n montada en la Sala Chela Lira de la Universidad Cat\u00f3lica del Norte (UCN), que re\u00fane trabajos de diversos artistas en torno a la figura del diablo.<\/p>\n\n\n\n<p>Finalmente, la antropolog\u00eda y la historia vienen de la pluma de la periodista Paula Meza, quien nos presenta a\u00a0<strong>Javier Carmona<\/strong>, investigador doctoral que centr\u00f3 sus intereses en el estudio de las trayectorias hist\u00f3ricas de la producci\u00f3n de alfalfa en el Desierto de Atacama, dando cuenta c\u00f3mo \u00e9sta ha tejido una profunda relaci\u00f3n con la sociedad y el papel crucial que ha jugado en distintos procesos hist\u00f3ricos regionales.<\/p>\n\n\n\n<p><strong><a href=\"http:\/\/www.revistackuri.cl\/\" target=\"_blank\" rel=\"noreferrer noopener\">www.revistackuri.cl<\/a><\/strong><\/p>\n\n\n\n<p><strong><a href=\"https:\/\/revistackuri.cl\/descarga-la-revista\/\" target=\"_blank\" rel=\"noreferrer noopener\">https:\/\/revistackuri.cl\/descarga-la-revista\/<\/a><\/strong><\/p>\n","protected":false},"excerpt":{"rendered":"<p>La fronteriza localidad de Ollag\u00fce (3.660 metros sobre el nivel del mar) es mucho m\u00e1s que hermosos paisajes y altivos volcanes. Tambi\u00e9n tiene una rica historia por tener los sitios&hellip;<\/p>\n","protected":false},"author":1,"featured_media":18687,"comment_status":"closed","ping_status":"closed","sticky":false,"template":"","format":"standard","meta":{"_monsterinsights_skip_tracking":false,"_monsterinsights_sitenote_active":false,"_monsterinsights_sitenote_note":"","_monsterinsights_sitenote_category":0,"footnotes":""},"categories":[197,2405],"tags":[230,221,201,202,196,229],"class_list":["post-18686","post","type-post","status-publish","format-standard","has-post-thumbnail","hentry","category-libros","category-region","tag-ckuri","tag-digital","tag-edicion","tag-formato","tag-nueva","tag-revista"],"_links":{"self":[{"href":"https:\/\/antofapop.cl\/index.php\/wp-json\/wp\/v2\/posts\/18686"}],"collection":[{"href":"https:\/\/antofapop.cl\/index.php\/wp-json\/wp\/v2\/posts"}],"about":[{"href":"https:\/\/antofapop.cl\/index.php\/wp-json\/wp\/v2\/types\/post"}],"author":[{"embeddable":true,"href":"https:\/\/antofapop.cl\/index.php\/wp-json\/wp\/v2\/users\/1"}],"replies":[{"embeddable":true,"href":"https:\/\/antofapop.cl\/index.php\/wp-json\/wp\/v2\/comments?post=18686"}],"version-history":[{"count":1,"href":"https:\/\/antofapop.cl\/index.php\/wp-json\/wp\/v2\/posts\/18686\/revisions"}],"predecessor-version":[{"id":18688,"href":"https:\/\/antofapop.cl\/index.php\/wp-json\/wp\/v2\/posts\/18686\/revisions\/18688"}],"wp:featuredmedia":[{"embeddable":true,"href":"https:\/\/antofapop.cl\/index.php\/wp-json\/wp\/v2\/media\/18687"}],"wp:attachment":[{"href":"https:\/\/antofapop.cl\/index.php\/wp-json\/wp\/v2\/media?parent=18686"}],"wp:term":[{"taxonomy":"category","embeddable":true,"href":"https:\/\/antofapop.cl\/index.php\/wp-json\/wp\/v2\/categories?post=18686"},{"taxonomy":"post_tag","embeddable":true,"href":"https:\/\/antofapop.cl\/index.php\/wp-json\/wp\/v2\/tags?post=18686"}],"curies":[{"name":"wp","href":"https:\/\/api.w.org\/{rel}","templated":true}]}}