{"id":18707,"date":"2025-01-03T14:32:15","date_gmt":"2025-01-03T11:32:15","guid":{"rendered":"https:\/\/antofapop.cl\/?p=18707"},"modified":"2025-01-03T14:32:16","modified_gmt":"2025-01-03T11:32:16","slug":"una-nueva-forma-de-crear-pop-vice-arrue-estrena-odias-la-arena","status":"publish","type":"post","link":"https:\/\/antofapop.cl\/index.php\/2025\/01\/03\/una-nueva-forma-de-crear-pop-vice-arrue-estrena-odias-la-arena\/","title":{"rendered":"Una nueva forma de crear pop: Vice Arru\u00e9 estrena Odias la Arena"},"content":{"rendered":"<div class='booster-block booster-read-block'>\n                <div class=\"twp-read-time\">\n                \t<i class=\"booster-icon twp-clock\"><\/i> <span>Tiempo de Lectura:<\/span>3 Minutos, 20 Segundos                <\/div>\n\n            <\/div>\n<p><strong>B<em>ajo una propuesta innovadora, euf\u00f3rica y on\u00edrica, el int\u00e9rprete del pop chileno lanza su \u00faltimo single junto a un videoclip\u00a0que pone de manifiesto una forma de hacer pop, m\u00e1s atrevida, fresca y m\u00e1gica, este \u00faltimo siendo un proyecto financiado por el Fondo para el Fomento de la M\u00fasica Nacional, Convocatoria 2024 del Ministerio.<\/em><\/strong><\/p>\n\n\n\n<p>El cantautor chileno del pop,&nbsp;<a href=\"https:\/\/redponchoproducciones.us19.list-manage.com\/track\/click?u=aa0d32b818369295249137137&amp;id=af75e4533c&amp;e=8efce6811c\" target=\"_blank\" rel=\"noreferrer noopener\">Vice Arru\u00e9<\/a>, estrena su m\u00e1s reciente sencillo &#8220;<a href=\"https:\/\/redponchoproducciones.us19.list-manage.com\/track\/click?u=aa0d32b818369295249137137&amp;id=92a63cc137&amp;e=8efce6811c\" target=\"_blank\" rel=\"noreferrer noopener\">Odias la Arena<\/a>&#8221; una pieza \u00fanica del pop que explora la idea de \u201c<strong>Un amor tan bueno que no se siente real<\/strong>\u201d donde los l\u00edmites entre los sue\u00f1os y la realidad se desvanecen.&nbsp;<\/p>\n\n\n\n<p>Producida por<strong>&nbsp;Pablo Vicencio<\/strong>&nbsp;y masterizada por la ingeniera&nbsp;<strong>Victoria Cordero<\/strong>, &#8220;<a href=\"https:\/\/redponchoproducciones.us19.list-manage.com\/track\/click?u=aa0d32b818369295249137137&amp;id=7bf232941c&amp;e=8efce6811c\" target=\"_blank\" rel=\"noreferrer noopener\">Odias la Arena<\/a>&#8221;&nbsp;<strong>destaca por su narrativa \u00edntima y po\u00e9tica que equilibra lo real y lo imaginario<\/strong>, dando luz a una pieza composicionalmente on\u00edrica y m\u00e1gica, esto, bajo un pop que rescata influencias de artistas contempor\u00e1neos del mismo g\u00e9nero como&nbsp;<strong>Bandalos Chinos<\/strong>&nbsp;y&nbsp;<strong>Harry Styles<\/strong>.&nbsp;<\/p>\n\n\n\n<p>El lanzamiento del sencillo viene acompa\u00f1ado de un videoclip de primera calidad que amplifica la narrativa visual de la canci\u00f3n, un proyecto financiado por el&nbsp;<strong>Fondo para el Fomento de la M\u00fasica Nacional, Convocatoria 2024 del Ministerio.&nbsp;<\/strong><\/p>\n\n\n\n<p>Con una&nbsp;<strong>est\u00e9tica c\u00e1lida y vibrante<\/strong>, el videoclip combina&nbsp;escenas actuadas y protagonizadas por el artista junto a otro chico, dramatizando la&nbsp;<strong>lucha entre los recuerdos&nbsp;memorables y nost\u00e1lgicos<\/strong>&nbsp;de&nbsp;una relaci\u00f3n amorosa pasada, y&nbsp;los&nbsp;<strong>conflictos&nbsp;que llevaron finalmente al quiebre de su v\u00ednculo<\/strong>.<\/p>\n\n\n\n<p>\u201c<a href=\"https:\/\/redponchoproducciones.us19.list-manage.com\/track\/click?u=aa0d32b818369295249137137&amp;id=bf11580580&amp;e=8efce6811c\" target=\"_blank\" rel=\"noreferrer noopener\">Odias la Arena<\/a>\u201d atrapa la esencia de un pop fresco, moderno y con una sensibilidad \u00fanica, ampliando as\u00ed la experiencia musical que&nbsp;<a href=\"https:\/\/redponchoproducciones.us19.list-manage.com\/track\/click?u=aa0d32b818369295249137137&amp;id=6c695bdf2f&amp;e=8efce6811c\" target=\"_blank\" rel=\"noreferrer noopener\">Vice Arru\u00e9<\/a>&nbsp;ofrece a sus oyentes,&nbsp;<strong>un p\u00fablico que busca una experiencia musical tanto emocional como conceptualmente envolvente<\/strong>.&nbsp;<\/p>\n\n\n\n<p>Oriundo de Santiago de Chile,&nbsp;<strong>Vicente Arru\u00e9<\/strong>&nbsp;es un cantante, compositor y productor musical cuyo acercamiento a la m\u00fasica comenz\u00f3 a una edad muy temprana, en la que, influenciado por figura como&nbsp;<strong>Javiera Mena&nbsp;<\/strong>y&nbsp;<strong>Alex Anwandter<\/strong>, le ayud\u00f3 a&nbsp;<strong>desarrollarse dentro del campo musical como artista<\/strong>&nbsp;y a atravesar su proceso de&nbsp;<strong>aceptaci\u00f3n y<\/strong><strong>autodescubrimiento como persona queer<\/strong>.<\/p>\n\n\n\n<p><a href=\"https:\/\/redponchoproducciones.us19.list-manage.com\/track\/click?u=aa0d32b818369295249137137&amp;id=79137c3529&amp;e=8efce6811c\" target=\"_blank\" rel=\"noreferrer noopener\">Vice Arru\u00e9&nbsp;<\/a>corresponde al proyecto solista del cantante y productor musical<strong>&nbsp;Vicente Arru\u00e9<\/strong>, quien se inserta en el escenario musical con<strong>&nbsp;ritmos adictivos, melod\u00edas pegajosas y una est\u00e9tica visual cautivadora<\/strong>, esto desde el estreno de su single debut en 2023, titulado \u201c<a href=\"https:\/\/redponchoproducciones.us19.list-manage.com\/track\/click?u=aa0d32b818369295249137137&amp;id=41934082d7&amp;e=8efce6811c\" target=\"_blank\" rel=\"noreferrer noopener\">Tomarnos un Tiempo<\/a>\u201d, sencillo que gener\u00f3 gran recibimiento, traducido en m\u00e1s de&nbsp;<strong>7000 streams en Spotify<\/strong>&nbsp;(hasta febrero de 2024), varias publicaciones en medios de difusi\u00f3n y entrevistas en Radio Universidad de Concepci\u00f3n, Radio Bienvenida y Radio Amadeus.&nbsp;<\/p>\n\n\n\n<p>Con el estreno de su segundo sencillo titulado \u201c<a href=\"https:\/\/redponchoproducciones.us19.list-manage.com\/track\/click?u=aa0d32b818369295249137137&amp;id=be7f9cc1df&amp;e=8efce6811c\" target=\"_blank\" rel=\"noreferrer noopener\">HOMBREARA\u00d1A<\/a>\u201d, en 2024, Vice se atreve por&nbsp;<strong>una balada alternativa con elementos de pop e indie pop<\/strong>, navegando por sonoridades m\u00e1s alternativas, teniendo como de referentes a&nbsp;<strong>Rosalia<\/strong>,&nbsp;<strong>Lana del<br>Rey y Rusowsky<\/strong>.&nbsp;<\/p>\n\n\n\n<p>El d\u00eda 3 de mayo de 2024, el int\u00e9rprete coron\u00f3 con su debut en vivo en la ic\u00f3nica&nbsp;<strong>Sala Master<\/strong>, abriendo el show de lanzamiento en el &#8220;<strong>Coraz\u00f3n del Bar<\/strong>\u201d, del proyecto de m\u00fasica pop Chico de Ne\u00f3n. Adem\u00e1s se present\u00f3 a un show en vivo en la conocida&nbsp;<strong>Sala SCD&nbsp;<\/strong>en septiembre de 2024 para abrir el show del artista de electro\/pop&nbsp;<strong>Nico Yalvi<\/strong><\/p>\n\n\n\n<p>Vice nos presenta con su nuevo lanzamiento un recorrido musical \u00fanico, del cual ya es posible disfrutar lo m\u00e1s nuevo del mismo en&nbsp;<strong>las respectivas plataformas digitales<\/strong>.<\/p>\n\n\n\n<figure class=\"wp-block-embed is-type-video is-provider-youtube wp-block-embed-youtube wp-embed-aspect-16-9 wp-has-aspect-ratio\"><div class=\"wp-block-embed__wrapper\">\n<iframe loading=\"lazy\" title=\"Vice Arru\u00e9 - Odias la arena (Video Oficial)\" width=\"500\" height=\"281\" src=\"https:\/\/www.youtube.com\/embed\/FDqAHSYZMGo?feature=oembed\" frameborder=\"0\" allow=\"accelerometer; autoplay; clipboard-write; encrypted-media; gyroscope; picture-in-picture; web-share\" referrerpolicy=\"strict-origin-when-cross-origin\" allowfullscreen><\/iframe>\n<\/div><figcaption class=\"wp-element-caption\">Direcci\u00f3n: Domingo Jeame<br>Direcci\u00f3n de Fotograf\u00eda: Diego Seye<br>Direcci\u00f3n de Arte: Paulina Carriel<br>Producci\u00f3n: Vicente Arru\u00e9 y Joaquin de la Prida<br>Protagonizado por: Vicente Arru\u00e9 y Pedro Fernandino<\/figcaption><\/figure>\n\n\n\n<figure class=\"wp-block-embed is-type-rich is-provider-spotify wp-block-embed-spotify wp-embed-aspect-21-9 wp-has-aspect-ratio\"><div class=\"wp-block-embed__wrapper\">\n<iframe title=\"Spotify Embed: Vice Arru\u00e9\" style=\"border-radius: 12px\" width=\"100%\" height=\"352\" frameborder=\"0\" allowfullscreen allow=\"autoplay; clipboard-write; encrypted-media; fullscreen; picture-in-picture\" loading=\"lazy\" src=\"https:\/\/open.spotify.com\/embed\/artist\/0pn1fQC16tjTsQkqWPn4xN?si=RMIxt2NcT4-LKhu2X4iELg&#038;nd=1&#038;dlsi=c9d5c1afa4e34982&#038;utm_source=oembed\"><\/iframe>\n<\/div><figcaption class=\"wp-element-caption\">Autor y Compositor: Vicente Sim\u00f3n Arru\u00e9 Taub<br>Productor: Pablo Santiago Vicencio Ponce<br>Ing de grabaci\u00f3n: Pablo Santiago Vicencio Ponce<br>Ing de mezcla: Pablo Santiago Vicencio Ponce<br>Ing de m\u00e1ster: Victoria Cordero<\/figcaption><\/figure>\n","protected":false},"excerpt":{"rendered":"<p>Bajo una propuesta innovadora, euf\u00f3rica y on\u00edrica, el int\u00e9rprete del pop chileno lanza su \u00faltimo single junto a un videoclip\u00a0que pone de manifiesto una forma de hacer pop, m\u00e1s atrevida,&hellip;<\/p>\n","protected":false},"author":1,"featured_media":18708,"comment_status":"closed","ping_status":"closed","sticky":false,"template":"","format":"standard","meta":{"_monsterinsights_skip_tracking":false,"_monsterinsights_sitenote_active":false,"_monsterinsights_sitenote_note":"","_monsterinsights_sitenote_category":0,"footnotes":""},"categories":[3],"tags":[2504,4860,3102,196,95,599],"class_list":["post-18707","post","type-post","status-publish","format-standard","has-post-thumbnail","hentry","category-musica-chilena","tag-arena","tag-arrue","tag-forma","tag-nueva","tag-pop","tag-vice"],"_links":{"self":[{"href":"https:\/\/antofapop.cl\/index.php\/wp-json\/wp\/v2\/posts\/18707"}],"collection":[{"href":"https:\/\/antofapop.cl\/index.php\/wp-json\/wp\/v2\/posts"}],"about":[{"href":"https:\/\/antofapop.cl\/index.php\/wp-json\/wp\/v2\/types\/post"}],"author":[{"embeddable":true,"href":"https:\/\/antofapop.cl\/index.php\/wp-json\/wp\/v2\/users\/1"}],"replies":[{"embeddable":true,"href":"https:\/\/antofapop.cl\/index.php\/wp-json\/wp\/v2\/comments?post=18707"}],"version-history":[{"count":1,"href":"https:\/\/antofapop.cl\/index.php\/wp-json\/wp\/v2\/posts\/18707\/revisions"}],"predecessor-version":[{"id":18709,"href":"https:\/\/antofapop.cl\/index.php\/wp-json\/wp\/v2\/posts\/18707\/revisions\/18709"}],"wp:featuredmedia":[{"embeddable":true,"href":"https:\/\/antofapop.cl\/index.php\/wp-json\/wp\/v2\/media\/18708"}],"wp:attachment":[{"href":"https:\/\/antofapop.cl\/index.php\/wp-json\/wp\/v2\/media?parent=18707"}],"wp:term":[{"taxonomy":"category","embeddable":true,"href":"https:\/\/antofapop.cl\/index.php\/wp-json\/wp\/v2\/categories?post=18707"},{"taxonomy":"post_tag","embeddable":true,"href":"https:\/\/antofapop.cl\/index.php\/wp-json\/wp\/v2\/tags?post=18707"}],"curies":[{"name":"wp","href":"https:\/\/api.w.org\/{rel}","templated":true}]}}