{"id":18851,"date":"2025-01-22T16:00:14","date_gmt":"2025-01-22T13:00:14","guid":{"rendered":"https:\/\/antofapop.cl\/?p=18851"},"modified":"2025-01-22T16:00:15","modified_gmt":"2025-01-22T13:00:15","slug":"exitoso-festival-tocopilla-en-verde-destaco-la-sostenibilidad-y-el-medio-ambiente","status":"publish","type":"post","link":"https:\/\/antofapop.cl\/index.php\/2025\/01\/22\/exitoso-festival-tocopilla-en-verde-destaco-la-sostenibilidad-y-el-medio-ambiente\/","title":{"rendered":"Exitoso Festival Tocopilla En Verde destac\u00f3 la sostenibilidad y el medio ambiente"},"content":{"rendered":"<div class='booster-block booster-read-block'>\n                <div class=\"twp-read-time\">\n                \t<i class=\"booster-icon twp-clock\"><\/i> <span>Tiempo de Lectura:<\/span>3 Minutos, 26 Segundos                <\/div>\n\n            <\/div>\n<p><em><strong>En la Plaza Carlos Condell de Tocopilla se desarroll\u00f3 una nueva versi\u00f3n del Festival Tocopilla en Verde 2024, que finaliz\u00f3 el trabajo mancomunado entre diversas organizaciones y estudiantes de la comuna de Tocopilla bajo al alero de SQM Yodo Nutrici\u00f3n Vegetal, abarcando las \u00e1reas de emprendimiento, innovaci\u00f3n, medio ambiente y patrimonio.<\/strong><\/em><\/p>\n\n\n\n<p>La jornada organizada por Verdical junto a SQM Yodo Nutrici\u00f3n Vegetal, cont\u00f3 con la presentaci\u00f3n de la meteor\u00f3loga Michelle Adam, quien efectu\u00f3 una charla de cambio clim\u00e1tico y las repercusiones que \u00e9sta tiene con el medio ambiente tanto a nivel nacional como mundial. En tanto, la conducci\u00f3n estuvo a cargo de Leo Meyer, periodista y emprendedor, locutor de la \u201cAcademia de Emprendedores\u201d en Radio ADN, quien ameniz\u00f3 las diversas actividades de este encuentro abierto a toda la comunidad.&nbsp;<\/p>\n\n\n\n<p>Adem\u00e1s, Eliseo Salazar, ex piloto de la F\u00f3rmula 1, ofreci\u00f3 una gran experiencia: recorridos en e-karting sostenibles, cuya activaci\u00f3n fue una sorpresa para los cientos de estudiantes que se sumaron a la feria.&nbsp;<\/p>\n\n\n\n<p>El encuentro convoc\u00f3 diversas organizaciones de la comuna, donde se vivi\u00f3 la sostenibilidad y el cuidado con el medio ambiente y el entorno donde estas instituciones visibilizaron su accionar frente a la comunidad, creando un ambiente de colaboraci\u00f3n entre los emprendedores.<\/p>\n\n\n\n<p>Rachel Cort\u00e9s, Delegada Presidencial Provincial de Tocopilla, habl\u00f3 sobre la importancia de este tipo de actividades, destacando: \u201cpara nosotros como Gobierno es important\u00edsimo relevar iniciativas como estas para poder hacer recuperaci\u00f3n de espacios p\u00fablicos, pero tambi\u00e9n para traer aprendizaje en materias asociadas al medio ambiente que finalmente nos permiten tambi\u00e9n proponer una Tocopilla En Verde que avanza hacia la sostenibilidad y hacia la libertad de la contaminaci\u00f3n\u201d.&nbsp;<\/p>\n\n\n\n<p>En tanto, Jos\u00e9 Robles, Subgerente de Relaciones Comunitarias de SQM Yodo Nutrici\u00f3n Vegetal, coment\u00f3 que \u201cTocopilla en Verde busca activar a la comunidad desde acciones concretas. El trabajo que desarrollamos con Verdical busca reconocer la innovaci\u00f3n, el patrimonio y la importancia de proteger nuestro entorno, junto con la recuperaci\u00f3n de espacios p\u00fablicos. En ese sentido, esta iniciativa se alinea con nuestro prop\u00f3sito que es desarrollar capacidades \u00fanicas que transforman recursos en vida y progreso\u201d.<\/p>\n\n\n\n<p>Tocopilla en Verde es ejecutado por Verdical que cuenta con 7 a\u00f1os de trayectoria impulsando un programa de educaci\u00f3n en conjunto con SQM Yodo Nutrici\u00f3n Vegetal. Daniela N\u00fa\u00f1ez, directora de proyectos de Verdical, coment\u00f3 que est\u00e1n felices y conformes por la alta convocatoria que gener\u00f3 el festival: \u201cnos enorgullece que se realicen este tipo de actividades, que buscan cerrar el a\u00f1o de la mejor manera, con las diferentes organizaciones que est\u00e1n trabajando enlazadas para generar cambios reales en el ecosistema del norte\u201d.<\/p>\n\n\n\n<p>Durante esta actividad tambi\u00e9n se presentaron Talleres de Huerto a cargo de Verdical, experimentos en corrientes marinas de Fundaci\u00f3n Protecci\u00f3n Oce\u00e1nica y el deporte no estuvo ajeno, con una pr\u00e1ctica deportiva a cargo de Deportes Tocopilla.<\/p>\n\n\n\n<p><strong>RECONOCIMIENTOS<\/strong><\/p>\n\n\n\n<p>En la ocasi\u00f3n, tambi\u00e9n se entreg\u00f3 la Premiaci\u00f3n Esp\u00edritu Tocopilla En Verde 2024 para las alumnas Antonia Corral y Victoria Lara, quienes fueron parte del programa medioambiental \u201cSpeaker En Verde\u201d. Antonia tiene 18 a\u00f1os y es estudiante del Colegio Bicentenario Sagrada Familia, quien ha formado parte del trabajo de Verdical desde hace 7 a\u00f1os, quien destac\u00f3: \u201chablar de las ense\u00f1anzas que me ha dejado Verdical yo creo que es muy dif\u00edcil porque son demasiadas. Desde muy chica estoy con ellos y desde un inicio sus ense\u00f1anzas fueron directo con el tema de reciclaje, c\u00f3mo cuidar el medio ambiente y c\u00f3mo ser un agente de cambio en Tocopilla\u201d.<\/p>\n\n\n\n<p>Adem\u00e1s, fue reconocido Rodrigo Varas, profesor de la Escuela Rep\u00fablica de los Estados Unidos de Tocopilla y la Junta de Vecinos Villa Los Andes Tocopilla, por la labor y contribuci\u00f3n al ecosistema.<\/p>\n\n\n\n<p>Esta celebraci\u00f3n se transform\u00f3 en una oportunidad de educaci\u00f3n y entretenci\u00f3n en Tocopilla, por un trabajo que busc\u00f3 crear un futuro m\u00e1s sostenible y m\u00e1s comprometido con el medio ambiente.&nbsp;<\/p>\n\n\n\n<p>Las organizaciones que participaron de esta instancia fueron: Ilustre Municipalidad de Tocopilla, P\u00e1jaro Ni\u00f1o, Deportes Tocopilla, Samka, Sembrando Futuro, Taller Esperanza, Puerto Cowork, Lab4U, Mr.Barber, Kai Tour, Protecci\u00f3n Oce\u00e1nica, OMIL Municipalidad de Tocopilla, Se\u00f1oras del Salitre, Palpa, Vivero Municipal, Eliseo E-karts, Protecci\u00f3n Oce\u00e1nica y Deportes Tocopilla.<\/p>\n","protected":false},"excerpt":{"rendered":"<p>En la Plaza Carlos Condell de Tocopilla se desarroll\u00f3 una nueva versi\u00f3n del Festival Tocopilla en Verde 2024, que finaliz\u00f3 el trabajo mancomunado entre diversas organizaciones y estudiantes de la&hellip;<\/p>\n","protected":false},"author":1,"featured_media":18852,"comment_status":"closed","ping_status":"closed","sticky":false,"template":"","format":"standard","meta":{"_monsterinsights_skip_tracking":false,"_monsterinsights_sitenote_active":false,"_monsterinsights_sitenote_note":"","_monsterinsights_sitenote_category":0,"footnotes":""},"categories":[897,2241],"tags":[1174,138,1173,1516,2500,2242,1247],"class_list":["post-18851","post","type-post","status-publish","format-standard","has-post-thumbnail","hentry","category-medio-ambiente-y-sustentabilidad","category-tocopilla","tag-ambiente","tag-festival","tag-medio","tag-medioambiente","tag-sostenibilidad","tag-tocopilla","tag-verde"],"_links":{"self":[{"href":"https:\/\/antofapop.cl\/index.php\/wp-json\/wp\/v2\/posts\/18851"}],"collection":[{"href":"https:\/\/antofapop.cl\/index.php\/wp-json\/wp\/v2\/posts"}],"about":[{"href":"https:\/\/antofapop.cl\/index.php\/wp-json\/wp\/v2\/types\/post"}],"author":[{"embeddable":true,"href":"https:\/\/antofapop.cl\/index.php\/wp-json\/wp\/v2\/users\/1"}],"replies":[{"embeddable":true,"href":"https:\/\/antofapop.cl\/index.php\/wp-json\/wp\/v2\/comments?post=18851"}],"version-history":[{"count":1,"href":"https:\/\/antofapop.cl\/index.php\/wp-json\/wp\/v2\/posts\/18851\/revisions"}],"predecessor-version":[{"id":18853,"href":"https:\/\/antofapop.cl\/index.php\/wp-json\/wp\/v2\/posts\/18851\/revisions\/18853"}],"wp:featuredmedia":[{"embeddable":true,"href":"https:\/\/antofapop.cl\/index.php\/wp-json\/wp\/v2\/media\/18852"}],"wp:attachment":[{"href":"https:\/\/antofapop.cl\/index.php\/wp-json\/wp\/v2\/media?parent=18851"}],"wp:term":[{"taxonomy":"category","embeddable":true,"href":"https:\/\/antofapop.cl\/index.php\/wp-json\/wp\/v2\/categories?post=18851"},{"taxonomy":"post_tag","embeddable":true,"href":"https:\/\/antofapop.cl\/index.php\/wp-json\/wp\/v2\/tags?post=18851"}],"curies":[{"name":"wp","href":"https:\/\/api.w.org\/{rel}","templated":true}]}}