{"id":18857,"date":"2025-01-22T16:12:24","date_gmt":"2025-01-22T13:12:24","guid":{"rendered":"https:\/\/antofapop.cl\/?p=18857"},"modified":"2025-01-22T16:12:25","modified_gmt":"2025-01-22T13:12:25","slug":"120-estudiantes-se-graduan-de-la-escuela-de-jovenes-lideres-2024-de-codelco","status":"publish","type":"post","link":"https:\/\/antofapop.cl\/index.php\/2025\/01\/22\/120-estudiantes-se-graduan-de-la-escuela-de-jovenes-lideres-2024-de-codelco\/","title":{"rendered":"120 estudiantes se grad\u00faan de la Escuela de J\u00f3venes L\u00edderes 2024 de Codelco"},"content":{"rendered":"<div class='booster-block booster-read-block'>\n                <div class=\"twp-read-time\">\n                \t<i class=\"booster-icon twp-clock\"><\/i> <span>Tiempo de Lectura:<\/span>2 Minutos, 57 Segundos                <\/div>\n\n            <\/div>\n<p><em><strong>El evento marc\u00f3 un nuevo hito para la empresa, que se prepara para enfrentar las pr\u00f3ximas d\u00e9cadas de actividad minera con una mirada sustentable, diversa y, sobre todo, apostando por el talento local.<\/strong><\/em><\/p>\n\n\n\n<p>En un encuentro cargado de emoci\u00f3n y alegr\u00eda, se llev\u00f3 a cabo la ceremonia de egreso de los 120 estudiantes que participaron durante este a\u00f1o en la Escuela de J\u00f3venes L\u00edderes para la Miner\u00eda, iniciativa que busca acercar a los j\u00f3venes a la miner\u00eda y entregarles las herramientas base para una futura mejor inserci\u00f3n.\u00a0\u00a0\u00a0<\/p>\n\n\n\n<p>La actividad cont\u00f3 con la presencia de ejecutivos(as) de Codelco, directivos de los colegios y centros de estudios, mentores(as) de la empresa y apoderados(as) y tutores de las y los alumnos, quienes compartieron esta graduaci\u00f3n que marca el ciclo de formaci\u00f3n de las y los j\u00f3venes.&nbsp;<\/p>\n\n\n\n<p>\u201cFue una experiencia \u00fanica, llena de posibilidades, donde hemos podido sacar lo mejor de nosotros y aprender del rubro minero. Contribuy\u00f3 de una manera muy importante para m\u00ed, ya que voy a seguir estudiando y me voy a dedicar a la miner\u00eda, en un \u00e1rea que me encant\u00f3, como es el mantenimiento de equipos&nbsp;m\u00f3viles\u201d, manifest\u00f3 Bryan Grajales, alumno del Colegio T\u00e9cnico Industrial Don Bosco de Calama.<\/p>\n\n\n\n<p>Para Javiera Bautista, alumna del Liceo Agropecuario Bicentenario Likan Antai de San Pedro de Atacama, su paso por la Escuela de J\u00f3venes L\u00edderes \u201cfue una vivencia maravillosa que me ayud\u00f3 a recorrer mi camino, a descubrir en lo que soy buena y de lo que soy capaz\u201d.&nbsp;<\/p>\n\n\n\n<p>Esta iniciativa result\u00f3 igual de motivadora para las y los profesionales de Codelco, que desde sus distintos cargos y funciones cumplieron el rol de mentoras y mentores de los j\u00f3venes.<\/p>\n\n\n\n<p>\u201cEsta experiencia fue incre\u00edble para m\u00ed, ya que pude retornar a esa edad en la que uno se proyecta hacia el futuro, pero esta vez desde un rol de orientador. El poder participar de la educaci\u00f3n y formaci\u00f3n de un joven que tiene tantos intereses y sue\u00f1os, me hace conectar con las personas desde el coraz\u00f3n y transmitir los valores y las experiencias que fundamentan mi forma de ser hoy d\u00eda como l\u00edder\u201d, se\u00f1al\u00f3 Roberto Ramos, ingeniero senior del \u00c1rea de Capacitaci\u00f3n de Divisi\u00f3n Radomiro Tomic.<\/p>\n\n\n\n<p>Por su parte Julio D\u00edaz, gerente general de Divisi\u00f3n Radomiro Tomic y uno de los anfitriones del evento, destac\u00f3 el programa como una potente herramienta de vinculaci\u00f3n con el entorno, \u201cque nos permite dejar la marca Codelco mucho m\u00e1s all\u00e1 de lo que significa ser una solo compa\u00f1\u00eda productora de cobre; ser una empresa que est\u00e1 contribuyendo al desarrollo e impactando positivamente a las personas y comunidades vecinas\u201d.<\/p>\n\n\n\n<p>Las y los j\u00f3venes que participaron en la iniciativa durante este a\u00f1o, pertenecen a los establecimientos de la regi\u00f3n con los que las divisiones de las Operaciones Norte de Codelco mantienen una relaci\u00f3n a trav\u00e9s del Plan Sponsor de la Educaci\u00f3n. Estos son: Colegio Don Bosco, Colegio R\u00edo Loa, Liceo Ces\u00e1reo Aguirre Goyenechea, Liceo Minero Am\u00e9rica, Liceo Jorge Alessandri Rodr\u00edguez, Liceo Eleuterio Ram\u00edrez, Liceo Radomiro Tomic y Liceo Lican Antay de San Pedro de Atacama, a los que se sum\u00f3 nuevamente el Centro de Formaci\u00f3n T\u00e9cnica de la Regi\u00f3n de Antofagasta con sede en Calama.<\/p>\n\n\n\n<p>La Escuela de J\u00f3venes L\u00edderes para la Miner\u00eda lleg\u00f3 para quedarse, pues continuar\u00e1 el pr\u00f3ximo a\u00f1o con la participaci\u00f3n de m\u00e1s hombres y mujeres en edad formativa, reflejando los valores de Diversidad e Inclusi\u00f3n promovidos por Codelco, y fortaleciendo el compromiso de la empresa con la zona y con la igualdad de oportunidades en el \u00e1mbito laboral.<\/p>\n","protected":false},"excerpt":{"rendered":"<p>El evento marc\u00f3 un nuevo hito para la empresa, que se prepara para enfrentar las pr\u00f3ximas d\u00e9cadas de actividad minera con una mirada sustentable, diversa y, sobre todo, apostando por&hellip;<\/p>\n","protected":false},"author":1,"featured_media":18858,"comment_status":"closed","ping_status":"closed","sticky":false,"template":"","format":"standard","meta":{"_monsterinsights_skip_tracking":false,"_monsterinsights_sitenote_active":false,"_monsterinsights_sitenote_note":"","_monsterinsights_sitenote_category":0,"footnotes":""},"categories":[5474,2405],"tags":[3302,963,268,707,2450],"class_list":["post-18857","post","type-post","status-publish","format-standard","has-post-thumbnail","hentry","category-educacion","category-region","tag-codelco","tag-escuela","tag-estudiantes","tag-jovenes","tag-lideres"],"_links":{"self":[{"href":"https:\/\/antofapop.cl\/index.php\/wp-json\/wp\/v2\/posts\/18857"}],"collection":[{"href":"https:\/\/antofapop.cl\/index.php\/wp-json\/wp\/v2\/posts"}],"about":[{"href":"https:\/\/antofapop.cl\/index.php\/wp-json\/wp\/v2\/types\/post"}],"author":[{"embeddable":true,"href":"https:\/\/antofapop.cl\/index.php\/wp-json\/wp\/v2\/users\/1"}],"replies":[{"embeddable":true,"href":"https:\/\/antofapop.cl\/index.php\/wp-json\/wp\/v2\/comments?post=18857"}],"version-history":[{"count":1,"href":"https:\/\/antofapop.cl\/index.php\/wp-json\/wp\/v2\/posts\/18857\/revisions"}],"predecessor-version":[{"id":18859,"href":"https:\/\/antofapop.cl\/index.php\/wp-json\/wp\/v2\/posts\/18857\/revisions\/18859"}],"wp:featuredmedia":[{"embeddable":true,"href":"https:\/\/antofapop.cl\/index.php\/wp-json\/wp\/v2\/media\/18858"}],"wp:attachment":[{"href":"https:\/\/antofapop.cl\/index.php\/wp-json\/wp\/v2\/media?parent=18857"}],"wp:term":[{"taxonomy":"category","embeddable":true,"href":"https:\/\/antofapop.cl\/index.php\/wp-json\/wp\/v2\/categories?post=18857"},{"taxonomy":"post_tag","embeddable":true,"href":"https:\/\/antofapop.cl\/index.php\/wp-json\/wp\/v2\/tags?post=18857"}],"curies":[{"name":"wp","href":"https:\/\/api.w.org\/{rel}","templated":true}]}}