{"id":18925,"date":"2025-01-28T18:01:17","date_gmt":"2025-01-28T15:01:17","guid":{"rendered":"https:\/\/antofapop.cl\/?p=18925"},"modified":"2025-01-28T18:01:17","modified_gmt":"2025-01-28T15:01:17","slug":"el-festival-teatral-del-verano-fitza-2025-continua-conectando-territorios-y-generaciones","status":"publish","type":"post","link":"https:\/\/antofapop.cl\/index.php\/2025\/01\/28\/el-festival-teatral-del-verano-fitza-2025-continua-conectando-territorios-y-generaciones\/","title":{"rendered":"El festival teatral del verano FITZA 2025 contin\u00faa conectando territorios y generaciones"},"content":{"rendered":"<div class='booster-block booster-read-block'>\n                <div class=\"twp-read-time\">\n                \t<i class=\"booster-icon twp-clock\"><\/i> <span>Tiempo de Lectura:<\/span>3 Minutos, 36 Segundos                <\/div>\n\n            <\/div>\n<p><em><strong>El encuentro tuvo la visita ilustre de la Ministra de las Culturas, las Artes y el Patrimonio, Carolina Arredondo. Este martes la fiesta seguir\u00e1 con panoramas que emocionar\u00e1n a los espectadores.\u00a0\u00a0<\/strong><\/em><\/p>\n\n\n\n<p>Una jornada teatral inolvidable se vivi\u00f3 en varias comunas de la Regi\u00f3n de Antofagasta, donde personas de todas las edades pudieron disfrutar de la variada cartelera de obras que ofrece el Festival Internacional de Teatro Zicosur (FITZA) 2025.<\/p>\n\n\n\n<p>Durante el tercer d\u00eda del festival, el p\u00fablico antofagastino vibr\u00f3 con montajes como \u201cUn Microuniverso Nortino con Marionetas\u201d, \u201cDina 1974 \u2013 La Cl\u00ednica\u201d y \u201cMemorias Desenterradas\u201d, cautivando con historias profundas y creativas.<\/p>\n\n\n\n<p>En esta \u00faltima funci\u00f3n, realizada en el Parque Croacia, FITZA tuvo una visita muy importante. Por primera vez una Ministra de Cultura asiste a este hist\u00f3rico encuentro nortino.&nbsp;<\/p>\n\n\n\n<p>La&nbsp;<strong>Ministra de las Culturas, las Artes y el Patrimonio, Carolina Arredondo<\/strong>, quiso ser parte de esta fiesta teatral, tanto en su rol de representante de Estado, como tambi\u00e9n como actriz, reconociendo la labor que este festival ha tenido en casi tres d\u00e9cadas de trayectoria.<\/p>\n\n\n\n<p>\u2018\u2018Conoc\u00ed FITZA siendo actriz, y tuve la oportunidad de ver desde esa vereda la labor que desarrolla el festival, destacando justamente todas las extensiones que realiza y c\u00f3mo tambi\u00e9n, con el tiempo, a trav\u00e9s de los distintos aportes p\u00fablicos y privados en el que se ha ido fortaleciendo\u2019\u2019 afirm\u00f3 la Ministra.<\/p>\n\n\n\n<p>Algo que fue valorado por&nbsp;<strong>\u00c1ngel Lattus, Director General de FITZA<\/strong>, quien agradeci\u00f3 la asistencia de la Ministra.<\/p>\n\n\n\n<p>\u2018\u2019Contar con la presencia de la Ministra reafirma la importancia de FITZA como un espacio de encuentro y difusi\u00f3n cultural para nuestra regi\u00f3n. Queremos seguir haciendo teatro desde la regi\u00f3n y su asistencia, ya que es la primera vez que una Ministra de Cultura viene a nuestro festival, por lo que estamos muy agradecidos\u2019\u2019, coment\u00f3 el Director General, Angel Lattus.<\/p>\n\n\n\n<p>El&nbsp;<strong>alcalde de Antofagasta, Sacha Razmilic<\/strong>, tambi\u00e9n se hizo presente en la funci\u00f3n, resaltando la conexi\u00f3n que tiene este festival con la comunidad. \u201cEs ac\u00e1 donde hacemos contacto, ac\u00e1 es donde hacemos ciudad, hacemos comunidad y donde la vida es m\u00e1s entretenida. Como Municipalidad, vamos a estar apoyando esta y todo tipo de actividades donde los vecinos se encuentren\u2019\u2019, indic\u00f3.<\/p>\n\n\n\n<p>Cabe resaltar que el Festival Internacional de Teatro Zicosur de Antofagasta es organizado por la Agrupaci\u00f3n Art\u00edstico Cultural Pedro de la Barra y presentado por Escondida | BHP, adem\u00e1s se encuentra acogido a la Ley de Donaciones Culturales del Ministerio de las Culturas, las Artes y el Patrimonio.<\/p>\n\n\n\n<p><strong>PROGRAMACI\u00d3N<\/strong><\/p>\n\n\n\n<p>Para continuar disfrutando de la cuarta jornada de este martes 28 de enero, los antofagastinos podr\u00e1n presenciar variados espect\u00e1culos como \u201cUn Microuniverso Nortino con Marionetas\u201d de Teatro Animaci\u00f3n Lambe Lambe de Coquimbo, puesta en escena que se llevar\u00e1 a cabo a las 20:00 horas en Bonilla Bajo (ubicado en Coronel Adolfo Holley 663).&nbsp;<\/p>\n\n\n\n<p>En el mismo horario, pero en la Junta de Vecinos Barrio Estaci\u00f3n (ubicada en Tarapac\u00e1 3705), la compa\u00f1\u00eda N\u00facleo Art\u00edstico de Cuman\u00e1 de Santiago presentar\u00e1 \u201cLa Noche de los Mirlos\u201d.<\/p>\n\n\n\n<p>Y cerrando la noche en la Perla del Norte, la compa\u00f1\u00eda boliviana Ojo de Mono exhibir\u00e1 \u201cEl Ring de las Maravillas\u201d a las 21:00 horas en el Parque Croacia.<\/p>\n\n\n\n<p><strong>COMUNAS<\/strong><\/p>\n\n\n\n<p>El panorama tambi\u00e9n ser\u00e1 variado para las diferentes comunas, ya que la compa\u00f1\u00eda 1022 de Santiago, mantendr\u00e1 al p\u00fablico expectante con \u201cHolmenkollen\u201d a las 19:00 horas en el Teatro Municipal de Calama (ubicado en Eleuterio Ram\u00edrez 2034).<\/p>\n\n\n\n<p>Tiempo m\u00e1s tarde, a las 19:30 horas, en el Auditorio Hospedaje Astron\u00f3mico de Baquedano, los m\u00e1s peque\u00f1os podr\u00e1n gozar del espect\u00e1culo infantil \u201cEl Mundo de Dondo\u201d de la compa\u00f1\u00eda argentina Julia Sigliano.<\/p>\n\n\n\n<p>Por otra parte, en el Centro Cultural de Taltal (ubicado en Juan Mart\u00ednez 215) a las 20:00 horas \u201cCumplea\u00f1os\u201d, de Teatro Argot de Santiago, har\u00e1 reflexionar al p\u00fablico. Simult\u00e1neamente, pero en el Teatro Andr\u00e9s P\u00e9rez de Tocopilla (ubicado en Freire 1249) podr\u00e1n disfrutar de \u201cM\u00e1\u201d de Alma Reina Teatro de Antofagasta.<\/p>\n\n\n\n<p>Finalmente, los mejilloninos viajar\u00e1n en el tiempo con \u201cMemorias Desenterradas\u201d de Producci\u00f3n Esp\u00e9cimen de Antofagasta, quienes se presentar\u00e1n a las 20:00 horas en el Museo Municipal de la comuna (ubicado en Francisco Antonio Pinto 110).&nbsp;<\/p>\n\n\n\n<p>Para m\u00e1s informaci\u00f3n sobre las obras y talleres que trae FITZA 2025, ingresa al sitio web&nbsp;<a href=\"http:\/\/www.fitza.cl\/\" target=\"_blank\" rel=\"noreferrer noopener\">www.fitza.cl<\/a>&nbsp;o sigue las redes sociales de FITZA Festival.<\/p>\n","protected":false},"excerpt":{"rendered":"<p>El encuentro tuvo la visita ilustre de la Ministra de las Culturas, las Artes y el Patrimonio, Carolina Arredondo. Este martes la fiesta seguir\u00e1 con panoramas que emocionar\u00e1n a los&hellip;<\/p>\n","protected":false},"author":1,"featured_media":18926,"comment_status":"closed","ping_status":"closed","sticky":false,"template":"","format":"standard","meta":{"_monsterinsights_skip_tracking":false,"_monsterinsights_sitenote_active":false,"_monsterinsights_sitenote_note":"","_monsterinsights_sitenote_category":0,"footnotes":""},"categories":[123],"tags":[138,1724,4431,3875,1514,3631],"class_list":["post-18925","post","type-post","status-publish","format-standard","has-post-thumbnail","hentry","category-cine-tv-y-teatro","tag-festival","tag-fitza","tag-generaciones","tag-teatral","tag-territorios","tag-verano"],"_links":{"self":[{"href":"https:\/\/antofapop.cl\/index.php\/wp-json\/wp\/v2\/posts\/18925"}],"collection":[{"href":"https:\/\/antofapop.cl\/index.php\/wp-json\/wp\/v2\/posts"}],"about":[{"href":"https:\/\/antofapop.cl\/index.php\/wp-json\/wp\/v2\/types\/post"}],"author":[{"embeddable":true,"href":"https:\/\/antofapop.cl\/index.php\/wp-json\/wp\/v2\/users\/1"}],"replies":[{"embeddable":true,"href":"https:\/\/antofapop.cl\/index.php\/wp-json\/wp\/v2\/comments?post=18925"}],"version-history":[{"count":1,"href":"https:\/\/antofapop.cl\/index.php\/wp-json\/wp\/v2\/posts\/18925\/revisions"}],"predecessor-version":[{"id":18927,"href":"https:\/\/antofapop.cl\/index.php\/wp-json\/wp\/v2\/posts\/18925\/revisions\/18927"}],"wp:featuredmedia":[{"embeddable":true,"href":"https:\/\/antofapop.cl\/index.php\/wp-json\/wp\/v2\/media\/18926"}],"wp:attachment":[{"href":"https:\/\/antofapop.cl\/index.php\/wp-json\/wp\/v2\/media?parent=18925"}],"wp:term":[{"taxonomy":"category","embeddable":true,"href":"https:\/\/antofapop.cl\/index.php\/wp-json\/wp\/v2\/categories?post=18925"},{"taxonomy":"post_tag","embeddable":true,"href":"https:\/\/antofapop.cl\/index.php\/wp-json\/wp\/v2\/tags?post=18925"}],"curies":[{"name":"wp","href":"https:\/\/api.w.org\/{rel}","templated":true}]}}