{"id":18975,"date":"2025-02-04T17:29:13","date_gmt":"2025-02-04T14:29:13","guid":{"rendered":"https:\/\/antofapop.cl\/?p=18975"},"modified":"2025-02-04T17:29:13","modified_gmt":"2025-02-04T14:29:13","slug":"mas-de-4-mil-personas-recibieron-atencion-integral-en-programa-para-una-sociedad-mas-inclusiva","status":"publish","type":"post","link":"https:\/\/antofapop.cl\/index.php\/2025\/02\/04\/mas-de-4-mil-personas-recibieron-atencion-integral-en-programa-para-una-sociedad-mas-inclusiva\/","title":{"rendered":"M\u00e1s de 4 mil personas recibieron atenci\u00f3n integral en programa para una sociedad m\u00e1s inclusiva"},"content":{"rendered":"<div class='booster-block booster-read-block'>\n                <div class=\"twp-read-time\">\n                \t<i class=\"booster-icon twp-clock\"><\/i> <span>Tiempo de Lectura:<\/span>3 Minutos, 46 Segundos                <\/div>\n\n            <\/div>\n<p><strong><em>El proyecto \u2018Por un Chile m\u00e1s justo para todos y todas\u2019 impulsado por el Servicio Jesuita a Migrantes (SJM), el Gobierno Regional y Antofagasta Minerals, benefici\u00f3 a 2.904 familias con orientaci\u00f3n social, jur\u00eddica y ayuda humanitaria.<\/em><\/strong><\/p>\n\n\n\n<p><strong><em>La tercera versi\u00f3n del programa finaliz\u00f3 con un operativo de limpieza donde se sacaron 40 toneladas de desechos y con la pintura de un mural participativo por parte de vecinos y vecinas del Centro Comunitario ubicado en avenida Bonilla.<\/em><\/strong><\/p>\n\n\n\n<p>Con actividades participativas que incluyeron un operativo de limpieza y la pintura de un mural en el sector norte de Antofagasta, culmin\u00f3 la tercera versi\u00f3n del proyecto \u2018Por un Chile m\u00e1s justo para todos y todas\u2019, que promueve la inclusi\u00f3n y el acceso a los derechos de las personas migrantes y refugiadas en la regi\u00f3n.<\/p>\n\n\n\n<p>Este esfuerzo conjunto entre el Servicio Jesuita a Migrantes (SJM), el Gobierno Regional y Antofagasta Minerals se centr\u00f3 especialmente en los derechos de ni\u00f1os, ni\u00f1as y adolescentes, con el objetivo de contribuir a una sociedad m\u00e1s justa e inclusiva.<\/p>\n\n\n\n<p>La acci\u00f3n medioambiental, realizada en los alrededores del Centro Comunitario \u2018\u00d3scar Romero\u2019 del SJM, involucr\u00f3 a familias migrantes, vecinos, vecinas y autoridades, con el apoyo de empresas y organizaciones de gesti\u00f3n medioambiental y art\u00edsticas como Kyklos, Ciclonectado y Lovart. Adem\u00e1s, se estableci\u00f3 un compromiso para articular la recuperaci\u00f3n del sitio, mediante la arborizaci\u00f3n y otras mejoras, como la iluminaci\u00f3n.<\/p>\n\n\n\n<p>Al respecto, el gobernador regional de Antofagasta, Ricardo D\u00edaz, manifest\u00f3: &#8220;Agradezco este trabajo mancomunado, donde todos, el Servicio Jesuita a Migrantes, Antofagasta Minerals y los servicios p\u00fablicos, colaboramos para hacer de la regi\u00f3n, de la ciudad, un lugar m\u00e1s igualitario&#8221;.<\/p>\n\n\n\n<p><strong>Impacto social<\/strong><\/p>\n\n\n\n<p>Durante 2024, el proyecto alcanz\u00f3 a m\u00e1s de 8.700 personas y benefici\u00f3 directamente a m\u00e1s de 4.000, ofreciendo servicios de orientaci\u00f3n social y jur\u00eddica, adem\u00e1s de apoyo humanitario ante situaciones de refugio o emergencias. Entre los logros destacados, atendi\u00f3 372 casos jur\u00eddicos, entreg\u00f3 117 ayudas humanitarias y facilit\u00f3 67 pasajes de reunificaci\u00f3n familiar.<\/p>\n\n\n\n<p>El trabajo con la ni\u00f1ez tambi\u00e9n fue un pilar fundamental del programa. M\u00e1s de 230 ni\u00f1os, ni\u00f1as y adolescentes participaron en talleres de sensibilizaci\u00f3n y formaci\u00f3n intercultural, los cuales fomentaron su inclusi\u00f3n en el sistema educativo y su integraci\u00f3n en la comunidad.&nbsp;<\/p>\n\n\n\n<p>Fernando Guzm\u00e1n, director regional de SJM, explic\u00f3 que \u201cpara nosotros es una alegr\u00eda ver esta alianza p\u00fablico-privada impactando a m\u00e1s de 4 mil personas, entre ellas una cantidad significativa de ni\u00f1os, ni\u00f1as y adolescentes, promoviendo la inclusi\u00f3n y el aprendizaje en un entorno seguro&#8221;.<\/p>\n\n\n\n<p><strong>Formaci\u00f3n intercultural<\/strong><\/p>\n\n\n\n<p>En su tercera versi\u00f3n, el proyecto continu\u00f3 con su labor de sensibilizaci\u00f3n y formaci\u00f3n en derechos humanos y migraci\u00f3n, capacitando a universitarios, docentes y personal administrativo de diversas instituciones p\u00fablicas asociadas a salud y educaci\u00f3n. En total, organiz\u00f3 46 charlas y talleres para m\u00e1s de 800 personas en Antofagasta, Mejillones, Mar\u00eda Elena, Tocopilla y Calama.<\/p>\n\n\n\n<p>Actualmente, la regi\u00f3n alberga m\u00e1s de 110.000 personas migrantes, lo que representa el 6,7% del total de migrantes en el pa\u00eds. Por ello, el gerente de Asuntos P\u00fablicos Norte de Antofagasta Minerals, Felipe Alveal, resalt\u00f3 la importancia de la integraci\u00f3n y legitimidad social. \u201cEste proyecto es una muestra de c\u00f3mo el trabajo conjunto entre el sector privado, p\u00fablico y la sociedad civil genera un impacto real y positivo en las comunidades locales. Estamos orgullosos de contribuir a la creaci\u00f3n de un entorno diverso, inclusivo y respetuoso donde todas las personas, sin diferencia alguna, logren acceder a las mismas oportunidades&#8221;, concluy\u00f3.<\/p>\n\n\n\n<p>Esther Condori, beneficiaria del programa, dijo sentirse muy agradecida por el apoyo recibido, \u201cespecialmente por los talleres en los que participaron mis hijos. Esta es una muestra de c\u00f3mo las autoridades y la comunidad trabajan juntos para mejorar el barrio\u201d.<\/p>\n\n\n\n<p><strong>Recuperaci\u00f3n de espacios<\/strong><\/p>\n\n\n\n<p>La tercera versi\u00f3n del programa finaliz\u00f3 con un operativo de limpieza donde se sacaron 40 toneladas de desechos y con la pintura de un mural participativo por parte de vecinos y vecinas del Centro Comunitario ubicado en avenida Bonilla.<\/p>\n\n\n\n<p>En el operativo con maquinarias realizado el d\u00eda 29 de enero se retiraron 39.100 kilos de escombros, mientras que el 1 de febrero fueron 910 kilos de residuos no recuperables, adem\u00e1s de 7 kilos de pl\u00e1sticos PET y 34 kilos de vidrio para reciclaje.<\/p>\n\n\n\n<p>Francisco Gonz\u00e1lez, director de Medio Ambiente y Ornato de la Municipalidad de Antofagasta, valor\u00f3 este tipo de iniciativas, \u201cporque convocan a toda la comunidad. La integraci\u00f3n y el trabajo conjunto nos dan la tranquilidad que necesitamos como pa\u00eds. Tenemos el desaf\u00edo de hacer acciones ambientales y sociales efectivas para crear espacios de encuentro\u201d.<\/p>\n","protected":false},"excerpt":{"rendered":"<p>El proyecto \u2018Por un Chile m\u00e1s justo para todos y todas\u2019 impulsado por el Servicio Jesuita a Migrantes (SJM), el Gobierno Regional y Antofagasta Minerals, benefici\u00f3 a 2.904 familias con&hellip;<\/p>\n","protected":false},"author":1,"featured_media":18976,"comment_status":"closed","ping_status":"closed","sticky":false,"template":"","format":"standard","meta":{"_monsterinsights_skip_tracking":false,"_monsterinsights_sitenote_active":false,"_monsterinsights_sitenote_note":"","_monsterinsights_sitenote_category":0,"footnotes":""},"categories":[2,897],"tags":[2611,906,6757,1032,398,1108,3666],"class_list":["post-18975","post","type-post","status-publish","format-standard","has-post-thumbnail","hentry","category-antofagasta","category-medio-ambiente-y-sustentabilidad","tag-atencion","tag-inclusiva","tag-integral","tag-mil","tag-personas","tag-programa","tag-sociedad"],"_links":{"self":[{"href":"https:\/\/antofapop.cl\/index.php\/wp-json\/wp\/v2\/posts\/18975"}],"collection":[{"href":"https:\/\/antofapop.cl\/index.php\/wp-json\/wp\/v2\/posts"}],"about":[{"href":"https:\/\/antofapop.cl\/index.php\/wp-json\/wp\/v2\/types\/post"}],"author":[{"embeddable":true,"href":"https:\/\/antofapop.cl\/index.php\/wp-json\/wp\/v2\/users\/1"}],"replies":[{"embeddable":true,"href":"https:\/\/antofapop.cl\/index.php\/wp-json\/wp\/v2\/comments?post=18975"}],"version-history":[{"count":1,"href":"https:\/\/antofapop.cl\/index.php\/wp-json\/wp\/v2\/posts\/18975\/revisions"}],"predecessor-version":[{"id":18977,"href":"https:\/\/antofapop.cl\/index.php\/wp-json\/wp\/v2\/posts\/18975\/revisions\/18977"}],"wp:featuredmedia":[{"embeddable":true,"href":"https:\/\/antofapop.cl\/index.php\/wp-json\/wp\/v2\/media\/18976"}],"wp:attachment":[{"href":"https:\/\/antofapop.cl\/index.php\/wp-json\/wp\/v2\/media?parent=18975"}],"wp:term":[{"taxonomy":"category","embeddable":true,"href":"https:\/\/antofapop.cl\/index.php\/wp-json\/wp\/v2\/categories?post=18975"},{"taxonomy":"post_tag","embeddable":true,"href":"https:\/\/antofapop.cl\/index.php\/wp-json\/wp\/v2\/tags?post=18975"}],"curies":[{"name":"wp","href":"https:\/\/api.w.org\/{rel}","templated":true}]}}