{"id":18978,"date":"2025-02-10T02:07:46","date_gmt":"2025-02-09T23:07:46","guid":{"rendered":"https:\/\/antofapop.cl\/?p=18978"},"modified":"2025-02-10T02:07:47","modified_gmt":"2025-02-09T23:07:47","slug":"francis-jadue-inicia-2025-con-nuevo-single-a-mi-lado","status":"publish","type":"post","link":"https:\/\/antofapop.cl\/index.php\/2025\/02\/10\/francis-jadue-inicia-2025-con-nuevo-single-a-mi-lado\/","title":{"rendered":"Francis Jadue inicia 2025 con nuevo single, A mi lado"},"content":{"rendered":"<div class='booster-block booster-read-block'>\n                <div class=\"twp-read-time\">\n                \t<i class=\"booster-icon twp-clock\"><\/i> <span>Tiempo de Lectura:<\/span>2 Minutos, 43 Segundos                <\/div>\n\n            <\/div>\n<p><em><strong>A mi lado es el\u00a0segundo sencillo del \u00e1lbum\u00a0destino de Francis Jadue<\/strong>.<\/em><\/p>\n\n\n\n<p>El cantante y compositor nacional&nbsp;<strong><em>Francis Jadue<\/em><\/strong>, comienza el a\u00f1o con un nuevo single, parte de su \u00e1lbum&nbsp;&#8220;Destino&#8221; editado en septiembre de 2024. Se trata del sencillo titulado &#8220;A mi lado&#8221;. Se trata de una obra que supera a las anteriores, que ya son \u00e9xitos de difusi\u00f3n excelentes.<br>A mi lado, comienza con una introducci\u00f3n&nbsp;muy potente, cargada de energ\u00eda, donde destaca con fuerza la bater\u00eda&nbsp;y el teclado, luego de un tiempo se suma una gran guitarra el\u00e9ctrica, instrumento que&nbsp;<strong><em>Francis Jadue<\/em><\/strong>&nbsp;domina a la perfecci\u00f3n. El artista, explora en forma notable los sonidos electr\u00f3nicos, dominando el rock pop. La l\u00edrica es muy al estilo de&nbsp;<strong><em>Francis<\/em><\/strong>, es la t\u00f3nica de sus letras en sus temas que gustan de sus seguidores.<br>Sin lugar a dudas, los a\u00f1os de escenario del artista se reflejan en sus temas tanto en letras como en su m\u00fasica. Importante destacar que, Destino, es el cuarto \u00e1lbum de&nbsp;<strong><em>Francis Jadue<\/em><\/strong>, todo producido por el Maestro Rene Calderon,&nbsp;<\/p>\n\n\n\n<p>dupla que viene trabajando desde hace varios a\u00f1os, con excelentes resultados.<\/p>\n\n\n\n<p>&nbsp;El \u00e1lbum&nbsp;Destino, fue &nbsp;lanzado el 12 de septiembre &nbsp;de 2024; en la sala SCD Plaza Ega\u00f1a. A sala llena, con la participaci\u00f3n de excelentes m\u00fasicos&nbsp;nacionales &nbsp;e incluido el acompa\u00f1amiento del piano del maestro Rene Calderon.Sin lugar a dudas la carrera de&nbsp;<strong><em>Francis Jadue<\/em><\/strong>&nbsp;va en alza , seg\u00fan comentan los profesionales de las radios que programan sus&nbsp;temas. Este &nbsp;guitarrista, cantautor, compositor rockero muestra una constante evoluci\u00f3n en todos sus temas, y se puede apreciar en este su nuevo single: A mi lado.<\/p>\n\n\n\n<p>&#8220;En \u00e9ste tema&nbsp; me inspir\u00e9 en la manera que uno tiene para componer una canci\u00f3n, mezclando emociones con acordes y letras con pasi\u00f3n y algo de locura y al mismo tiempo jugando con las palabras ya que el nombre literalmente son acordes. &#8221; A mi lado&nbsp;&#8221; pero disfrazando un poco el nombre qued\u00f3 &#8220;A mi lado&#8221;<br>Como ya lo hemos mencionado la carrera de&nbsp;<strong><em>Francis Jadue<\/em><\/strong>, se ha &nbsp;cimentado en los&nbsp;<\/p>\n\n\n\n<p>&nbsp;escenario, cuenta de ello son las incontables presentaciones que lo han llevado &nbsp;junto a su guitarra &nbsp;por diferentes escenarios, de Chile y el extranjero.<\/p>\n\n\n\n<p>Una de sus grandes &nbsp;experiencias la obtuvo el a\u00f1o 2023, realizando open shows de artistas de la talla:&nbsp;<strong><em>Nito Mestre,<\/em>&nbsp;<em>Mocedades<\/em><\/strong><em>&nbsp;y&nbsp;<strong>Nydia Caro<\/strong>.<\/em>&nbsp;Grandes experiencias que le dan la oportunidad de mostrar su trabajo musical en escenarios como El casino de Vi\u00f1a del mar, por nombrar alguno.<\/p>\n\n\n\n<p>2025 se perfila como un a\u00f1o cargado de grandes planes, para este&nbsp;cantautor de larga trayectoria, con una gran presencia en medios, como la radio y la prensa escrita que siempre han apoyado cada una de sus obras musicales.Toda la m\u00fasica&nbsp;de&nbsp;<em><strong>Francis&nbsp;Jadue<\/strong><\/em>&nbsp;la pueden encontrar&nbsp;en las plataformas online y sus videos&nbsp;en youtube.&nbsp;<\/p>\n\n\n\n<figure class=\"wp-block-embed is-type-video is-provider-youtube wp-block-embed-youtube wp-embed-aspect-4-3 wp-has-aspect-ratio\"><div class=\"wp-block-embed__wrapper\">\n<iframe loading=\"lazy\" title=\"A Mi Lado\" width=\"500\" height=\"375\" src=\"https:\/\/www.youtube.com\/embed\/XmXEJoi96O0?feature=oembed\" frameborder=\"0\" allow=\"accelerometer; autoplay; clipboard-write; encrypted-media; gyroscope; picture-in-picture; web-share\" referrerpolicy=\"strict-origin-when-cross-origin\" allowfullscreen><\/iframe>\n<\/div><\/figure>\n\n\n\n<figure class=\"wp-block-embed is-type-rich is-provider-spotify wp-block-embed-spotify wp-embed-aspect-21-9 wp-has-aspect-ratio\"><div class=\"wp-block-embed__wrapper\">\n<iframe title=\"Spotify Embed: A Mi Lado\" style=\"border-radius: 12px\" width=\"100%\" height=\"152\" frameborder=\"0\" allowfullscreen allow=\"autoplay; clipboard-write; encrypted-media; fullscreen; picture-in-picture\" loading=\"lazy\" src=\"https:\/\/open.spotify.com\/embed\/track\/57LFdmcziCXuOFrf6VyfWy?si=vBALYgISS2-7rrAxg-36-w&#038;nd=1&#038;dlsi=16b3f4bda8db44bb&#038;utm_source=oembed\"><\/iframe>\n<\/div><\/figure>\n\n\n\n<h1 class=\"wp-block-heading\"><a href=\"https:\/\/www.instagram.com\/francisjadue\">https:\/\/www.instagram.com\/francisjadue<\/a><\/h1>\n","protected":false},"excerpt":{"rendered":"<p>A mi lado es el\u00a0segundo sencillo del \u00e1lbum\u00a0destino de Francis Jadue. El cantante y compositor nacional&nbsp;Francis Jadue, comienza el a\u00f1o con un nuevo single, parte de su \u00e1lbum&nbsp;&#8220;Destino&#8221; editado en&hellip;<\/p>\n","protected":false},"author":1,"featured_media":18979,"comment_status":"closed","ping_status":"closed","sticky":false,"template":"","format":"standard","meta":{"_monsterinsights_skip_tracking":false,"_monsterinsights_sitenote_active":false,"_monsterinsights_sitenote_note":"","_monsterinsights_sitenote_category":0,"footnotes":""},"categories":[3],"tags":[4290,4291,4882,252,16],"class_list":["post-18978","post","type-post","status-publish","format-standard","has-post-thumbnail","hentry","category-musica-chilena","tag-francis","tag-jadue","tag-lado","tag-nuevo","tag-single"],"_links":{"self":[{"href":"https:\/\/antofapop.cl\/index.php\/wp-json\/wp\/v2\/posts\/18978"}],"collection":[{"href":"https:\/\/antofapop.cl\/index.php\/wp-json\/wp\/v2\/posts"}],"about":[{"href":"https:\/\/antofapop.cl\/index.php\/wp-json\/wp\/v2\/types\/post"}],"author":[{"embeddable":true,"href":"https:\/\/antofapop.cl\/index.php\/wp-json\/wp\/v2\/users\/1"}],"replies":[{"embeddable":true,"href":"https:\/\/antofapop.cl\/index.php\/wp-json\/wp\/v2\/comments?post=18978"}],"version-history":[{"count":1,"href":"https:\/\/antofapop.cl\/index.php\/wp-json\/wp\/v2\/posts\/18978\/revisions"}],"predecessor-version":[{"id":18980,"href":"https:\/\/antofapop.cl\/index.php\/wp-json\/wp\/v2\/posts\/18978\/revisions\/18980"}],"wp:featuredmedia":[{"embeddable":true,"href":"https:\/\/antofapop.cl\/index.php\/wp-json\/wp\/v2\/media\/18979"}],"wp:attachment":[{"href":"https:\/\/antofapop.cl\/index.php\/wp-json\/wp\/v2\/media?parent=18978"}],"wp:term":[{"taxonomy":"category","embeddable":true,"href":"https:\/\/antofapop.cl\/index.php\/wp-json\/wp\/v2\/categories?post=18978"},{"taxonomy":"post_tag","embeddable":true,"href":"https:\/\/antofapop.cl\/index.php\/wp-json\/wp\/v2\/tags?post=18978"}],"curies":[{"name":"wp","href":"https:\/\/api.w.org\/{rel}","templated":true}]}}