{"id":19015,"date":"2025-02-19T16:12:15","date_gmt":"2025-02-19T13:12:15","guid":{"rendered":"https:\/\/antofapop.cl\/?p=19015"},"modified":"2025-02-19T16:12:15","modified_gmt":"2025-02-19T13:12:15","slug":"un-viaje-a-la-historia-tour-patrimonial-nocturno-en-el-cementerio-general","status":"publish","type":"post","link":"https:\/\/antofapop.cl\/index.php\/2025\/02\/19\/un-viaje-a-la-historia-tour-patrimonial-nocturno-en-el-cementerio-general\/","title":{"rendered":"Un Viaje a la Historia: Tour Patrimonial Nocturno en el Cementerio General"},"content":{"rendered":"<div class='booster-block booster-read-block'>\n                <div class=\"twp-read-time\">\n                \t<i class=\"booster-icon twp-clock\"><\/i> <span>Tiempo de Lectura:<\/span>1 Minutos, 58 Segundos                <\/div>\n\n            <\/div>\n<p><em><strong>En el marco del 146\u00b0 aniversario de Antofagasta, el \u201cCentro de Divulgaci\u00f3n Para-Patrimonial y Turismo Misterios del Norte\u201d llev\u00f3 a cabo una actividad cultural \u00fanica que permiti\u00f3 a los asistentes sumergirse en la historia de la ciudad a trav\u00e9s de un recorrido nocturno por el Cementerio General.<\/strong><\/em><\/p>\n\n\n\n<p>La iniciativa, titulada <strong>&#8220;Tour Hist\u00f3rico Patrimonial en el Cementerio General de Antofagasta&#8221;<\/strong>, se realiz\u00f3 el pasado <strong>s\u00e1bado 15 de febrero<\/strong>, atrayendo a personas de todas las edades interesadas en conocer m\u00e1s sobre los personajes que forjaron la identidad de la ciudad.<\/p>\n\n\n\n<p>Guiados por <strong>El Monje Custodio y el Se\u00f1or Misterio<\/strong>, los participantes revivieron la historia de figuras emblem\u00e1ticas como el <strong>Dr. Antonio Rendic<\/strong>, recordado como el \u201cmedico de los pobres\u201d, el escritor y poeta <strong>Andr\u00e9s Sabella<\/strong>, pilar de la literatura antofagastina; y otros personajes que, a trav\u00e9s de actores y relatos, &#8220;volvieron a la vida&#8221; para contar su impacto en la comunidad.<\/p>\n\n\n\n<p>Si bien la actividad fue gratuita y abierta a la comunidad, los asistentes realizaron un <strong>aporte solidario en alimentos para los perros guardianes del campo santo<\/strong>, destacando la importancia de preservar tanto el patrimonio material como el inmaterial de Antofagasta.<\/p>\n\n\n\n<p>Para quienes deseen participar en futuras actividades, pueden seguir las redes sociales del centro en <strong>Facebook: \u201cMisteriosdelNorte Afta\u201d<\/strong> y mantenerse al tanto de pr\u00f3ximas experiencias que conectan el pasado con el presente.<\/p>\n\n\n\n<p>Michael Tabilo, presidente de la agrupaci\u00f3n, manifest\u00f3 que \u201c<em>&#8220;No pod\u00edamos estar ajenos a la celebraci\u00f3n del aniversario de Antofagasta, y quisimos destacar el importante rol que cumple el cementerio en la historia de nuestra ciudad. Dentro de sus paredes no solo se resguardan tumbas y flores secas, sino tambi\u00e9n una riqueza cultural muchas veces desconocida por la ciudadan\u00eda. Existen tumbas emblem\u00e1ticas, historias y relatos que representan un legado invaluable, y es precisamente nuestro principal objetivo como agrupaci\u00f3n: rescatar este valioso patrimonio inmaterial&#8221;<\/em>, expres\u00f3.<\/p>\n\n\n\n<p>Tabilo resalt\u00f3 que la iniciativa busca acercar a la comunidad a su propia historia, promoviendo el conocimiento y el respeto por aquellos personajes que construyeron los cimientos de Antofagasta. La actividad no solo permiti\u00f3 aprender sobre figuras ic\u00f3nicas de la ciudad, sino que tambi\u00e9n fortaleci\u00f3 la conciencia sobre la importancia de preservar estos espacios como parte del acervo cultural local.<\/p>\n\n\n\n<p>Con iniciativas como esta, <em>Misterios del Norte<\/em> contin\u00faa comprometido con la divulgaci\u00f3n del patrimonio para que las generaciones presentes y futuras valoren la riqueza hist\u00f3rica de Antofagasta.<\/p>\n","protected":false},"excerpt":{"rendered":"<p>En el marco del 146\u00b0 aniversario de Antofagasta, el \u201cCentro de Divulgaci\u00f3n Para-Patrimonial y Turismo Misterios del Norte\u201d llev\u00f3 a cabo una actividad cultural \u00fanica que permiti\u00f3 a los asistentes&hellip;<\/p>\n","protected":false},"author":1,"featured_media":19016,"comment_status":"closed","ping_status":"closed","sticky":false,"template":"","format":"standard","meta":{"_monsterinsights_skip_tracking":false,"_monsterinsights_sitenote_active":false,"_monsterinsights_sitenote_note":"","_monsterinsights_sitenote_category":0,"footnotes":""},"categories":[2,188],"tags":[2834,1939,479,4938,1066,1707,796],"class_list":["post-19015","post","type-post","status-publish","format-standard","has-post-thumbnail","hentry","category-antofagasta","category-patrimonio","tag-cementerio","tag-general","tag-historia","tag-nocturno","tag-patrimonial","tag-tour","tag-viaje"],"_links":{"self":[{"href":"https:\/\/antofapop.cl\/index.php\/wp-json\/wp\/v2\/posts\/19015"}],"collection":[{"href":"https:\/\/antofapop.cl\/index.php\/wp-json\/wp\/v2\/posts"}],"about":[{"href":"https:\/\/antofapop.cl\/index.php\/wp-json\/wp\/v2\/types\/post"}],"author":[{"embeddable":true,"href":"https:\/\/antofapop.cl\/index.php\/wp-json\/wp\/v2\/users\/1"}],"replies":[{"embeddable":true,"href":"https:\/\/antofapop.cl\/index.php\/wp-json\/wp\/v2\/comments?post=19015"}],"version-history":[{"count":1,"href":"https:\/\/antofapop.cl\/index.php\/wp-json\/wp\/v2\/posts\/19015\/revisions"}],"predecessor-version":[{"id":19017,"href":"https:\/\/antofapop.cl\/index.php\/wp-json\/wp\/v2\/posts\/19015\/revisions\/19017"}],"wp:featuredmedia":[{"embeddable":true,"href":"https:\/\/antofapop.cl\/index.php\/wp-json\/wp\/v2\/media\/19016"}],"wp:attachment":[{"href":"https:\/\/antofapop.cl\/index.php\/wp-json\/wp\/v2\/media?parent=19015"}],"wp:term":[{"taxonomy":"category","embeddable":true,"href":"https:\/\/antofapop.cl\/index.php\/wp-json\/wp\/v2\/categories?post=19015"},{"taxonomy":"post_tag","embeddable":true,"href":"https:\/\/antofapop.cl\/index.php\/wp-json\/wp\/v2\/tags?post=19015"}],"curies":[{"name":"wp","href":"https:\/\/api.w.org\/{rel}","templated":true}]}}