{"id":19060,"date":"2025-02-28T15:54:35","date_gmt":"2025-02-28T12:54:35","guid":{"rendered":"https:\/\/antofapop.cl\/?p=19060"},"modified":"2025-02-28T15:54:36","modified_gmt":"2025-02-28T12:54:36","slug":"recomendaciones-para-el-primer-dia-del-jardin","status":"publish","type":"post","link":"https:\/\/antofapop.cl\/index.php\/2025\/02\/28\/recomendaciones-para-el-primer-dia-del-jardin\/","title":{"rendered":"Recomendaciones para el primer d\u00eda del Jard\u00edn"},"content":{"rendered":"<div class='booster-block booster-read-block'>\n                <div class=\"twp-read-time\">\n                \t<i class=\"booster-icon twp-clock\"><\/i> <span>Tiempo de Lectura:<\/span>2 Minutos, 15 Segundos                <\/div>\n\n            <\/div>\n<p><strong><em>Por Alejandro Rodr\u00edguez Salinas, director regional de La Junta Nacional de Jardines Infantiles (JUNJI).<\/em><\/strong><\/p>\n\n\n\n<p>El comienzo de un nuevo a\u00f1o en el mundo parvulario es un momento cargado de emociones y expectativas. Para muchos ni\u00f1os y ni\u00f1as, esta representa su primera experiencia en la Educaci\u00f3n Inicial, y en JUNJI reconocemos que la familiarizaci\u00f3n es esencial para asegurar una transici\u00f3n fluida. Esta fase inicial puede generar nerviosismo tanto en los ni\u00f1os como en sus familias, por lo que es crucial abordar este proceso con empat\u00eda y apoyo.<\/p>\n\n\n\n<p>Comprendemos que cada ni\u00f1a y ni\u00f1o tiene su propio ritmo de adaptaci\u00f3n, por lo que la paciencia y el respaldo familiar son fundamentales. Antes del primer d\u00eda, es aconsejable establecer rutinas de sue\u00f1o y alimentaci\u00f3n que faciliten esta transici\u00f3n. Ajustar de manera gradual los horarios de dormir y despertar sin duda les ayudar\u00e1 a adaptarse m\u00e1s f\u00e1cilmente a la nueva estructura del d\u00eda. Asimismo, hablar con ellos sobre esta nueva etapa utilizando un lenguaje cercano y positivo les proporcionar\u00e1 confianza y seguridad.<\/p>\n\n\n\n<p>Visitar el jard\u00edn infantil con antelaci\u00f3n es una estrategia muy eficaz. Pasear por los alrededores y examinar la infraestructura de la instituci\u00f3n ayudar\u00e1 a los ni\u00f1os a familiarizarse con el ambiente y disminuir su inquietud. Asimismo, hacer part\u00edcipes a los p\u00e1rvulos en la preparaci\u00f3n de su mochila crea emoci\u00f3n y les proporciona serenidad. Aunque nuestra instituci\u00f3n no requiere \u00fatiles escolares ni uniforme, es aconsejable llevar una muda de ropa, su cepillo de dientes y un objeto de apego que les brinde tranquilidad.<\/p>\n\n\n\n<p>El trabajo colaborativo con el equipo educativo es esencial en este proceso. Es crucial que las familias compartan informaci\u00f3n importante acerca de los ni\u00f1os, como sus juegos favoritos, preferencias y h\u00e1bitos, para que los equipos pedag\u00f3gicos puedan ofrecer un acompa\u00f1amiento adecuado. Asimismo, si la madre est\u00e1 lactando, puede extraer su leche y entregarla al jard\u00edn infantil para que sea conservada en refrigeraci\u00f3n y administrada en el momento apropiado. Tambi\u00e9n puede utilizar las salas de lactancia disponibles en los establecimientos.<\/p>\n\n\n\n<p>Por otro lado, la asistencia regular al jard\u00edn infantil es vital para que los ni\u00f1os pasen por un proceso de adaptaci\u00f3n exitoso. La Educaci\u00f3n Parvularia es un derecho que debe ser protegido, y una asistencia constante fortalecer\u00e1 su confianza, sus lazos afectivos y su desarrollo integral. La interacci\u00f3n con sus compa\u00f1eros potenciar\u00e1 su desarrollo socioemocional y el aprendizaje a trav\u00e9s del juego.<\/p>\n\n\n\n<p>Entendemos que este primer d\u00eda puede traer consigo cierta incertidumbre, sin embargo, en JUNJI estamos dedicados al bienestar de cada ni\u00f1a y ni\u00f1o. Nuestro personal educativo est\u00e1 listo para darles la bienvenida con afecto, profesionalismo y vocaci\u00f3n. Acompa\u00f1\u00e9moslos con amor y respeto en esta maravillosa etapa de su aprendizaje, ya que su educaci\u00f3n y felicidad son nuestra principal prioridad.<\/p>\n","protected":false},"excerpt":{"rendered":"<p>Por Alejandro Rodr\u00edguez Salinas, director regional de La Junta Nacional de Jardines Infantiles (JUNJI). El comienzo de un nuevo a\u00f1o en el mundo parvulario es un momento cargado de emociones&hellip;<\/p>\n","protected":false},"author":1,"featured_media":19061,"comment_status":"closed","ping_status":"closed","sticky":false,"template":"","format":"standard","meta":{"_monsterinsights_skip_tracking":false,"_monsterinsights_sitenote_active":false,"_monsterinsights_sitenote_note":"","_monsterinsights_sitenote_category":0,"footnotes":""},"categories":[5474,2405],"tags":[489,5376,3800,522,4323],"class_list":["post-19060","post","type-post","status-publish","format-standard","has-post-thumbnail","hentry","category-educacion","category-region","tag-dia","tag-jardin","tag-junji","tag-primer","tag-recomendaciones"],"_links":{"self":[{"href":"https:\/\/antofapop.cl\/index.php\/wp-json\/wp\/v2\/posts\/19060"}],"collection":[{"href":"https:\/\/antofapop.cl\/index.php\/wp-json\/wp\/v2\/posts"}],"about":[{"href":"https:\/\/antofapop.cl\/index.php\/wp-json\/wp\/v2\/types\/post"}],"author":[{"embeddable":true,"href":"https:\/\/antofapop.cl\/index.php\/wp-json\/wp\/v2\/users\/1"}],"replies":[{"embeddable":true,"href":"https:\/\/antofapop.cl\/index.php\/wp-json\/wp\/v2\/comments?post=19060"}],"version-history":[{"count":1,"href":"https:\/\/antofapop.cl\/index.php\/wp-json\/wp\/v2\/posts\/19060\/revisions"}],"predecessor-version":[{"id":19062,"href":"https:\/\/antofapop.cl\/index.php\/wp-json\/wp\/v2\/posts\/19060\/revisions\/19062"}],"wp:featuredmedia":[{"embeddable":true,"href":"https:\/\/antofapop.cl\/index.php\/wp-json\/wp\/v2\/media\/19061"}],"wp:attachment":[{"href":"https:\/\/antofapop.cl\/index.php\/wp-json\/wp\/v2\/media?parent=19060"}],"wp:term":[{"taxonomy":"category","embeddable":true,"href":"https:\/\/antofapop.cl\/index.php\/wp-json\/wp\/v2\/categories?post=19060"},{"taxonomy":"post_tag","embeddable":true,"href":"https:\/\/antofapop.cl\/index.php\/wp-json\/wp\/v2\/tags?post=19060"}],"curies":[{"name":"wp","href":"https:\/\/api.w.org\/{rel}","templated":true}]}}