{"id":19220,"date":"2025-04-06T19:04:32","date_gmt":"2025-04-06T16:04:32","guid":{"rendered":"https:\/\/antofapop.cl\/?p=19220"},"modified":"2025-04-06T19:04:33","modified_gmt":"2025-04-06T16:04:33","slug":"zapla-sorprende-con-y-ya-se-un-viaje-sonoro-y-visual-al-amor-y-la-complicidad","status":"publish","type":"post","link":"https:\/\/antofapop.cl\/index.php\/2025\/04\/06\/zapla-sorprende-con-y-ya-se-un-viaje-sonoro-y-visual-al-amor-y-la-complicidad\/","title":{"rendered":"Zapla sorprende con &#8220;Y Ya\u00a0S\u00e9&#8221; : Un viaje sonoro y visual al amor y la complicidad"},"content":{"rendered":"<div class='booster-block booster-read-block'>\n                <div class=\"twp-read-time\">\n                \t<i class=\"booster-icon twp-clock\"><\/i> <span>Tiempo de Lectura:<\/span>3 Minutos, 54 Segundos                <\/div>\n\n            <\/div>\n<p><em><strong>El artista chileno presenta el segundo adelanto de lo que ser\u00e1 su primer LP,\u00a0una pieza de indie pop con matices de folk\u00a0 electr\u00f3nico que explora la complicidad en el amor.<\/strong><\/em><\/p>\n\n\n\n<p>El Cantautor chileno&nbsp;<a href=\"https:\/\/redponchoproducciones.us19.list-manage.com\/track\/click?u=aa0d32b818369295249137137&amp;id=591f3143ec&amp;e=8efce6811c\" target=\"_blank\" rel=\"noreferrer noopener\">Zapla<\/a>&nbsp;sorprende nuevamente con el lanzamiento de su nuevo sencillo&nbsp;<a href=\"https:\/\/redponchoproducciones.us19.list-manage.com\/track\/click?u=aa0d32b818369295249137137&amp;id=2246fb0da3&amp;e=8efce6811c\" target=\"_blank\" rel=\"noreferrer noopener\">&#8220;Y Ya S\u00e9&#8221;<\/a>, el segundo adelanto de su&nbsp;<strong>pr\u00f3ximo \u00e1lbum<\/strong>.&nbsp;<br>Acompa\u00f1ado de un videoclip que refleja la esencia c\u00e1lida y l\u00fadica de la canci\u00f3n, el tema fusiona sonidos del folk-pop con elementos del indie electr\u00f3nico,&nbsp;<strong>consolidando el estilo caracter\u00edstico del artista.<\/strong><\/p>\n\n\n\n<p><strong>&#8220;Y Ya S\u00e9&#8221;<\/strong>&nbsp;es una canci\u00f3n que celebra la intimidad y la complicidad de una pareja establecida. A trav\u00e9s de una narrativa sutil y&nbsp;de sentidos, Zapla logra transmitir la sensaci\u00f3n de un amor profundo y maduro, donde el deseo y el entendimiento se entrelazan en una conexi\u00f3n sensorial. La producci\u00f3n sonora, a cargo de&nbsp;<strong>Coc\u00f3&nbsp;Ferrada&nbsp;<\/strong>(Benjam\u00edn Walker, Dani Ride) Mezcla&nbsp;<strong>Nahuel Bronzini<\/strong>&nbsp;( ganador de dos Grammys), y M\u00e1ster&nbsp;<strong>Ignacio Ram\u00edrez<\/strong>&nbsp;( de la banda Mec\u00e1nico y cofundador de Black Vitamina), refuerza esta atm\u00f3sfera con una mezcla envolvente y armoniosa.<\/p>\n\n\n\n<p>El videoclip, dirigido por&nbsp;<strong>Nicol\u00e1s Canales<\/strong>&nbsp;y un equipo creativo de primer nivel, complementa la propuesta musical con una representaci\u00f3n visual que resalta la esencia de un amor real y sano. A trav\u00e9s de&nbsp;<strong>im\u00e1genes c\u00e1lidas&nbsp;y evocadoras<\/strong>, se muestra el deseo, la admiraci\u00f3n y el encanto por la persona amada. La narrativa visual invita a conectar con mayor fuerza y pasi\u00f3n con la pareja, resaltando la importancia del amor f\u00edsico y la conexi\u00f3n sensorial desde la historia compartida. Este enfoque permite que el espectador se identifique con la sensaci\u00f3n de plenitud que entrega la canci\u00f3n.&nbsp;&nbsp;<\/p>\n\n\n\n<p>Sobre el sencillo<strong>,&nbsp;<a href=\"https:\/\/redponchoproducciones.us19.list-manage.com\/track\/click?u=aa0d32b818369295249137137&amp;id=6f732fa0d9&amp;e=8efce6811c\" target=\"_blank\" rel=\"noreferrer noopener\">Zapla<\/a><\/strong>&nbsp;comenta:&nbsp;<em>&#8220;Por un lado,<strong>&#8220;Y Ya S\u00e9&#8221;<\/strong>, es una canci\u00f3n que r\u00edtmica e instrumentalmente invita a compartir, a moverse y a disfrutar. Creo que el sonido sit\u00faa al oyente en atardeceres, juntas con amigos, bailando, viajando y disfrutando junto al mar&#8221;<\/em>. Con esta canci\u00f3n, el artista busca validar emociones y fortalecer la&nbsp;<strong>conexi\u00f3n entre las personas.<\/strong>&nbsp;Para \u00e9l, la m\u00fasica es un puente que permite expresar sentimientos y compartir experiencias.&nbsp;<strong>Este sencillo se perfila como una invitaci\u00f3n a conectarse con el amor desde una perspectiva genuina y profunda.<\/strong><\/p>\n\n\n\n<p><strong>Zapla<\/strong>&nbsp;ha llevado su m\u00fasica a distintos escenarios, incluyendo&nbsp;<strong>Club Subterr\u00e1neo, Club Amanda y Bar El Clan<\/strong>, en Santiago, adem\u00e1s de realizar una gira por el sur de Chile, con presentaciones en&nbsp;<strong>Osorno, Valdivia y Futrono<\/strong>. Para septiembre de 2025, se esta gestionando una gira por Argentina, con futuras fechas a anunciarse en otras regiones de Chile.<\/p>\n\n\n\n<p>Disponible en todas las plataformas digitales,&nbsp;<strong>&#8220;Y Ya S\u00e9&#8221;<\/strong>&nbsp;promete convertirse en un himno para quienes encuentran en la m\u00fasica una manera de contar su propia historia. Con este lanzamiento, Zapla reafirma su talento y sensibilidad art\u00edstica, anticipando un \u00e1lbum que&nbsp;<strong>promete emocionar y resonar con su p\u00fablico.<\/strong><\/p>\n\n\n\n<figure class=\"wp-block-embed is-type-video is-provider-youtube wp-block-embed-youtube wp-embed-aspect-4-3 wp-has-aspect-ratio\"><div class=\"wp-block-embed__wrapper\">\n<iframe loading=\"lazy\" title=\"ZAPLA - Y Ya S\u00e9 (Official Music Video)\" width=\"500\" height=\"375\" src=\"https:\/\/www.youtube.com\/embed\/6n7A7kz0fsg?feature=oembed\" frameborder=\"0\" allow=\"accelerometer; autoplay; clipboard-write; encrypted-media; gyroscope; picture-in-picture; web-share\" referrerpolicy=\"strict-origin-when-cross-origin\" allowfullscreen><\/iframe>\n<\/div><figcaption class=\"wp-element-caption\">Direcci\u00f3n: Nicol\u00e1s Canales (Canino Films)<br>Producci\u00f3n: Zapla y Nicol\u00e1s Canales<br>Direcci\u00f3n de Fotograf\u00eda: Vicente Bustos\u00a0(About color)<br>Direcci\u00f3n de Arte: Paola Meza (Bodega Estudio)<\/figcaption><\/figure>\n\n\n\n<p><strong>Sobre Zapla:<\/strong><br><br>Diego Plaza, conocido art\u00edsticamente como Zapla, es un m\u00fasico, cantautor y productor chileno que ha formado parte de diversos proyectos musicales, nutri\u00e9ndose de influencias que van desde el rock alternativo, indie y hip-hop, hasta el folk, bossa nova, reggae y electr\u00f3nica.<\/p>\n\n\n\n<p>En 2023, Zapla grab\u00f3 su primer proyecto en San Francisco, California, encontrando su sonido propio al fusionar influencias anglo con sus ra\u00edces latinas en una propuesta de indie pop folk \u00fanica y novedosa. Su m\u00fasica, caracterizada por su honestidad y calidez, le ha permitido compartir su vida y experiencias a trav\u00e9s del arte.<\/p>\n\n\n\n<p>Hasta la fecha, cuenta con un EP de seis canciones, cada una con su respectivo videoclip, y una Live Session donde reinterpreta su repertorio con banda completa. En 2025, lanzar\u00e1 su primer \u00e1lbum de larga duraci\u00f3n, compuesto por nueve canciones, de las cuales &#8220;Y Ya S\u00e9&#8221; y &#8220;Coraz\u00f3n Azul&#8221; son los primeros adelantos.<\/p>\n\n\n\n<p>Su trabajo audiovisual ha recibido diversos reconocimientos y nominaciones, destacando el premio a Mejor Coreograf\u00eda en el SAM de City Lab 2024 y la Votaci\u00f3n del P\u00fablico en el Vitafest 2024 con &#8220;Crecer En Estribillo&#8221;. Adem\u00e1s, ha sido nominado a Mejor Canci\u00f3n y Menci\u00f3n Especial en el SAM de City Lab 2024 con &#8220;Falling&#8221;, y sus videoclips &#8220;Crecer En Estribillo&#8221; y &#8220;Falling&#8221; han sido seleccionados en el Festival Internacional de Cine Cinelebu.<\/p>\n\n\n\n<figure class=\"wp-block-embed is-type-rich is-provider-spotify wp-block-embed-spotify wp-embed-aspect-21-9 wp-has-aspect-ratio\"><div class=\"wp-block-embed__wrapper\">\n<iframe title=\"Spotify Embed: Y Ya S\u00e9\" style=\"border-radius: 12px\" width=\"100%\" height=\"152\" frameborder=\"0\" allowfullscreen allow=\"autoplay; clipboard-write; encrypted-media; fullscreen; picture-in-picture\" loading=\"lazy\" src=\"https:\/\/open.spotify.com\/embed\/track\/0VBGwto5OPo9s9hy4fX8vD?si=c2b4a85a358e410a&#038;nd=1&#038;dlsi=b3da5aa5a2184076&#038;utm_source=oembed\"><\/iframe>\n<\/div><figcaption class=\"wp-element-caption\">Productor: Coc\u00f3 Ferrada<br>Mix: Nahuel Bronzini<br>M\u00e1ster: Ignacio Ram\u00edrez<br>Co-productor: Cigarbox Man<\/figcaption><\/figure>\n","protected":false},"excerpt":{"rendered":"<p>El artista chileno presenta el segundo adelanto de lo que ser\u00e1 su primer LP,\u00a0una pieza de indie pop con matices de folk\u00a0 electr\u00f3nico que explora la complicidad en el amor.&hellip;<\/p>\n","protected":false},"author":1,"featured_media":19221,"comment_status":"closed","ping_status":"closed","sticky":false,"template":"","format":"standard","meta":{"_monsterinsights_skip_tracking":false,"_monsterinsights_sitenote_active":false,"_monsterinsights_sitenote_note":"","_monsterinsights_sitenote_category":0,"footnotes":""},"categories":[3],"tags":[89,9110,4559,796,838,8816],"class_list":["post-19220","post","type-post","status-publish","format-standard","has-post-thumbnail","hentry","category-musica-chilena","tag-amor","tag-complicidad","tag-sonoro","tag-viaje","tag-visual","tag-zapla"],"_links":{"self":[{"href":"https:\/\/antofapop.cl\/index.php\/wp-json\/wp\/v2\/posts\/19220"}],"collection":[{"href":"https:\/\/antofapop.cl\/index.php\/wp-json\/wp\/v2\/posts"}],"about":[{"href":"https:\/\/antofapop.cl\/index.php\/wp-json\/wp\/v2\/types\/post"}],"author":[{"embeddable":true,"href":"https:\/\/antofapop.cl\/index.php\/wp-json\/wp\/v2\/users\/1"}],"replies":[{"embeddable":true,"href":"https:\/\/antofapop.cl\/index.php\/wp-json\/wp\/v2\/comments?post=19220"}],"version-history":[{"count":1,"href":"https:\/\/antofapop.cl\/index.php\/wp-json\/wp\/v2\/posts\/19220\/revisions"}],"predecessor-version":[{"id":19222,"href":"https:\/\/antofapop.cl\/index.php\/wp-json\/wp\/v2\/posts\/19220\/revisions\/19222"}],"wp:featuredmedia":[{"embeddable":true,"href":"https:\/\/antofapop.cl\/index.php\/wp-json\/wp\/v2\/media\/19221"}],"wp:attachment":[{"href":"https:\/\/antofapop.cl\/index.php\/wp-json\/wp\/v2\/media?parent=19220"}],"wp:term":[{"taxonomy":"category","embeddable":true,"href":"https:\/\/antofapop.cl\/index.php\/wp-json\/wp\/v2\/categories?post=19220"},{"taxonomy":"post_tag","embeddable":true,"href":"https:\/\/antofapop.cl\/index.php\/wp-json\/wp\/v2\/tags?post=19220"}],"curies":[{"name":"wp","href":"https:\/\/api.w.org\/{rel}","templated":true}]}}