{"id":19257,"date":"2025-04-08T23:13:32","date_gmt":"2025-04-08T20:13:32","guid":{"rendered":"https:\/\/antofapop.cl\/?p=19257"},"modified":"2025-04-08T23:13:32","modified_gmt":"2025-04-08T20:13:32","slug":"deporte-y-mineria-la-destacada-trayectoria-del-electromecanico-de-chuquicamata-eduardo-aguirre-campeon-master-de-tenis-de-mesa","status":"publish","type":"post","link":"https:\/\/antofapop.cl\/index.php\/2025\/04\/08\/deporte-y-mineria-la-destacada-trayectoria-del-electromecanico-de-chuquicamata-eduardo-aguirre-campeon-master-de-tenis-de-mesa\/","title":{"rendered":"Deporte y miner\u00eda: La destacada trayectoria del electromec\u00e1nico de Chuquicamata Eduardo Aguirre, campe\u00f3n m\u00e1ster de tenis de mesa"},"content":{"rendered":"<div class='booster-block booster-read-block'>\n                <div class=\"twp-read-time\">\n                \t<i class=\"booster-icon twp-clock\"><\/i> <span>Tiempo de Lectura:<\/span>3 Minutos, 43 Segundos                <\/div>\n\n            <\/div>\n<p><em><strong>Desde Santiago hasta Chuquicamata, Eduardo Aguirre encontr\u00f3 en la miner\u00eda y el tenis de mesa el equilibrio perfecto para alcanzar grandes logros profesionales y deportivos.<\/strong><\/em><\/p>\n\n\n\n<p>Eduardo Ren\u00e9 Aguirre Becker no s\u00f3lo mantiene en marcha a los camiones de extracci\u00f3n de Chuquicamata, tambi\u00e9n eleva la bandera de Chile en las m\u00e1s prestigiosas competiciones internacionales de tenis de mesa. Su vida es un testimonio del poder de la disciplina y el amor por dos mundos que, aunque distintos, comparten su b\u00fasqueda por la excelencia.<\/p>\n\n\n\n<p>Nacido en Santiago hace 63 a\u00f1os, Eduardo o Lalo, como lo llaman sus compa\u00f1eros y compa\u00f1eras de trabajo, comenz\u00f3 a los ocho a\u00f1os a jugar tenis de mesa bajo la gu\u00eda de entrenadores chinos. Sus habilidades lo llevaron a ser parte de la \u00e9lite deportiva nacional y traspasar fronteras, representando a Chile en diversas competiciones internacionales y logrando t\u00edtulos infantiles, juveniles y de todo competidor adulto.<\/p>\n\n\n\n<p>En 1987, decidi\u00f3 cambiar el exigente ritmo de la selecci\u00f3n nacional de tenis de mesa y se traslad\u00f3 hasta Chuquicamata, invitado a ser el entrenador de la liga infantil de este deporte en el campamento minero. Un a\u00f1o despu\u00e9s, decidi\u00f3 quedarse y comenz\u00f3 a trabajar en la Divisi\u00f3n. \u201cChuquicamata era encantador, siempre lo he considerado como un para\u00edso.&nbsp; Me gust\u00f3 su gente, me gust\u00f3 todo, por eso nunca m\u00e1s volv\u00ed a Santiago\u201d, afirm\u00f3.&nbsp;<\/p>\n\n\n\n<p>Se desempe\u00f1\u00f3 en la Refiner\u00eda y luego en \u00d3xidos, y hace 14 a\u00f1os que es parte del equipo de electromec\u00e1nicos de Mantenci\u00f3n Mina Rajo. En total, suma 36 a\u00f1os trabajando en Chuquicamata y para \u00e9l es \u201ctodo, es mi vida.&nbsp; Estoy casado, tengo mi hija, gracias a Dios le pude dar estudios, tengo mi casa, ha sido espectacular. Soy un agradecido de esta tierra\u201d.&nbsp;<\/p>\n\n\n\n<p>Junto a Patricia, lleva 35 a\u00f1os de matrimonio y son padres de Nicol, quien actualmente vive en Antofagasta. Adem\u00e1s, es abuelo de Alonso, Matilda y de un beb\u00e9 que viene en camino. Su nieto mayor ya comenz\u00f3 a seguir los pasos de su abuelo y est\u00e1 entrenando en la \u201cPerla del Norte\u201d.<\/p>\n\n\n\n<p>El a\u00f1o 2010, decidi\u00f3 retomar el tenis de mesa y comenzar a conjugar el trabajo y el entrenamiento altamente competitivo. Hoy, Eduardo es campe\u00f3n chileno, sudamericano y panamericano en categor\u00eda m\u00e1ster individual 60-64 a\u00f1os, adem\u00e1s obtuvo el tercer lugar en dobles mixtos, junto a la rancag\u00fcina Jaqueline D\u00edaz, en el Mundial de Tenis de Mesa Roma 2024.<\/p>\n\n\n\n<p>\u201cTodo se puede, igual estuve un tiempo dedicado m\u00e1s al trabajo que al deporte, pero me di cuenta que el deporte me ha dado muchas satisfacciones, no para ser una gran estrella, sino que para llevar bien el d\u00eda a d\u00eda y estar bien conmigo mismo. El esfuerzo que hago igual es grande, despu\u00e9s de 12 horas trabajando llego, me cambio de ropa y entreno una hora y media a dos para mantenerme\u201d, manifest\u00f3.<\/p>\n\n\n\n<p>Eduardo agradece el apoyo que ha recibido de Codelco, su jefatura y sus compa\u00f1eros de turno cuando ha debido viajar para competir. Por su parte, sus colegas se declaran orgullosos de poder apoyarlo en el trabajo y como amigos, dando ejemplo del fundamental valor corporativo de la Colaboraci\u00f3n.<\/p>\n\n\n\n<p>Yerko \u00c1valos, electromec\u00e1nico, cree que \u201cel deporte es esencial para las personas, tanto f\u00edsica como mentalmente, as\u00ed que feliz y contento por apoyar a nuestro compa\u00f1ero en sus clasificatorias que realiza en varias ciudades y pa\u00edses, donde \u00e9l ha sacado los primeros lugares en representaci\u00f3n de Calama, que es lo m\u00e1s importante\u201d.<\/p>\n\n\n\n<p>En tanto, Samuel Concha, tambi\u00e9n electromec\u00e1nico, considera que \u201cha sido satisfactorio tenerlo dentro de la l\u00ednea de mantenciones de cambio de motores di\u00e9sel. Pienso que ha sido una buena persona y un buen trabajador que se ha destacado en el deporte y tambi\u00e9n en el trabajo\u201d.<\/p>\n\n\n\n<p>Para Eduardo, \u201cel trabajo en equipo ha sido muy bueno. En el Taller 65 se ve el compa\u00f1erismo, se ven las ganas de que esto surja, porque estamos en un cambio sistem\u00e1tico de lo que es la mantenci\u00f3n mina, as\u00ed que, con el apoyo de todos, estamos tratando de transformarlo para que sea lo mejor posible y aplicar las mejoras continuas que se nos est\u00e1n dando\u201d.<\/p>\n\n\n\n<p>De cara al futuro, se est\u00e1 preparando para competir en abril en el Sudamericano 2025 de R\u00edo de Janeiro y asistir a un homenaje en La Cisterna para las y los medallistas mundiales.&nbsp; Adem\u00e1s, Eduardo espera seguir disfrutando del tenis de mesa y compartir su experiencia entrenando a nuevas generaciones, perpetuando su legado de dedicaci\u00f3n, entrega y excelencia.<\/p>\n","protected":false},"excerpt":{"rendered":"<p>Desde Santiago hasta Chuquicamata, Eduardo Aguirre encontr\u00f3 en la miner\u00eda y el tenis de mesa el equilibrio perfecto para alcanzar grandes logros profesionales y deportivos. Eduardo Ren\u00e9 Aguirre Becker no&hellip;<\/p>\n","protected":false},"author":1,"featured_media":19258,"comment_status":"closed","ping_status":"closed","sticky":false,"template":"","format":"standard","meta":{"_monsterinsights_skip_tracking":false,"_monsterinsights_sitenote_active":false,"_monsterinsights_sitenote_note":"","_monsterinsights_sitenote_category":0,"footnotes":""},"categories":[2221,278],"tags":[6350,3852,4179,960,2888,9976,8595,2488,828,4078,1421],"class_list":["post-19257","post","type-post","status-publish","format-standard","has-post-thumbnail","hentry","category-calama","category-deporte-y-recreacion","tag-aguirre","tag-campeon","tag-chuquicamata","tag-deporte","tag-eduardo","tag-electromecanico","tag-master","tag-mesa","tag-mineria","tag-tenis","tag-trayectoria"],"_links":{"self":[{"href":"https:\/\/antofapop.cl\/index.php\/wp-json\/wp\/v2\/posts\/19257"}],"collection":[{"href":"https:\/\/antofapop.cl\/index.php\/wp-json\/wp\/v2\/posts"}],"about":[{"href":"https:\/\/antofapop.cl\/index.php\/wp-json\/wp\/v2\/types\/post"}],"author":[{"embeddable":true,"href":"https:\/\/antofapop.cl\/index.php\/wp-json\/wp\/v2\/users\/1"}],"replies":[{"embeddable":true,"href":"https:\/\/antofapop.cl\/index.php\/wp-json\/wp\/v2\/comments?post=19257"}],"version-history":[{"count":1,"href":"https:\/\/antofapop.cl\/index.php\/wp-json\/wp\/v2\/posts\/19257\/revisions"}],"predecessor-version":[{"id":19259,"href":"https:\/\/antofapop.cl\/index.php\/wp-json\/wp\/v2\/posts\/19257\/revisions\/19259"}],"wp:featuredmedia":[{"embeddable":true,"href":"https:\/\/antofapop.cl\/index.php\/wp-json\/wp\/v2\/media\/19258"}],"wp:attachment":[{"href":"https:\/\/antofapop.cl\/index.php\/wp-json\/wp\/v2\/media?parent=19257"}],"wp:term":[{"taxonomy":"category","embeddable":true,"href":"https:\/\/antofapop.cl\/index.php\/wp-json\/wp\/v2\/categories?post=19257"},{"taxonomy":"post_tag","embeddable":true,"href":"https:\/\/antofapop.cl\/index.php\/wp-json\/wp\/v2\/tags?post=19257"}],"curies":[{"name":"wp","href":"https:\/\/api.w.org\/{rel}","templated":true}]}}