{"id":19260,"date":"2025-04-08T23:29:49","date_gmt":"2025-04-08T20:29:49","guid":{"rendered":"https:\/\/antofapop.cl\/?p=19260"},"modified":"2025-04-08T23:29:49","modified_gmt":"2025-04-08T20:29:49","slug":"conmemoran-a-gabriela-mistral-con-lectura-colectiva-de-su-obra","status":"publish","type":"post","link":"https:\/\/antofapop.cl\/index.php\/2025\/04\/08\/conmemoran-a-gabriela-mistral-con-lectura-colectiva-de-su-obra\/","title":{"rendered":"Conmemoran a Gabriela Mistral con lectura colectiva de su obra"},"content":{"rendered":"<div class='booster-block booster-read-block'>\n                <div class=\"twp-read-time\">\n                \t<i class=\"booster-icon twp-clock\"><\/i> <span>Tiempo de Lectura:<\/span>1 Minutos, 48 Segundos                <\/div>\n\n            <\/div>\n<p><strong><em>La iniciativa impulsada por el Sistema Nacional de Bibliotecas P\u00fablicas del Servicio Nacional del Patrimonio Cultural, Serpat, y coordinada por la Coordinaci\u00f3n Regional del Bibliotecas P\u00fablicas del Serpat Antofagasta junto a la Red Regional de Clubes de Lectura pretende relevar el natalicio de la poeta chilena como parte de las celebraciones de los 80 a\u00f1os de la entrega del Premio Nobel de Literatura de 1945.<\/em><\/strong><\/p>\n\n\n\n<p>\u201cGabriela, cartograf\u00eda en cinco tiempos\u201d es el nombre del proyecto interregional organizado por la Coordinaci\u00f3n Regional de Bibliotecas P\u00fablicas del Serpat Antofagasta junto a la Red Regional de Clubes de Lectura, como el primer hito de conmemoraci\u00f3n a Gabriela Mistral, en el marco del cumplimiento de los 80 a\u00f1os de la entrega del Premio Nobel de Literatura.&nbsp;<\/p>\n\n\n\n<p>Se trata de una lectura colectiva del poema \u201cPa\u00eds de la ausencia\u201d, la cual dio inicio a estas celebraciones, relevando el d\u00eda su natalicio, lectura que constituye un homenaje de los\/as integrantes de la Red Regional de Clubes de Lectura y que se realiz\u00f3 en bibliotecas y espacios p\u00fablicos de la comuna de Antofagasta.<\/p>\n\n\n\n<p>El director regional del Serpat Antofagasta, Claudio Lagos Guti\u00e9rrez se\u00f1al\u00f3 que este homenaje a la poeta chilena&nbsp; que parte hoy, d\u00eda en que celebramos el natalicio de la escritora nacional, es un reconocimiento a su obra, a trav\u00e9s de la cual nos dimos a conocer al mundo, marcando un hito en la literatura mundial.<\/p>\n\n\n\n<p>\u201cLas celebraciones a la poeta chilena se extender\u00e1n durante todo este a\u00f1o y finalizar\u00e1n el pr\u00f3ximo 10 de diciembre, d\u00eda en que se cumple un nuevo aniversario de la entrega del Premio N\u00f3bel de Literatura en 1945, a la poeta chilena. Ese d\u00eda, tambi\u00e9n se celebrar\u00e1 este hito nacional con la lectura colectiva del poema \u201cLa que camina\u201d, como una forma de relevar no s\u00f3lo su obra, sino tambi\u00e9n su pensamiento y vida\u201d, agreg\u00f3 la autoridad regional.<\/p>\n\n\n\n<p>La actividad, impulsada por el Sistema Nacional de Bibliotecas P\u00fablicas del Servicio Nacional del Patrimonio Cultural, Serpat, se realizar\u00e1 tambi\u00e9n en las regiones de Coquimbo, Valpara\u00edso, Araucan\u00eda y Magallanes y es parte de las actividades organizadas para este 2025 en homenaje a la poeta y su legado literario.<\/p>\n","protected":false},"excerpt":{"rendered":"<p>La iniciativa impulsada por el Sistema Nacional de Bibliotecas P\u00fablicas del Servicio Nacional del Patrimonio Cultural, Serpat, y coordinada por la Coordinaci\u00f3n Regional del Bibliotecas P\u00fablicas del Serpat Antofagasta junto&hellip;<\/p>\n","protected":false},"author":1,"featured_media":19261,"comment_status":"closed","ping_status":"closed","sticky":false,"template":"","format":"standard","meta":{"_monsterinsights_skip_tracking":false,"_monsterinsights_sitenote_active":false,"_monsterinsights_sitenote_note":"","_monsterinsights_sitenote_category":0,"footnotes":""},"categories":[2,197],"tags":[7874,5230,494,5231,296],"class_list":["post-19260","post","type-post","status-publish","format-standard","has-post-thumbnail","hentry","category-antofagasta","category-libros","tag-colectiva","tag-gabriela","tag-lectura","tag-mistral","tag-obra"],"_links":{"self":[{"href":"https:\/\/antofapop.cl\/index.php\/wp-json\/wp\/v2\/posts\/19260"}],"collection":[{"href":"https:\/\/antofapop.cl\/index.php\/wp-json\/wp\/v2\/posts"}],"about":[{"href":"https:\/\/antofapop.cl\/index.php\/wp-json\/wp\/v2\/types\/post"}],"author":[{"embeddable":true,"href":"https:\/\/antofapop.cl\/index.php\/wp-json\/wp\/v2\/users\/1"}],"replies":[{"embeddable":true,"href":"https:\/\/antofapop.cl\/index.php\/wp-json\/wp\/v2\/comments?post=19260"}],"version-history":[{"count":1,"href":"https:\/\/antofapop.cl\/index.php\/wp-json\/wp\/v2\/posts\/19260\/revisions"}],"predecessor-version":[{"id":19262,"href":"https:\/\/antofapop.cl\/index.php\/wp-json\/wp\/v2\/posts\/19260\/revisions\/19262"}],"wp:featuredmedia":[{"embeddable":true,"href":"https:\/\/antofapop.cl\/index.php\/wp-json\/wp\/v2\/media\/19261"}],"wp:attachment":[{"href":"https:\/\/antofapop.cl\/index.php\/wp-json\/wp\/v2\/media?parent=19260"}],"wp:term":[{"taxonomy":"category","embeddable":true,"href":"https:\/\/antofapop.cl\/index.php\/wp-json\/wp\/v2\/categories?post=19260"},{"taxonomy":"post_tag","embeddable":true,"href":"https:\/\/antofapop.cl\/index.php\/wp-json\/wp\/v2\/tags?post=19260"}],"curies":[{"name":"wp","href":"https:\/\/api.w.org\/{rel}","templated":true}]}}