{"id":19384,"date":"2025-04-25T19:09:45","date_gmt":"2025-04-25T16:09:45","guid":{"rendered":"https:\/\/antofapop.cl\/?p=19384"},"modified":"2025-04-25T19:09:46","modified_gmt":"2025-04-25T16:09:46","slug":"carlos-vazquez-savina-el-chileno-que-reinventa-el-tango-en-argentina","status":"publish","type":"post","link":"https:\/\/antofapop.cl\/index.php\/2025\/04\/25\/carlos-vazquez-savina-el-chileno-que-reinventa-el-tango-en-argentina\/","title":{"rendered":"Carlos V\u00e1zquez Savina. El chileno que reinventa el tango en Argentina"},"content":{"rendered":"<div class='booster-block booster-read-block'>\n                <div class=\"twp-read-time\">\n                \t<i class=\"booster-icon twp-clock\"><\/i> <span>Tiempo de Lectura:<\/span>2 Minutos, 14 Segundos                <\/div>\n\n            <\/div>\n<p><em><strong>Invitado de honor en la inauguraci\u00f3n del museo de Chraly Garc\u00eda, mostrando nuevo material y sumando elogios de\u00a0medios y p\u00fablico, el artista regresa a Chile de su m\u00e1s reciente experiencia en Buenos Aires.<\/strong>\u00a0<\/em><\/p>\n\n\n\n<p>&nbsp;<strong>&#8230; Por Marco Antonio Bello. S\u00f3nica Internacional.<\/strong><\/p>\n\n\n\n<p>Con un pie en&nbsp;cada \u00e9poca, Carlos V\u00e1zquez Savina ha desarrollado una est\u00e9tica con denominaci\u00f3n de origen, un sello propio que ha desvelado con maestr\u00eda a lo largo de su carrera, la que, hoy por hoy, lo trae de vuelta a Chile despu\u00e9s de su periplo&nbsp;en la capital trasandina, donde su obra solo cosech\u00f3 elogios. Y es que el m\u00fasico, de fuerte raigambre tanguera, hace de este estilo la greda con que amasija un estilo casi indescriptible. El Pop, el Jazz, el Funk, el Rock, son s\u00f3lo algunos de los matices que presenta la obra de este prestigioso compositor, que hoy llega a tierras chilenas con la maleta llena del cari\u00f1o y aprecio que el respetable argentino mostr\u00f3 por su obra. Lo que llam\u00f3 la atenci\u00f3n medi\u00e1tica, brillando en masivos medios de comunicaci\u00f3n que se sumaron a la aclamaci\u00f3n de su obra y trayectoria.&nbsp;<\/p>\n\n\n\n<p>Adem\u00e1s, el artista fu\u00e9 uno de los invitados de honor en la gala de inauguraci\u00f3n del museo del gran Chraly Garc\u00eda, espacio donde pudo compartir experiencias con grandes estrellas de la m\u00fasica trasandina y latina.&nbsp;<\/p>\n\n\n\n<p>Despu\u00e9s de toda esta gran experiencia exhibiendo su trabajo en Buenos Aires, y que es la antesala de los&nbsp;dos pr\u00f3ximos hitos de su carrera, nuevo single y presentaci\u00f3n en SCD Plaza Ega\u00f1a, el m\u00fasico nos comenta;&nbsp;<em>\u201cLa experiencia de este viaje a Argentina fu\u00e9 incre\u00edble, preciosa; la Expo Charlie Garc\u00eda, con gente que trabaj\u00f3 con \u00e9l desde pr\u00e1cticamente cero&nbsp;hasta hoy, figuras, prensa, acercar en vivo mi&nbsp;m\u00fasica a esta audiencia por primera vez,&nbsp;con una c\u00e1lida y muy sintonizada recepci\u00f3n y finalizando con un programa especial en una masiva Radio&nbsp;FM&nbsp;para toda la provincia de Buenos Aires ! En resumen, nos estamos acercando a una audiencia preciosa,&nbsp;a artistas de los cuales hay mucho que aprender, equipos de producci\u00f3n, colaboradores con los que&nbsp;crecer y artistas con los que uno puede generar mucha sinergia&nbsp;adem\u00e1s de este contacto tan especial con el p\u00fablico.\u201d (&#8230;)<\/em>&nbsp;<\/p>\n\n\n\n<p>El m\u00fasico se presenta el pr\u00f3ximo jueves 24 de mayo en Sala SCD Plaza Ega\u00f1a con su show \u201cTango que Fu\u00edste y Ser\u00e1s\u201d. Y&nbsp;puedes conseguir tus entradas&nbsp;<a href=\"https:\/\/www.portaldisc.com\/evento\/carlosvazquez-en-salascdegana?fbclid=PAZXh0bgNhZW0CMTEAAaeKBD_f0B96TXCbHJCye5yNUvu4i2n4ylck4od7QU1F4Jp_OqFob9K5V_XTZQ_aem_B1c3qNvJGDitsgbucmMLGw\" target=\"_blank\" rel=\"noreferrer noopener\">aqu\u00ed.<\/a>&nbsp;<\/p>\n\n\n\n<p>Adem\u00e1s no te puede perder el programa especial que dedicado por FM Alternativa, uno de los medios radiales m\u00e1s masivos del Gran Buenos Aires. Disfruta su programa&nbsp;<a href=\"https:\/\/www.youtube.com\/live\/QyH3F1jRLrY?si=uQzJ-AC1XPVe8Nfr\" target=\"_blank\" rel=\"noreferrer noopener\">aqu\u00ed.<\/a>&nbsp;(Desde minuto 21:30).<\/p>\n","protected":false},"excerpt":{"rendered":"<p>Invitado de honor en la inauguraci\u00f3n del museo de Chraly Garc\u00eda, mostrando nuevo material y sumando elogios de\u00a0medios y p\u00fablico, el artista regresa a Chile de su m\u00e1s reciente experiencia&hellip;<\/p>\n","protected":false},"author":1,"featured_media":19385,"comment_status":"closed","ping_status":"closed","sticky":false,"template":"","format":"standard","meta":{"_monsterinsights_skip_tracking":false,"_monsterinsights_sitenote_active":false,"_monsterinsights_sitenote_note":"","_monsterinsights_sitenote_category":0,"footnotes":""},"categories":[3],"tags":[417,571,7080,9337,305],"class_list":["post-19384","post","type-post","status-publish","format-standard","has-post-thumbnail","hentry","category-musica-chilena","tag-argentina","tag-carlos","tag-savina","tag-tango","tag-vasquez"],"_links":{"self":[{"href":"https:\/\/antofapop.cl\/index.php\/wp-json\/wp\/v2\/posts\/19384"}],"collection":[{"href":"https:\/\/antofapop.cl\/index.php\/wp-json\/wp\/v2\/posts"}],"about":[{"href":"https:\/\/antofapop.cl\/index.php\/wp-json\/wp\/v2\/types\/post"}],"author":[{"embeddable":true,"href":"https:\/\/antofapop.cl\/index.php\/wp-json\/wp\/v2\/users\/1"}],"replies":[{"embeddable":true,"href":"https:\/\/antofapop.cl\/index.php\/wp-json\/wp\/v2\/comments?post=19384"}],"version-history":[{"count":1,"href":"https:\/\/antofapop.cl\/index.php\/wp-json\/wp\/v2\/posts\/19384\/revisions"}],"predecessor-version":[{"id":19386,"href":"https:\/\/antofapop.cl\/index.php\/wp-json\/wp\/v2\/posts\/19384\/revisions\/19386"}],"wp:featuredmedia":[{"embeddable":true,"href":"https:\/\/antofapop.cl\/index.php\/wp-json\/wp\/v2\/media\/19385"}],"wp:attachment":[{"href":"https:\/\/antofapop.cl\/index.php\/wp-json\/wp\/v2\/media?parent=19384"}],"wp:term":[{"taxonomy":"category","embeddable":true,"href":"https:\/\/antofapop.cl\/index.php\/wp-json\/wp\/v2\/categories?post=19384"},{"taxonomy":"post_tag","embeddable":true,"href":"https:\/\/antofapop.cl\/index.php\/wp-json\/wp\/v2\/tags?post=19384"}],"curies":[{"name":"wp","href":"https:\/\/api.w.org\/{rel}","templated":true}]}}