{"id":19399,"date":"2025-04-25T19:46:19","date_gmt":"2025-04-25T16:46:19","guid":{"rendered":"https:\/\/antofapop.cl\/?p=19399"},"modified":"2025-04-25T19:46:19","modified_gmt":"2025-04-25T16:46:19","slug":"aim-y-puerto-angamos-participan-en-gira-presidencial-a-brasil-para-impulsar-el-corredor-bioceanico","status":"publish","type":"post","link":"https:\/\/antofapop.cl\/index.php\/2025\/04\/25\/aim-y-puerto-angamos-participan-en-gira-presidencial-a-brasil-para-impulsar-el-corredor-bioceanico\/","title":{"rendered":"AIM y Puerto Angamos participan en gira presidencial a Brasil para impulsar el Corredor Bioce\u00e1nico"},"content":{"rendered":"<div class='booster-block booster-read-block'>\n                <div class=\"twp-read-time\">\n                \t<i class=\"booster-icon twp-clock\"><\/i> <span>Tiempo de Lectura:<\/span>1 Minutos, 16 Segundos                <\/div>\n\n            <\/div>\n<p>El gerente general de Puerto Angamos, Jos\u00e9 S\u00e1enz, y presidente de la Asociaci\u00f3n de Industriales de Mejillones (AIM), integr\u00f3 la delegaci\u00f3n empresarial que acompa\u00f1\u00f3 al Presidente Gabriel Boric en su visita de Estado a Brasil, donde uno de los temas centrales fue el desarrollo del Corredor Bioce\u00e1nico.<\/p>\n\n\n\n<p>La presencia de Sa\u00e9nz en esta importante misi\u00f3n diplom\u00e1tica y comercial refleja el rol clave que tendr\u00e1 la bah\u00eda de Mejillones en la implementaci\u00f3n del corredor, que conectar\u00e1 el norte de Chile con Brasil, pasando por Paraguay y Argentina, consolid\u00e1ndose como una plataforma log\u00edstica fundamental para el comercio intrarregional.<\/p>\n\n\n\n<p>&#8220;Todos quienes conformamos el sector industrial y portuario de Mejillones estamos comprometidos con el desarrollo log\u00edstico internacional y la integraci\u00f3n regional.&nbsp; El Corredor Bioce\u00e1nico representa una oportunidad hist\u00f3rica para consolidar a la bah\u00eda de Mejillones como un nodo estrat\u00e9gico para el comercio interoce\u00e1nico, posicion\u00e1ndonos como la puerta de entrada y salida para los productos entre el Atl\u00e1ntico y el Pac\u00edfico&#8221;, se\u00f1al\u00f3 Jos\u00e9 S\u00e1enz.<\/p>\n\n\n\n<p>El Corredor Bioce\u00e1nico busca optimizar la conectividad entre los oc\u00e9anos Atl\u00e1ntico y Pac\u00edfico, generando una ruta m\u00e1s eficiente para el intercambio comercial entre Asia y el MERCOSUR, donde el norte de Chile, espec\u00edficamente la Regi\u00f3n de Antofagasta, juega un papel fundamental.<\/p>\n\n\n\n<p>Puerto Angamos y TGN, con su infraestructura de clase mundial y su ubicaci\u00f3n estrat\u00e9gica en Mejillones, se posicionan como actores relevantes para materializar esta visi\u00f3n de integraci\u00f3n regional que fortalecer\u00e1 el intercambio comercial con Brasil, actualmente el tercer socio econ\u00f3mico de Chile a nivel mundial y el primero en la regi\u00f3n.<\/p>\n","protected":false},"excerpt":{"rendered":"<p>El gerente general de Puerto Angamos, Jos\u00e9 S\u00e1enz, y presidente de la Asociaci\u00f3n de Industriales de Mejillones (AIM), integr\u00f3 la delegaci\u00f3n empresarial que acompa\u00f1\u00f3 al Presidente Gabriel Boric en su&hellip;<\/p>\n","protected":false},"author":1,"featured_media":19400,"comment_status":"closed","ping_status":"closed","sticky":false,"template":"","format":"standard","meta":{"_monsterinsights_skip_tracking":false,"_monsterinsights_sitenote_active":false,"_monsterinsights_sitenote_note":"","_monsterinsights_sitenote_category":0,"footnotes":""},"categories":[6658,2286],"tags":[7375,2952,1240,1197,1195,1366,10005,132],"class_list":["post-19399","post","type-post","status-publish","format-standard","has-post-thumbnail","hentry","category-economia","category-mejillones","tag-aim","tag-angamos","tag-bioceanico","tag-brasil","tag-corredor","tag-gira","tag-presidencial","tag-puerto"],"_links":{"self":[{"href":"https:\/\/antofapop.cl\/index.php\/wp-json\/wp\/v2\/posts\/19399"}],"collection":[{"href":"https:\/\/antofapop.cl\/index.php\/wp-json\/wp\/v2\/posts"}],"about":[{"href":"https:\/\/antofapop.cl\/index.php\/wp-json\/wp\/v2\/types\/post"}],"author":[{"embeddable":true,"href":"https:\/\/antofapop.cl\/index.php\/wp-json\/wp\/v2\/users\/1"}],"replies":[{"embeddable":true,"href":"https:\/\/antofapop.cl\/index.php\/wp-json\/wp\/v2\/comments?post=19399"}],"version-history":[{"count":1,"href":"https:\/\/antofapop.cl\/index.php\/wp-json\/wp\/v2\/posts\/19399\/revisions"}],"predecessor-version":[{"id":19401,"href":"https:\/\/antofapop.cl\/index.php\/wp-json\/wp\/v2\/posts\/19399\/revisions\/19401"}],"wp:featuredmedia":[{"embeddable":true,"href":"https:\/\/antofapop.cl\/index.php\/wp-json\/wp\/v2\/media\/19400"}],"wp:attachment":[{"href":"https:\/\/antofapop.cl\/index.php\/wp-json\/wp\/v2\/media?parent=19399"}],"wp:term":[{"taxonomy":"category","embeddable":true,"href":"https:\/\/antofapop.cl\/index.php\/wp-json\/wp\/v2\/categories?post=19399"},{"taxonomy":"post_tag","embeddable":true,"href":"https:\/\/antofapop.cl\/index.php\/wp-json\/wp\/v2\/tags?post=19399"}],"curies":[{"name":"wp","href":"https:\/\/api.w.org\/{rel}","templated":true}]}}